{"id":257257,"date":"2024-12-13T09:38:53","date_gmt":"2024-12-13T12:38:53","guid":{"rendered":"https:\/\/www.agrobase.com.br\/concursos\/?p=257257"},"modified":"2024-12-13T09:38:53","modified_gmt":"2024-12-13T12:38:53","slug":"concurso-publico-da-ufla-mg-edital-095-2024","status":"publish","type":"post","link":"https:\/\/www.agrobase.com.br\/concursos\/2024\/concurso-publico-da-ufla-mg-edital-095-2024\/","title":{"rendered":"Concurso P\u00fablico da UFLA &#8211; MG | Edital 095\/2024"},"content":{"rendered":"<div class=\"flex max-w-full flex-col flex-grow\">\n<div class=\"min-h-8 text-message flex w-full flex-col items-end gap-2 whitespace-normal break-words text-start [.text-message+&amp;]:mt-5\" dir=\"auto\" data-message-author-role=\"assistant\" data-message-id=\"c034cb64-6ca4-46c4-a0fd-b48976636f65\" data-message-model-slug=\"gpt-4o\">\n<div class=\"flex w-full flex-col gap-1 empty:hidden first:pt-[3px]\">\n<div class=\"markdown prose w-full break-words dark:prose-invert light\">\n<p>Foi lan\u00e7ado o edital para o concurso p\u00fablico da UFLA &#8211; Universidade Federal de Lavras, destinado ao provimento de cargos de Professor Adjunto A, N\u00edvel 1, para diversas \u00e1reas de atua\u00e7\u00e3o no campus de Lavras, Minas Gerais. O concurso visa refor\u00e7ar o quadro permanente da institui\u00e7\u00e3o e se destaca pela ampla oferta de vagas e oportunidades.<\/p>\n<h2><strong>Cargos dispon\u00edveis<\/strong><\/h2>\n<p>As vagas para o concurso p\u00fablico da UFLA est\u00e3o distribu\u00eddas por \u00e1reas espec\u00edficas, com a seguinte exig\u00eancia m\u00ednima de titula\u00e7\u00e3o e regime de trabalho:<\/p>\n<ul>\n<li><strong>Departamento de Agricultura (DAG\/ESAL):<\/strong>\n<ul>\n<li>Agricultura Geral (1 vaga) \u2013 Gradua\u00e7\u00e3o em <a href=\"https:\/\/www.agrobase.com.br\/concursos\/vagas\/agronomia\/\">Agronomia<\/a> ou Engenharia Agron\u00f4mica e Doutorado em Agronomia\/Fitotecnia, Produ\u00e7\u00e3o Vegetal ou Ci\u00eancia do Solo.<\/li>\n<\/ul>\n<\/li>\n<li><strong>Departamento de Medicina Veterin\u00e1ria (DMV\/FZMV):<\/strong>\n<ul>\n<li>Anestesiologia Veterin\u00e1ria (1 vaga) \u2013 Gradua\u00e7\u00e3o em Medicina Veterin\u00e1ria e Doutorado em Ci\u00eancias Veterin\u00e1rias, Medicina Veterin\u00e1ria ou Ci\u00eancia Animal.<\/li>\n<li>Cl\u00ednica M\u00e9dica de Grandes Animais com \u00canfase em Ruminantes e Toxicologia Veterin\u00e1ria (1 vaga) \u2013 Gradua\u00e7\u00e3o em Medicina Veterin\u00e1ria e Doutorado em Ci\u00eancias Veterin\u00e1rias, Medicina Veterin\u00e1ria ou Ci\u00eancia Animal.<\/li>\n<li>Inspe\u00e7\u00e3o de Produtos de Origem Animal \u2013 Leite e Derivados (1 vaga) \u2013 Gradua\u00e7\u00e3o em Medicina Veterin\u00e1ria e Doutorado em Ci\u00eancia Animal, Ci\u00eancias Veterin\u00e1rias, Ci\u00eancia dos Alimentos, Medicina Veterin\u00e1ria ou Tecnologia e Inspe\u00e7\u00e3o de Produtos de Origem Animal.<\/li>\n<\/ul>\n<\/li>\n<li><strong>Departamento de Zootecnia (DZO\/FZMV):<\/strong>\n<ul>\n<li>Avalia\u00e7\u00e3o de Alimentos e Formula\u00e7\u00e3o de Ra\u00e7\u00f5es para Animais Monog\u00e1stricos (1 vaga) \u2013 Gradua\u00e7\u00e3o em Zootecnia, Medicina Veterin\u00e1ria ou Agronomia e Doutorado em Zootecnia ou Ci\u00eancia Animal.<\/li>\n<li>Bioinform\u00e1tica e Estat\u00edstica Aplicada \u00e0 Produ\u00e7\u00e3o de Animais N\u00e3o Ruminantes (1 vaga) \u2013 Gradua\u00e7\u00e3o em Zootecnia, Medicina Veterin\u00e1ria ou Agronomia e Doutorado em Bioinform\u00e1tica e Estat\u00edstica Aplicada \u00e0 Produ\u00e7\u00e3o Animal.<\/li>\n<\/ul>\n<\/li>\n<li><strong>Departamento de Ci\u00eancias do Solo (DCS\/ESAL):<\/strong>\n<ul>\n<li>Nutri\u00e7\u00e3o Mineral de Plantas (1 vaga) \u2013 Doutorado em Ci\u00eancia do Solo, Solos e Nutri\u00e7\u00e3o de Plantas, Fisiologia Vegetal ou Agronomia com concentra\u00e7\u00e3o em Ci\u00eancia do Solo.<\/li>\n<\/ul>\n<\/li>\n<li><strong>Departamento de Ci\u00eancias Sociais Aplicadas (DAE\/FCSA):<\/strong>\n<ul>\n<li>Comunica\u00e7\u00e3o Integrada (1 vaga) \u2013 Gradua\u00e7\u00e3o em Comunica\u00e7\u00e3o ou Administra\u00e7\u00e3o e Doutorado na \u00e1rea.<\/li>\n<li>Comunica\u00e7\u00e3o Visual (1 vaga) \u2013 Gradua\u00e7\u00e3o e Doutorado em Comunica\u00e7\u00e3o.<\/li>\n<li>Produ\u00e7\u00e3o Audiovisual e Tecnologias em Comunica\u00e7\u00e3o (1 vaga) \u2013 Gradua\u00e7\u00e3o em Comunica\u00e7\u00e3o com habilita\u00e7\u00e3o em Jornalismo e Doutorado em Comunica\u00e7\u00e3o.<\/li>\n<li>Produ\u00e7\u00e3o de Textos (1 vaga) \u2013 Gradua\u00e7\u00e3o em Comunica\u00e7\u00e3o com habilita\u00e7\u00e3o em Jornalismo e Doutorado em Comunica\u00e7\u00e3o, Administra\u00e7\u00e3o ou Letras.<\/li>\n<li>M\u00e9todos Quantitativos Aplicados ao Setor P\u00fablico (1 vaga) \u2013 Doutorado em Economia.<\/li>\n<\/ul>\n<\/li>\n<li><strong>Departamento de Direito (DIR\/FCSA):<\/strong>\n<ul>\n<li>Direito Administrativo (1 vaga) \u2013 Gradua\u00e7\u00e3o em Direito e Doutorado em Direito, Administra\u00e7\u00e3o P\u00fablica ou \u00e1reas afins.<\/li>\n<li>Direito do Trabalho e Direito Processual do Trabalho (1 vaga) \u2013 Gradua\u00e7\u00e3o e Doutorado em Direito ou sub\u00e1reas afins, al\u00e9m de inscri\u00e7\u00e3o ativa na OAB.<\/li>\n<li>Direito Tribut\u00e1rio (1 vaga) \u2013 Gradua\u00e7\u00e3o e Doutorado em Direito ou \u00e1reas correlatas, al\u00e9m de inscri\u00e7\u00e3o ativa na OAB.<\/li>\n<\/ul>\n<\/li>\n<li><strong>Departamento de Engenharia (DEG\/EENG):<\/strong>\n<ul>\n<li>Estruturas (1 vaga) \u2013 Gradua\u00e7\u00e3o em Engenharia Civil e Doutorado em Engenharia Civil ou Engenharia de Estruturas.<\/li>\n<li>Geotecnia (1 vaga) \u2013 Gradua\u00e7\u00e3o em Engenharia Civil, Geologia, Engenharia Geol\u00f3gica ou Engenharia de Minas e Doutorado em Geotecnia.<\/li>\n<\/ul>\n<\/li>\n<li><strong>Departamento de F\u00edsica (DFI\/ICN):<\/strong>\n<ul>\n<li>Instrumenta\u00e7\u00e3o, Automa\u00e7\u00e3o e Controle (1 vaga) \u2013 Doutorado em F\u00edsica, Engenharia F\u00edsica ou \u00e1reas afins.<\/li>\n<\/ul>\n<\/li>\n<li><strong>Departamento de Medicina (DME\/FCSA):<\/strong>\n<ul>\n<li>Ortopedia (1 vaga) \u2013 Gradua\u00e7\u00e3o em Medicina com Resid\u00eancia M\u00e9dica ou T\u00edtulo de Especialista em Ortopedia.<\/li>\n<\/ul>\n<\/li>\n<li><strong>Departamento de Letras (DEL\/FAELCH):<\/strong>\n<ul>\n<li>Letramento Acad\u00eamico e Ensino de L\u00edngua Portuguesa (1 vaga) \u2013 Gradua\u00e7\u00e3o em Letras (L\u00edngua Portuguesa) e Doutorado em Letras ou \u00e1reas afins.<\/li>\n<\/ul>\n<\/li>\n<\/ul>\n<h2><strong>Remunera\u00e7\u00e3o e jornada<\/strong><\/h2>\n<p>A remunera\u00e7\u00e3o inicial para o cargo de Professor Adjunto A \u00e9 composta pelo vencimento b\u00e1sico de <strong>R$ 4.875,18<\/strong> e pela Retribui\u00e7\u00e3o por Titula\u00e7\u00e3o (RT), que varia conforme a titula\u00e7\u00e3o. Para doutorado, a remunera\u00e7\u00e3o total \u00e9 de <strong>R$ 10.481,64<\/strong>, considerando o regime de dedica\u00e7\u00e3o exclusiva (40 horas semanais).<\/p>\n<h2><strong>Inscri\u00e7\u00f5es para o concurso p\u00fablico da UFLA<\/strong><\/h2>\n<p>As inscri\u00e7\u00f5es para o concurso p\u00fablico da UFLA devem ser realizadas <strong>exclusivamente pela internet<\/strong>, no <a href=\"https:\/\/progepe.ufla.br\/concursos\/docente\/241-2024\/16835-62\" target=\"_blank\" rel=\"noopener\">site oficial da UFLA<\/a>, entre <strong>11 de dezembro de 2024 e 6 de janeiro de 2025<\/strong>. A taxa de inscri\u00e7\u00e3o \u00e9 de <strong>R$ 240,00<\/strong> e dever\u00e1 ser paga at\u00e9 o \u00faltimo dia do prazo de inscri\u00e7\u00e3o.<\/p>\n<p>Candidatos inscritos no Cad\u00danico ou doadores de medula \u00f3ssea podem solicitar a isen\u00e7\u00e3o da taxa no per\u00edodo de <strong>11 a 16 de dezembro de 2024<\/strong>. O resultado ser\u00e1 divulgado no dia <strong>17 de dezembro de 2024<\/strong>, na \u00e1rea do candidato.<\/p>\n<h2><strong>Sele\u00e7\u00e3o dos candidatos<\/strong><\/h2>\n<p>O concurso p\u00fablico da UFLA ser\u00e1 composto por quatro etapas eliminat\u00f3rias e classificat\u00f3rias:<\/p>\n<ol>\n<li><strong>Prova escrita<\/strong> (dissertativa) \u2013 Car\u00e1ter eliminat\u00f3rio, com temas sorteados no dia da aplica\u00e7\u00e3o.<\/li>\n<li><strong>Prova did\u00e1tica<\/strong> \u2013 Aula expositiva p\u00fablica, com sorteio do tema previamente.<\/li>\n<li><strong>Prova de defesa de Plano de Trabalho<\/strong> \u2013 Apresenta\u00e7\u00e3o das atividades a serem desenvolvidas nos tr\u00eas anos iniciais.<\/li>\n<li><strong>Prova de t\u00edtulos<\/strong> \u2013 Avalia\u00e7\u00e3o do curr\u00edculo e produ\u00e7\u00e3o acad\u00eamica.<\/li>\n<\/ol>\n<p>As provas ter\u00e3o in\u00edcio a partir de <strong>3 de fevereiro de 2025<\/strong>, na cidade de Lavras-MG.<\/p>\n<h2><strong>Resultado e vig\u00eancia<\/strong><\/h2>\n<p>O resultado final do concurso p\u00fablico da UFLA ser\u00e1 divulgado na p\u00e1gina do edital e homologado no <strong>Di\u00e1rio Oficial da Uni\u00e3o<\/strong>, respeitando a ordem de classifica\u00e7\u00e3o. O concurso ter\u00e1 validade de <strong>dois anos<\/strong>, podendo ser prorrogado por igual per\u00edodo, conforme necessidade da UFLA.<\/p>\n<p>Para mais informa\u00e7\u00f5es, acesse o edital completo dispon\u00edvel aqui no site. Essa \u00e9 uma oportunidade imperd\u00edvel para profissionais que buscam uma carreira s\u00f3lida na \u00e1rea acad\u00eamica em uma das institui\u00e7\u00f5es mais renomadas do Brasil.<\/p>\n<\/div>\n<\/div>\n<\/div>\n<\/div>\n","protected":false},"excerpt":{"rendered":"<p>Foi lan\u00e7ado o edital para o concurso p\u00fablico da UFLA &#8211; Universidade Federal de Lavras, destinado ao provimento de cargos de Professor Adjunto A, N\u00edvel 1, para diversas \u00e1reas de atua\u00e7\u00e3o no campus de Lavras, Minas Gerais. O concurso visa refor\u00e7ar o quadro permanente da institui\u00e7\u00e3o e se destaca pela ampla oferta de vagas e [&hellip;]<\/p>\n","protected":false},"author":5229,"featured_media":257262,"comment_status":"open","ping_status":"open","sticky":false,"template":"","format":"standard","meta":{"_acf_changed":false,"_breakdance_hide_in_design_set":false,"_breakdance_tags":"","footnotes":""},"categories":[3,4,120,10,117,95,14,103,142,122,20,22,28],"tags":[50],"_amplo":[6428],"destaque":[],"instituicoes":[454],"class_list":["post-257257","post","type-post","status-publish","format-standard","has-post-thumbnail","hentry","category-administracao","category-agronomia","category-comunicacao-social","category-direito","category-economia","category-engenharia-agricola","category-engenharia","category-engenharia-eletrica","category-engenharia-eletronica","category-fisica","category-letras","category-veterinaria","category-zootecnia","tag-minas-gerais","_amplo-nivel-superior","instituicoes-universidade-federal-de-lavras-ufla"],"acf":{"_tipo_vagas":"vagas","_numero_vagas":20,"_quadro_vagas":"","_cargos":"professores","_cargos_especificos":"","_salario_max":"R$ 10.481,64","_abertura":"20241211","_encerramento":"20250106","_inscricoes":"https:\/\/progepe.ufla.br\/concursos\/docente\/241-2024\/16835-62","_executora_concurso":"","_instituicao_concurso":[454],"_link_adicional":null,"_anexos":[{"_arquivo_anexo":257258,"_titulo_anexo":"Edital 65\/2024"}],"_produtos":null,"_vagas":"","_salario_min":"","_instituicao":"","_edital":"","_anexos_edital":"","_fund_incompleto":"","_fund_completo":"","_medio":"","_superior":""},"_links":{"self":[{"href":"https:\/\/www.agrobase.com.br\/concursos\/wp-json\/wp\/v2\/posts\/257257","targetHints":{"allow":["GET"]}}],"collection":[{"href":"https:\/\/www.agrobase.com.br\/concursos\/wp-json\/wp\/v2\/posts"}],"about":[{"href":"https:\/\/www.agrobase.com.br\/concursos\/wp-json\/wp\/v2\/types\/post"}],"author":[{"embeddable":true,"href":"https:\/\/www.agrobase.com.br\/concursos\/wp-json\/wp\/v2\/users\/5229"}],"replies":[{"embeddable":true,"href":"https:\/\/www.agrobase.com.br\/concursos\/wp-json\/wp\/v2\/comments?post=257257"}],"version-history":[{"count":0,"href":"https:\/\/www.agrobase.com.br\/concursos\/wp-json\/wp\/v2\/posts\/257257\/revisions"}],"acf:term":[{"embeddable":true,"taxonomy":"instituicoes","href":"https:\/\/www.agrobase.com.br\/concursos\/wp-json\/wp\/v2\/instituicoes\/454"}],"wp:featuredmedia":[{"embeddable":true,"href":"https:\/\/www.agrobase.com.br\/concursos\/wp-json\/wp\/v2\/media\/257262"}],"wp:attachment":[{"href":"https:\/\/www.agrobase.com.br\/concursos\/wp-json\/wp\/v2\/media?parent=257257"}],"wp:term":[{"taxonomy":"category","embeddable":true,"href":"https:\/\/www.agrobase.com.br\/concursos\/wp-json\/wp\/v2\/categories?post=257257"},{"taxonomy":"post_tag","embeddable":true,"href":"https:\/\/www.agrobase.com.br\/concursos\/wp-json\/wp\/v2\/tags?post=257257"},{"taxonomy":"_amplo","embeddable":true,"href":"https:\/\/www.agrobase.com.br\/concursos\/wp-json\/wp\/v2\/_amplo?post=257257"},{"taxonomy":"destaque","embeddable":true,"href":"https:\/\/www.agrobase.com.br\/concursos\/wp-json\/wp\/v2\/destaque?post=257257"},{"taxonomy":"instituicoes","embeddable":true,"href":"https:\/\/www.agrobase.com.br\/concursos\/wp-json\/wp\/v2\/instituicoes?post=257257"}],"curies":[{"name":"wp","href":"https:\/\/api.w.org\/{rel}","templated":true}]}}