{"id":255571,"date":"2024-11-12T07:30:10","date_gmt":"2024-11-12T10:30:10","guid":{"rendered":"https:\/\/www.agrobase.com.br\/concursos\/?p=255571"},"modified":"2024-11-19T11:39:21","modified_gmt":"2024-11-19T14:39:21","slug":"processo-seletivo-de-luzerna-sc-edital-009-2024","status":"publish","type":"post","link":"https:\/\/www.agrobase.com.br\/concursos\/2024\/processo-seletivo-de-luzerna-sc-edital-009-2024\/","title":{"rendered":"Processo Seletivo de Luzerna &#8211; SC | Edital 009\/2024"},"content":{"rendered":"<p>A Prefeitura de Luzerna &#8211; SC divulgou a abertura de inscri\u00e7\u00f5es para um novo Processo Seletivo, que tem como objetivo formar cadastro reserva de n\u00edvel m\u00e9dio e superior.<\/p>\n<p>Segundo o edital, as oportunidades s\u00e3o para os cargos de: Atendente de Farm\u00e1cia; Monitor de Inform\u00e1tica; T\u00e9cnico em Enfermagem; Assistente Social; M\u00e9dico Especialista &#8211; Pediatra; M\u00e9dico Generalista; Professor de Ensino Fundamental &#8211; S\u00e9ries Iniciais; Professor de Ensino Fundamental &#8211; Ci\u00eancias; Professor de Ensino Fundamental &#8211; Geografia; Professor de Ensino Fundamental &#8211; Hist\u00f3ria; Professor de Ensino Fundamental &#8211; Matem\u00e1tica; Professor de Ensino Fundamental &#8211; Portugu\u00eas; Professor de Ensino Fundamental &#8211; Artes; Professor de Ensino Fundamental &#8211; Dan\u00e7a; Professor de Ensino Fundamental &#8211; Ensino Religioso; Professor de Ensino Fundamental &#8211; Educa\u00e7\u00e3o F\u00edsica; Professor de Ensino Fundamental &#8211; Ingl\u00eas; Professor de Atendimento Educacional Especializado &#8211; AEE; Monitor Social &#8211; CRAS; Facilitador de Oficinas &#8211; Capoeira &#8211; CRAS.<\/p>\n<p>Ao serem admitidos, os profissionais dever\u00e3o atuar em jornada de 40 horas semanais de trabalho, com remunera\u00e7\u00e3o mensal no valor que varia de R$ 1.988,59 a R$ 22.802,82.<\/p>\n<p>Os interessados podem se inscrever exclusivamente via internet, no per\u00edodo de 08 de novembro de 2024 at\u00e9 as 14h do dia 21 de novembro de 2024, observado o hor\u00e1rio oficial de Bras\u00edlia &#8211; DF, no site da Aprender SC. O valor da taxa de inscri\u00e7\u00e3o varia de R$ 80,00 a R$ 100,00.<\/p>\n","protected":false},"excerpt":{"rendered":"<p>A Prefeitura de Luzerna &#8211; SC divulgou a abertura de inscri\u00e7\u00f5es para um novo Processo Seletivo, que tem como objetivo formar cadastro reserva de n\u00edvel m\u00e9dio e superior.<\/p>\n","protected":false},"author":7,"featured_media":255577,"comment_status":"open","ping_status":"open","sticky":false,"template":"","format":"standard","meta":{"_acf_changed":false,"_breakdance_hide_in_design_set":false,"_breakdance_tags":"","footnotes":""},"categories":[6433,141,6434,111,100,20,116,21,25,101,108],"tags":[61],"_amplo":[6427],"destaque":[],"instituicoes":[2448],"class_list":["post-255571","post","type-post","status-publish","format-standard","has-post-thumbnail","hentry","category-biologia-licenciatura","category-educacao-artistica","category-educacao-fisica-licenciatura","category-geografia","category-historia","category-letras","category-matematica","category-medicina","category-pedagogia","category-servico-social","category-tecnico-enfermagem","tag-santa-catarina","_amplo-nivel-medio","instituicoes-prefeitura-municipal-de-luzerna-sc"],"acf":{"_tipo_vagas":"cadastro de reserva","_numero_vagas":"","_quadro_vagas":"","_cargos":"diversos","_cargos_especificos":"","_salario_max":"R$ 22.802,82","_abertura":"20241108","_encerramento":"20241121","_inscricoes":"http:\/\/www.aprendersc.srv.br\/","_executora_concurso":40581,"_instituicao_concurso":[2448],"_link_adicional":null,"_anexos":[{"_arquivo_anexo":255575,"_titulo_anexo":"Edital 009\/2024"}],"_produtos":null,"_vagas":"","_salario_min":"","_instituicao":"","_edital":"","_anexos_edital":"","_fund_incompleto":"","_fund_completo":"","_medio":"","_superior":""},"_links":{"self":[{"href":"https:\/\/www.agrobase.com.br\/concursos\/wp-json\/wp\/v2\/posts\/255571","targetHints":{"allow":["GET"]}}],"collection":[{"href":"https:\/\/www.agrobase.com.br\/concursos\/wp-json\/wp\/v2\/posts"}],"about":[{"href":"https:\/\/www.agrobase.com.br\/concursos\/wp-json\/wp\/v2\/types\/post"}],"author":[{"embeddable":true,"href":"https:\/\/www.agrobase.com.br\/concursos\/wp-json\/wp\/v2\/users\/7"}],"replies":[{"embeddable":true,"href":"https:\/\/www.agrobase.com.br\/concursos\/wp-json\/wp\/v2\/comments?post=255571"}],"version-history":[{"count":0,"href":"https:\/\/www.agrobase.com.br\/concursos\/wp-json\/wp\/v2\/posts\/255571\/revisions"}],"acf:term":[{"embeddable":true,"taxonomy":"instituicoes","href":"https:\/\/www.agrobase.com.br\/concursos\/wp-json\/wp\/v2\/instituicoes\/2448"}],"acf:post":[{"embeddable":true,"href":"https:\/\/www.agrobase.com.br\/concursos\/wp-json\/wp\/v2\/executora\/40581"}],"wp:featuredmedia":[{"embeddable":true,"href":"https:\/\/www.agrobase.com.br\/concursos\/wp-json\/wp\/v2\/media\/255577"}],"wp:attachment":[{"href":"https:\/\/www.agrobase.com.br\/concursos\/wp-json\/wp\/v2\/media?parent=255571"}],"wp:term":[{"taxonomy":"category","embeddable":true,"href":"https:\/\/www.agrobase.com.br\/concursos\/wp-json\/wp\/v2\/categories?post=255571"},{"taxonomy":"post_tag","embeddable":true,"href":"https:\/\/www.agrobase.com.br\/concursos\/wp-json\/wp\/v2\/tags?post=255571"},{"taxonomy":"_amplo","embeddable":true,"href":"https:\/\/www.agrobase.com.br\/concursos\/wp-json\/wp\/v2\/_amplo?post=255571"},{"taxonomy":"destaque","embeddable":true,"href":"https:\/\/www.agrobase.com.br\/concursos\/wp-json\/wp\/v2\/destaque?post=255571"},{"taxonomy":"instituicoes","embeddable":true,"href":"https:\/\/www.agrobase.com.br\/concursos\/wp-json\/wp\/v2\/instituicoes?post=255571"}],"curies":[{"name":"wp","href":"https:\/\/api.w.org\/{rel}","templated":true}]}}