{"id":251653,"date":"2024-09-03T08:55:04","date_gmt":"2024-09-03T11:55:04","guid":{"rendered":"https:\/\/www.agrobase.com.br\/concursos\/?p=251653"},"modified":"2024-09-03T08:55:58","modified_gmt":"2024-09-03T11:55:58","slug":"concurso-publico-de-paraty-rj-edital-001-2024","status":"publish","type":"post","link":"https:\/\/www.agrobase.com.br\/concursos\/2024\/concurso-publico-de-paraty-rj-edital-001-2024\/","title":{"rendered":"Concurso P\u00fablico de Paraty &#8211; RJ | Edital 001\/2024"},"content":{"rendered":"<p>Est\u00e1 aberto novo Concurso P\u00fablico de <a title=\"Prefeitura de Paraty\" href=\"https:\/\/www.paraty.rj.gov.br\/\" target=\"_blank\" rel=\"noopener\">Paraty &#8211; RJ<\/a>, o qual deve selecionar profissionais para 312 vagas efetivas.<\/p>\n<h2>Cargos<\/h2>\n<p>Ser\u00e1 um total de <strong>312 vagas<\/strong>, divididas entre as seguintes fun\u00e7\u00f5es e cargos de n\u00edveis fundamental, m\u00e9dio, t\u00e9cnico e superior.<\/p>\n<p><em>Agente de Seguran\u00e7a Escolar; Auxiliar de Biblioteca (1 vaga); Auxiliar de Consult\u00f3rio Dent\u00e1rio; Auxiliar de Laborat\u00f3rio; Guarda Sanit\u00e1rio (5 vagas); Motorista (15 vagas); Agente Ambiental (3 vagas); Agente de Apoio \u00e0 Educa\u00e7\u00e3o Especial (23 vagas); Agente de Atividades Escolares (1 vaga); Agente de Defesa Civil (9 vagas); Agente de Desenvolvimento Infantil (7 vagas); Agente de Informa\u00e7\u00e3o Tur\u00edstica Bil\u00edngue (2 vagas); Agente de Informa\u00e7\u00f5es Tur\u00edsticas (2 vagas); Agente Fiscal de Pesca (1 vaga); Almoxarife; Animador Cultural (1 vaga); Auxiliar de Farm\u00e1cia; Cadastrador; Cuidador Social (4 vagas); Escritur\u00e1rio (15 vagas); Faturista; Fiscal de Meio Ambiente (2 vagas); Fiscal de Transporte Urbano; Fiscal de Tributos (2 vagas); Fiscal Sanit\u00e1rio (1 vaga); Indigenista; Monitor de Transporte Escolar; Monitor Social (6 vagas); Recreador; Secret\u00e1rio Escolar; T\u00e9cnico de Arquivo; T\u00e9cnico de Controle Interno (2 vagas); T\u00e9cnico de Enfermagem (10 vagas); T\u00e9cnico de Enfermagem ESF (4 vagas); T\u00e9cnico de Hematologia; T\u00e9cnico de Higiene Dental; T\u00e9cnico de Laborat\u00f3rio de An\u00e1lises (2 vagas); T\u00e9cnico de Procuradoria (1 vaga); T\u00e9cnico de Radiologia; T\u00e9cnico de Raio X; T\u00e9cnico de Recursos Humanos (3 vagas); T\u00e9cnicos de Turismo (1 vaga); T\u00e9cnico em Pr\u00f3tese Dent\u00e1ria; T\u00e9cnico em Seguran\u00e7a do Trabalho (1 vaga); T\u00e9cnico de Imobiliza\u00e7\u00e3o Ortop\u00e9dica; Tesoureiro (2 vagas); Analista de Procuradoria (1 vaga); Analista de Sistema; Arquiteto; Assistente Social (5 vagas); Auditor de Controle Interno (3 vagas); Bacharel em Turismo (1 vaga); Bibliotec\u00e1rio; Bi\u00f3logo (3 vagas); Bioqu\u00edmico (2 vagas); Contador (4 vagas); Enfermeiro (2 vagas); Enfermeiro ESF (2 vagas); Engenheiro Agr\u00f4nomo (1 vaga); Engenheiro Civil (1 vaga); Engenheiro de Tr\u00e2nsito; Engenheiro Florestal (1 vaga); Engenheiro Sanitarista (1 vaga); Farmac\u00eautico (3 vagas); Fisioterapeuta (1 vaga); Fonoaudi\u00f3logo (1 vaga); Ge\u00f3logo; Jornalista (1 vaga); M\u00e9dico (1 vaga); M\u00e9dico Cardiologista (1 vaga); M\u00e9dico Dermatologista; M\u00e9dico do Trabalho (1 vaga); M\u00e9dico ESF (4 vagas); M\u00e9dico Gastroenterologista (1 vaga); M\u00e9dico Ginecologista (1 vaga); M\u00e9dico Infectologista; M\u00e9dico Oftalmologista; M\u00e9dico Ortopedista (1 vaga); M\u00e9dico Otorrinolaringologista (1 vaga); M\u00e9dica Pediatra; M\u00e9dico Plantonista Anestesista; M\u00e9dico Plantonista Cirurgi\u00e3o; M\u00e9dico Plantonista Cl\u00ednico Socorrista; M\u00e9dico Plantonista Ginecologista; M\u00e9dico Plantonista Pediatra Neonatal; M\u00e9dico Pneumologista (1 vaga); M\u00e9dico Psiquiatra (3 vagas); M\u00e9dico Radiologista; M\u00e9dico Urologista (1 vaga); Nutricionista (2 vagas); Ocean\u00f3grafo; Odont\u00f3logo (3 vagas); Orientador Educacional; Professor de Educa\u00e7\u00e3o B\u00e1sica I (73 vagas); Professor de Educa\u00e7\u00e3o B\u00e1sica II &#8211; Artes (5 vagas); Professor de Educa\u00e7\u00e3o B\u00e1sica II &#8211; Ci\u00eancias (5 vagas); Professor de Educa\u00e7\u00e3o B\u00e1sica II &#8211; Educa\u00e7\u00e3o F\u00edsica (4 vagas); Professor de Educa\u00e7\u00e3o B\u00e1sica II &#8211; Geografia (5 vagas); Professor de Educa\u00e7\u00e3o B\u00e1sica II &#8211; Hist\u00f3ria (5 vagas); Professor de Educa\u00e7\u00e3o B\u00e1sica II &#8211; L\u00edngua Inglesa (3 vagas); Professor de Educa\u00e7\u00e3o B\u00e1sica II &#8211; L\u00edngua Portuguesa (7 vagas); Professor de Educa\u00e7\u00e3o B\u00e1sica II &#8211; Matem\u00e1tica (6 vagas); Professor de Educa\u00e7\u00e3o F\u00edsica (3 vagas); Psic\u00f3logo (14 vagas); Supervisor de Ensino; Terapeuta Ocupacional (1 vaga); Veterin\u00e1rio (1 vaga)<\/em><\/p>\n<p>Os sal\u00e1rios variam entre <strong>R$ 1.992,23<\/strong> a <strong>R$ 10.066,14<\/strong> mensais, para atua\u00e7\u00e3o em jornadas de trabalho de <strong>20h<\/strong> at\u00e9 <strong>40 horas por semana<\/strong>.<\/p>\n<h2>Inscri\u00e7\u00f5es<\/h2>\n<p>As inscri\u00e7\u00f5es ser\u00e3o recebidas no per\u00edodo de <strong>30 de agosto de 2024<\/strong> at\u00e9 <strong>30 de setembro de 2024<\/strong>, atrav\u00e9s do acesso dos interessados ao website do Avan\u00e7a SP.<\/p>\n<p>Cada inscri\u00e7\u00e3o ter\u00e1 cobran\u00e7a de taxas entre os seguintes valores <strong>R$ 51,00<\/strong> a <strong>R$ 90,00<\/strong>, de acordo com a escolaridade exigida pelo cargo de interesse.<\/p>\n<h2>Provas<\/h2>\n<ol>\n<li><strong>Prova objetiva:<\/strong> para todos os cargos.<\/li>\n<li><strong>Prova discursiva,<\/strong> para o cargo de Analista de Procuradoria.<\/li>\n<li><strong>Prova de t\u00edtulos,<\/strong> para os cargos de Analista de Procuradoria, Jornalista, Orientador Educacional, Professores (todos) e Supervisor de Ensino.<\/li>\n<\/ol>\n<h2>Resultados<\/h2>\n<p>O resultado final ser\u00e1 postado atrav\u00e9s do site da organizadora, a partir do dia <strong>20 de dezembro de 2024<\/strong>.<\/p>\n","protected":false},"excerpt":{"rendered":"<p>Est\u00e1 aberto novo Concurso P\u00fablico de Paraty &#8211; PR, o qual deve selecionar profissionais para 312 vagas efetivas.<\/p>\n","protected":false},"author":7,"featured_media":251658,"comment_status":"open","ping_status":"open","sticky":false,"template":"","format":"standard","meta":{"_acf_changed":false,"_breakdance_hide_in_design_set":false,"_breakdance_tags":"","footnotes":""},"categories":[4,5,94,6,6433,106,9,10,141,6434,12,14,15,16,17,18,19,111,115,100,99,20,116,21,22,23,98,24,26,101,31,108,161,157,134],"tags":[56],"_amplo":[6427],"destaque":[],"instituicoes":[2972],"class_list":["post-251653","post","type-post","status-publish","format-standard","has-post-thumbnail","hentry","category-agronomia","category-arquitetura","category-biblioteconomia","category-biologia","category-biologia-licenciatura","category-bioquimica","category-ciencias-contabeis","category-direito","category-educacao-artistica","category-educacao-fisica-licenciatura","category-enfermagem","category-engenharia","category-engenharia-florestal","category-engenharia-sanitaria","category-farmacia","category-fisioterapia","category-fonoaudiologia","category-geografia","category-geologia","category-historia","category-jornalismo","category-letras","category-matematica","category-medicina","category-veterinaria","category-nutricao","category-oceanografia","category-odontologia","category-psicologia","category-servico-social","category-tecnico-ambiental","category-tecnico-enfermagem","category-tecnico-laboratorio","category-tecnico-seguranca-trabalho","category-terapia-ocupacional","tag-rio-de-janeiro","_amplo-nivel-medio","instituicoes-prefeitura-municipal-de-paraty-rj"],"acf":{"_tipo_vagas":"vagas","_numero_vagas":312,"_quadro_vagas":251656,"_cargos":"diversos","_cargos_especificos":"","_salario_max":"R$ 10.066,14","_abertura":"20240830","_encerramento":"20240930","_inscricoes":"https:\/\/www.avancasp.org.br\/","_executora_concurso":143980,"_instituicao_concurso":[2972],"_link_adicional":null,"_anexos":[{"_arquivo_anexo":251655,"_titulo_anexo":"Edital 001\/2024"}],"_produtos":null,"_vagas":"","_salario_min":"","_instituicao":"","_edital":"","_anexos_edital":"","_fund_incompleto":"","_fund_completo":"","_medio":"","_superior":""},"_links":{"self":[{"href":"https:\/\/www.agrobase.com.br\/concursos\/wp-json\/wp\/v2\/posts\/251653","targetHints":{"allow":["GET"]}}],"collection":[{"href":"https:\/\/www.agrobase.com.br\/concursos\/wp-json\/wp\/v2\/posts"}],"about":[{"href":"https:\/\/www.agrobase.com.br\/concursos\/wp-json\/wp\/v2\/types\/post"}],"author":[{"embeddable":true,"href":"https:\/\/www.agrobase.com.br\/concursos\/wp-json\/wp\/v2\/users\/7"}],"replies":[{"embeddable":true,"href":"https:\/\/www.agrobase.com.br\/concursos\/wp-json\/wp\/v2\/comments?post=251653"}],"version-history":[{"count":0,"href":"https:\/\/www.agrobase.com.br\/concursos\/wp-json\/wp\/v2\/posts\/251653\/revisions"}],"acf:term":[{"embeddable":true,"taxonomy":"instituicoes","href":"https:\/\/www.agrobase.com.br\/concursos\/wp-json\/wp\/v2\/instituicoes\/2972"}],"acf:post":[{"embeddable":true,"href":"https:\/\/www.agrobase.com.br\/concursos\/wp-json\/wp\/v2\/executora\/143980"}],"wp:featuredmedia":[{"embeddable":true,"href":"https:\/\/www.agrobase.com.br\/concursos\/wp-json\/wp\/v2\/media\/251658"}],"wp:attachment":[{"href":"https:\/\/www.agrobase.com.br\/concursos\/wp-json\/wp\/v2\/media?parent=251653"}],"wp:term":[{"taxonomy":"category","embeddable":true,"href":"https:\/\/www.agrobase.com.br\/concursos\/wp-json\/wp\/v2\/categories?post=251653"},{"taxonomy":"post_tag","embeddable":true,"href":"https:\/\/www.agrobase.com.br\/concursos\/wp-json\/wp\/v2\/tags?post=251653"},{"taxonomy":"_amplo","embeddable":true,"href":"https:\/\/www.agrobase.com.br\/concursos\/wp-json\/wp\/v2\/_amplo?post=251653"},{"taxonomy":"destaque","embeddable":true,"href":"https:\/\/www.agrobase.com.br\/concursos\/wp-json\/wp\/v2\/destaque?post=251653"},{"taxonomy":"instituicoes","embeddable":true,"href":"https:\/\/www.agrobase.com.br\/concursos\/wp-json\/wp\/v2\/instituicoes?post=251653"}],"curies":[{"name":"wp","href":"https:\/\/api.w.org\/{rel}","templated":true}]}}