{"id":249878,"date":"2024-09-05T07:10:08","date_gmt":"2024-09-05T10:10:08","guid":{"rendered":"https:\/\/www.agrobase.com.br\/concursos\/?p=249878"},"modified":"2024-09-04T11:03:49","modified_gmt":"2024-09-04T14:03:49","slug":"concurso-publico-de-feira-de-santana-ba-edital-001-2024","status":"publish","type":"post","link":"https:\/\/www.agrobase.com.br\/concursos\/2024\/concurso-publico-de-feira-de-santana-ba-edital-001-2024\/","title":{"rendered":"Concurso P\u00fablico de Feira de Santana &#8211; BA | Edital 001\/2024 [prorrogado]"},"content":{"rendered":"<p>Abertas as inscri\u00e7\u00f5es do Concurso P\u00fablico de <a href=\"https:\/\/www.feiradesantana.ba.gov.br\/\" target=\"_blank\" title=\"Prefeitura de Feira de Santana\" rel=\"noopener\">Feira de Santana &#8211; BA<\/a>, o qual visa preenchimento imediato de mais de 500 vagas.<\/p>\n<h2>Cargos<\/h2>\n<p>Ao todo os cargos somam 567 vagas, divididas entre fun\u00e7\u00f5es de n\u00edvel fundamental, m\u00e9dio, t\u00e9cnico e superior, divididos entre as seguintes cargos:<\/p>\n<p><em>Agente Comunit\u00e1rio de Sa\u00fade (60 vagas); Agente de Combate a Endemias (60 vagas); Agente de Portaria (10 vagas); Agente de Tr\u00e2nsito (6 vagas); Agente de Vigil\u00e2ncia Sanit\u00e1ria (10 vagas); Almoxarife (2 vagas); Assistente Administrativo (56 vagas); Desenhista (1 vaga); Fiscal de Servi\u00e7os P\u00fablicos (10 vagas); Guarda Municipal (10 vagas); Int\u00e9rprete de L\u00edngua Brasileira de Sinais (10 vagas); Motorista (2 vagas); Motorista de Ambul\u00e2ncia (10 vagas); Orientador Social (5 vagas); T\u00e9cnico em Administra\u00e7\u00e3o Hospitalar (5 vagas); T\u00e9cnico em Agropecu\u00e1ria (10 vagas); T\u00e9cnico em Enfermagem (20 vagas); T\u00e9cnico em Radiologia (2 vagas); T\u00e9cnico em Seguran\u00e7a do Trabalho (5 vagas); Administrador (3 vagas); Analista de Sistemas (5 vagas); Analista Jur\u00eddico (10 vagas); Arquiteto (4 vagas); Assistente Social (10 vagas); Auditor Fiscal (3 vagas); Bibliotec\u00e1rio (2 vagas); Bi\u00f3logo (1 vaga); Bioqu\u00edmico (1 vaga); Contador (5 vagas); Coordenador Administrativo (5 vagas); Economista (1 vaga); Enfermeiro (25 vagas); Enfermeiro do Trabalho (1 vaga); Engenheiro Civil (5 vagas); Engenheiro Agr\u00f4nomo (2 vagas); Engenheiro Ambiental (2 vagas); Engenheiro de Seguran\u00e7a do Trabalho (1 vaga); Engenheiro de Tr\u00e2nsito (1 vaga); Engenheiro Qu\u00edmico (1 vaga); Farmac\u00eautico (2 vagas); Ge\u00f3logo (1 vaga); Jornalista (5 vagas); Nutricionista (2 vagas); Pedagogo (10 vagas); Professor &#8211; Arte (5 vagas); Professor &#8211; Ci\u00eancias (5 vagas); Professor &#8211; Educa\u00e7\u00e3o F\u00edsica (5 vagas); Professor &#8211; Geografia (5 vagas); Professor &#8211; Hist\u00f3ria (5 vagas); Professor &#8211; L\u00edngua Inglesa (5 vagas); Professor &#8211; L\u00edngua Portuguesa (10 vagas); Professor &#8211; Matem\u00e1tica (10 vagas); Professor &#8211; Pedagogia (100 vagas); Programador de Computador (3 vagas); Psic\u00f3logo (10 vagas); Rep\u00f3rter Fotogr\u00e1fico (1 vaga); Soci\u00f3logo (1 vaga)<\/em><\/p>\n<h2>Remunera\u00e7\u00e3o<\/h2>\n<p>De acordo com o edital de abertura do Concurso P\u00fablico da Prefeitura de Feira de Santana, na Bahia, os sal\u00e1rios variam entre <strong>R$ 1.468,48<\/strong> a <strong>R$ 3.306,28<\/strong>, para jornadas de 20h at\u00e9 40 horas na semana.<\/p>\n<h2>Inscri\u00e7\u00f5es<\/h2>\n<p>Quem quiser se inscrever poder\u00e3o faz\u00ea-lo a partir das 10h do dia <strong>31 de julho de 2024<\/strong> at\u00e9 as 23h do dia <strong>12 de setembro de 2024<\/strong>, pelo site do IBFC, com taxas de inscri\u00e7\u00e3o entre <strong>R$ 65,00<\/strong> a <strong>R$ 103,00<\/strong>.<\/p>\n<h2>Etapas<\/h2>\n<ol>\n<li><strong>Prova Objetiva:<\/strong> prevista para o dia <strong>20 de outubro de 2024<\/strong>.<\/li>\n<li><strong>Prova Discursiva<\/strong> para os cargos de Administrador, Analista Jur\u00eddico, Advogado, Auditor Fiscal, Coordenador Administrativo, Economista, Jornalista, Pedagogo, Procurador Municipal, Professor (todas as \u00e1reas) e Rep\u00f3rter Fotogr\u00e1fico.<\/li>\n<li><strong>Prova Pr\u00e1tica<\/strong> para os cargos de Motorista e Motorista de Ambul\u00e2ncia.<\/li>\n<li><strong>Exame de Aptid\u00e3o F\u00edsica e exame psicol\u00f3gico<\/strong> para o cargo de Guarda Municipal.<\/li>\n<li><strong>Prova de T\u00edtulos<\/strong> para os cargos de n\u00edvel superior e Guarda Municipal.<\/li>\n<\/ol>\n<h2>Resultados<\/h2>\n<p>O Resultado Final deste Concurso P\u00fablico ser\u00e1 publicado nos endere\u00e7os eletr\u00f4nicos www.ibfc.org.br, www.feiradesantana.ba.gov.br e no Di\u00e1rio Oficial do Munic\u00edpio de Feira de Santana &#8211; www.diariooficial.feiradesantana.ba.gov.br.<\/p>\n","protected":false},"excerpt":{"rendered":"<p>Abertas as inscri\u00e7\u00f5es do Concurso P\u00fablico de Feira de Santana &#8211; BA, o qual visa preenchimento imediato de mais de 500 vagas.<\/p>\n","protected":false},"author":7,"featured_media":249883,"comment_status":"open","ping_status":"open","sticky":false,"template":"","format":"standard","meta":{"_acf_changed":false,"_breakdance_hide_in_design_set":false,"_breakdance_tags":"","footnotes":""},"categories":[3,4,5,94,6,6433,106,9,10,117,141,6434,12,13,14,102,152,17,111,115,100,99,20,116,23,25,26,101,118,30,108,130,157],"tags":[42],"_amplo":[6427],"destaque":[],"instituicoes":[823],"class_list":["post-249878","post","type-post","status-publish","format-standard","has-post-thumbnail","hentry","category-administracao","category-agronomia","category-arquitetura","category-biblioteconomia","category-biologia","category-biologia-licenciatura","category-bioquimica","category-ciencias-contabeis","category-direito","category-economia","category-educacao-artistica","category-educacao-fisica-licenciatura","category-enfermagem","category-engenharia-ambiental","category-engenharia","category-engenharia-quimica","category-engenharia-seguranca-trabalho","category-farmacia","category-geografia","category-geologia","category-historia","category-jornalismo","category-letras","category-matematica","category-nutricao","category-pedagogia","category-psicologia","category-servico-social","category-sociologia","category-tecnico-agropecuaria","category-tecnico-enfermagem","category-tecnico-informatica","category-tecnico-seguranca-trabalho","tag-bahia","_amplo-nivel-medio","instituicoes-prefeitura-municipal-de-feira-de-santana-ba"],"acf":{"_tipo_vagas":"vagas","_numero_vagas":567,"_quadro_vagas":249881,"_cargos":"diversos","_cargos_especificos":"","_salario_max":"R$ 3.306,28","_abertura":"20240731","_encerramento":"20240912","_inscricoes":"https:\/\/www.ibfc.org.br\/","_executora_concurso":40860,"_instituicao_concurso":[823],"_link_adicional":null,"_anexos":[{"_arquivo_anexo":249880,"_titulo_anexo":"Edital 001\/2024"}],"_produtos":null,"_vagas":"","_salario_min":"","_instituicao":"","_edital":"","_anexos_edital":"","_fund_incompleto":"","_fund_completo":"","_medio":"","_superior":""},"_links":{"self":[{"href":"https:\/\/www.agrobase.com.br\/concursos\/wp-json\/wp\/v2\/posts\/249878","targetHints":{"allow":["GET"]}}],"collection":[{"href":"https:\/\/www.agrobase.com.br\/concursos\/wp-json\/wp\/v2\/posts"}],"about":[{"href":"https:\/\/www.agrobase.com.br\/concursos\/wp-json\/wp\/v2\/types\/post"}],"author":[{"embeddable":true,"href":"https:\/\/www.agrobase.com.br\/concursos\/wp-json\/wp\/v2\/users\/7"}],"replies":[{"embeddable":true,"href":"https:\/\/www.agrobase.com.br\/concursos\/wp-json\/wp\/v2\/comments?post=249878"}],"version-history":[{"count":0,"href":"https:\/\/www.agrobase.com.br\/concursos\/wp-json\/wp\/v2\/posts\/249878\/revisions"}],"acf:term":[{"embeddable":true,"taxonomy":"instituicoes","href":"https:\/\/www.agrobase.com.br\/concursos\/wp-json\/wp\/v2\/instituicoes\/823"}],"acf:post":[{"embeddable":true,"href":"https:\/\/www.agrobase.com.br\/concursos\/wp-json\/wp\/v2\/executora\/40860"}],"wp:featuredmedia":[{"embeddable":true,"href":"https:\/\/www.agrobase.com.br\/concursos\/wp-json\/wp\/v2\/media\/249883"}],"wp:attachment":[{"href":"https:\/\/www.agrobase.com.br\/concursos\/wp-json\/wp\/v2\/media?parent=249878"}],"wp:term":[{"taxonomy":"category","embeddable":true,"href":"https:\/\/www.agrobase.com.br\/concursos\/wp-json\/wp\/v2\/categories?post=249878"},{"taxonomy":"post_tag","embeddable":true,"href":"https:\/\/www.agrobase.com.br\/concursos\/wp-json\/wp\/v2\/tags?post=249878"},{"taxonomy":"_amplo","embeddable":true,"href":"https:\/\/www.agrobase.com.br\/concursos\/wp-json\/wp\/v2\/_amplo?post=249878"},{"taxonomy":"destaque","embeddable":true,"href":"https:\/\/www.agrobase.com.br\/concursos\/wp-json\/wp\/v2\/destaque?post=249878"},{"taxonomy":"instituicoes","embeddable":true,"href":"https:\/\/www.agrobase.com.br\/concursos\/wp-json\/wp\/v2\/instituicoes?post=249878"}],"curies":[{"name":"wp","href":"https:\/\/api.w.org\/{rel}","templated":true}]}}