{"id":246329,"date":"2024-06-07T07:40:45","date_gmt":"2024-06-07T10:40:45","guid":{"rendered":"https:\/\/www.agrobase.com.br\/concursos\/?p=246329"},"modified":"2024-06-06T13:42:04","modified_gmt":"2024-06-06T16:42:04","slug":"processo-seletivo-de-mendes-rj-edital-001-2024","status":"publish","type":"post","link":"https:\/\/www.agrobase.com.br\/concursos\/2024\/processo-seletivo-de-mendes-rj-edital-001-2024\/","title":{"rendered":"Processo Seletivo de Mendes &#8211; RJ | Edital 001\/2024"},"content":{"rendered":"<p>A Prefeitura de Mendes &#8211; RJ divulgou a abertura das inscri\u00e7\u00f5es de um Processo Seletivo, destinado a preencher 46 vagas em n\u00edveis fundamental, m\u00e9dio, t\u00e9cnico e superior.<\/p>\n<p>De acordo com o edital, as oportunidades s\u00e3o: Bi\u00f3logo (2); Cirurgi\u00e3o Dentista (3); Cuidador de Resid\u00eancia Terap\u00eautica (2); Educador F\u00edsico (3); Engenheiro Civil (1); Farmac\u00eautico (3); Fisioterapeuta (5); M\u00e9dico Angiologista (1); M\u00e9dico Cardiologista (3); M\u00e9dico Endocrinologista (1); M\u00e9dico Gastroenterologista (1); M\u00e9dico Neurologista (1); M\u00e9dico Neurologista (Neuropediatra) (1); M\u00e9dico Oftalmologista (1); M\u00e9dico Pediatra (3); M\u00e9dico Pneumologista (1); Motorista Categoria &#8220;D&#8221; (1); Oficineiro de Artesanato (1); Oficineiro de Dan\u00e7a (1); Oficineiro de M\u00fasica (1); Oficineiro de Yoga (1); Psic\u00f3logo (4); T\u00e9cnico de Laborat\u00f3rio; T\u00e9cnico de Sa\u00fade Bucal (4); Terapeuta Ocupacional (1).<\/p>\n<p>Aos profissionais efetivados, o sal\u00e1rio ofertado varia de R$ 1.412,00 a R$ 5.000,00, referente a jornada de trabalho de 20 a 40 horas semanais para o exerc\u00edcio das fun\u00e7\u00f5es estipuladas.<\/p>\n<p>Os interessados devem se inscrever no per\u00edodo de 03 a <del datetime=\"2024-06-06T16:39:29+00:00\">13 de junho de 2024<\/del>17 de junho de 2024, exclusivamente de forma presencial, na Sede da Secretaria Municipal de Sa\u00fade, situada na Rua Professor Paulo S\u00e9rgio Nader Pereira, n\u00ba 250, Centro &#8211; Mendes\/RJ, das 9h \u00e0s 16h.<\/p>\n","protected":false},"excerpt":{"rendered":"<p>A Prefeitura de Mendes &#8211; RJ divulgou a abertura das inscri\u00e7\u00f5es de um Processo Seletivo, destinado a preencher 46 vagas em n\u00edveis fundamental, m\u00e9dio, t\u00e9cnico e superior.<\/p>\n","protected":false},"author":7,"featured_media":246333,"comment_status":"open","ping_status":"open","sticky":false,"template":"","format":"standard","meta":{"_acf_changed":false,"_breakdance_hide_in_design_set":false,"_breakdance_tags":"","footnotes":""},"categories":[6,11,14,17,18,21,24,26,161,143,134],"tags":[56],"_amplo":[],"destaque":[],"instituicoes":[2301],"class_list":["post-246329","post","type-post","status-publish","format-standard","has-post-thumbnail","hentry","category-biologia","category-educacao-fisica","category-engenharia","category-farmacia","category-fisioterapia","category-medicina","category-odontologia","category-psicologia","category-tecnico-laboratorio","category-tecnico-odontologia","category-terapia-ocupacional","tag-rio-de-janeiro","instituicoes-prefeitura-municipal-de-mendes-rj"],"acf":{"_tipo_vagas":"vagas","_numero_vagas":46,"_quadro_vagas":"","_cargos":"diversos","_cargos_especificos":"","_salario_max":"R$ 5.000,00","_abertura":"20240603","_encerramento":"20240617","_inscricoes":"","_executora_concurso":"","_instituicao_concurso":[2301],"_link_adicional":null,"_anexos":[{"_arquivo_anexo":246331,"_titulo_anexo":"Edital 001\/2024"}],"_produtos":null,"_vagas":"","_salario_min":"","_instituicao":"","_edital":"","_anexos_edital":"","_fund_incompleto":"","_fund_completo":"","_medio":"","_superior":""},"_links":{"self":[{"href":"https:\/\/www.agrobase.com.br\/concursos\/wp-json\/wp\/v2\/posts\/246329","targetHints":{"allow":["GET"]}}],"collection":[{"href":"https:\/\/www.agrobase.com.br\/concursos\/wp-json\/wp\/v2\/posts"}],"about":[{"href":"https:\/\/www.agrobase.com.br\/concursos\/wp-json\/wp\/v2\/types\/post"}],"author":[{"embeddable":true,"href":"https:\/\/www.agrobase.com.br\/concursos\/wp-json\/wp\/v2\/users\/7"}],"replies":[{"embeddable":true,"href":"https:\/\/www.agrobase.com.br\/concursos\/wp-json\/wp\/v2\/comments?post=246329"}],"version-history":[{"count":0,"href":"https:\/\/www.agrobase.com.br\/concursos\/wp-json\/wp\/v2\/posts\/246329\/revisions"}],"acf:term":[{"embeddable":true,"taxonomy":"instituicoes","href":"https:\/\/www.agrobase.com.br\/concursos\/wp-json\/wp\/v2\/instituicoes\/2301"}],"wp:featuredmedia":[{"embeddable":true,"href":"https:\/\/www.agrobase.com.br\/concursos\/wp-json\/wp\/v2\/media\/246333"}],"wp:attachment":[{"href":"https:\/\/www.agrobase.com.br\/concursos\/wp-json\/wp\/v2\/media?parent=246329"}],"wp:term":[{"taxonomy":"category","embeddable":true,"href":"https:\/\/www.agrobase.com.br\/concursos\/wp-json\/wp\/v2\/categories?post=246329"},{"taxonomy":"post_tag","embeddable":true,"href":"https:\/\/www.agrobase.com.br\/concursos\/wp-json\/wp\/v2\/tags?post=246329"},{"taxonomy":"_amplo","embeddable":true,"href":"https:\/\/www.agrobase.com.br\/concursos\/wp-json\/wp\/v2\/_amplo?post=246329"},{"taxonomy":"destaque","embeddable":true,"href":"https:\/\/www.agrobase.com.br\/concursos\/wp-json\/wp\/v2\/destaque?post=246329"},{"taxonomy":"instituicoes","embeddable":true,"href":"https:\/\/www.agrobase.com.br\/concursos\/wp-json\/wp\/v2\/instituicoes?post=246329"}],"curies":[{"name":"wp","href":"https:\/\/api.w.org\/{rel}","templated":true}]}}