{"id":245440,"date":"2024-05-17T09:00:07","date_gmt":"2024-05-17T12:00:07","guid":{"rendered":"https:\/\/www.agrobase.com.br\/concursos\/?p=245440"},"modified":"2024-05-16T15:25:45","modified_gmt":"2024-05-16T18:25:45","slug":"processo-seletivo-de-jaragua-do-sul-sc-edital-005-2024","status":"publish","type":"post","link":"https:\/\/www.agrobase.com.br\/concursos\/2024\/processo-seletivo-de-jaragua-do-sul-sc-edital-005-2024\/","title":{"rendered":"Processo Seletivo de Jaragu\u00e1 do Sul &#8211; SC | Edital 005\/2024"},"content":{"rendered":"<p>A Prefeitura de Jaragu\u00e1 do Sul &#8211; SC anuncia a realiza\u00e7\u00e3o de um Processo Seletivo, com o objetivo de preencher 74 vagas para profissionais de n\u00edveis fundamental, m\u00e9dio e superior.<\/p>\n<p>De acordo com o edital, as oportunidades s\u00e3o para os seguintes cargos: Agente de Alimenta\u00e7\u00e3o e Nutri\u00e7\u00e3o &#8211; REDA (10); Auxiliar de Sala &#8211; REDA (10); Profissional de Apoio Escolar &#8211; REDA (15); Profissional de Apoio Escolar &#8211; REDA (10); Tradutor e Int\u00e9rprete de LIBRAS de N\u00edvel M\u00e9dio &#8211; REDA (1); Administrador Escolar &#8211; REDA (1); Coordenador Pedag\u00f3gico &#8211; REDA (10); Pedagogo &#8211; AEE &#8211; REDA (5); Pedagogo &#8211; SAP &#8211; REDA (1); Professor de Educa\u00e7\u00e3o Infantil &#8211; REDA (1); Professor de Ensino Fundamental &#8211; Anos Iniciais &#8211; REDA (1); Professor de Ensino Fundamental &#8211; REDA &#8211; Anos Iniciais (Assistente de Alfabetiza\u00e7\u00e3o ou Educa\u00e7\u00e3o Financeira) (1); Professor de Ensino Fundamental &#8211; REDA &#8211; Arte (1); Professor de Ensino Fundamental &#8211; REDA &#8211; Ci\u00eancias (1); Professor de Ensino Fundamental &#8211; REDA &#8211; Educa\u00e7\u00e3o F\u00edsica (1); Professor de Ensino Fundamental &#8211; REDA &#8211; Ensino Religioso (1); Professor de Ensino Fundamental &#8211; REDA &#8211; Geografia (1); Professor de Ensino Fundamental &#8211; REDA &#8211; L\u00edngua Inglesa (1); Professor de Ensino Fundamental &#8211; REDA &#8211; L\u00edngua Portuguesa (1); Professor de Ensino Fundamental &#8211; REDA &#8211; M\u00fasica (1).<\/p>\n<p>Ao serem admitidos, os profissionais dever\u00e3o cumprir jornadas de 20 a 40 horas semanais e contar\u00e3o com remunera\u00e7\u00e3o mensal de R$ 1.594,74 a R$ 4.580,57.<\/p>\n<p>Os interessados poder\u00e3o se inscrever a partir das 10h do dia 15 de maio de 2024 at\u00e9 \u00e0s 20h do dia 03 de junho de 2024, pelo site do Instituto Tupy, com taxas de R$ 30,00 a R$ 75,00.<\/p>\n<p>A sele\u00e7\u00e3o dos candidatos ser\u00e1 realizada por meio de prova objetiva, prevista para o dia 16 de junho de 2024.<\/p>\n","protected":false},"excerpt":{"rendered":"<p>A Prefeitura de Jaragu\u00e1 do Sul &#8211; SC anuncia a realiza\u00e7\u00e3o de um Processo Seletivo, com o objetivo de preencher 74 vagas para profissionais de n\u00edveis fundamental, m\u00e9dio e superior.<\/p>\n","protected":false},"author":7,"featured_media":245444,"comment_status":"open","ping_status":"open","sticky":false,"template":"","format":"standard","meta":{"_acf_changed":false,"_breakdance_hide_in_design_set":false,"_breakdance_tags":"","footnotes":""},"categories":[6433,141,6434,111,20,119,25],"tags":[61],"_amplo":[6427],"destaque":[],"instituicoes":[1964],"class_list":["post-245440","post","type-post","status-publish","format-standard","has-post-thumbnail","hentry","category-biologia-licenciatura","category-educacao-artistica","category-educacao-fisica-licenciatura","category-geografia","category-letras","category-musica","category-pedagogia","tag-santa-catarina","_amplo-nivel-medio","instituicoes-prefeitura-municipal-de-jaragua-do-sul-sc"],"acf":{"_tipo_vagas":"vagas","_numero_vagas":74,"_quadro_vagas":"","_cargos":"diversos","_cargos_especificos":"","_salario_max":"R$ 4.580,57","_abertura":"20240515","_encerramento":"20240603","_inscricoes":"https:\/\/portal.institutotupy.com.br\/edital\/ver\/46","_executora_concurso":141890,"_instituicao_concurso":[1964],"_link_adicional":null,"_anexos":[{"_arquivo_anexo":245442,"_titulo_anexo":"Edital 005\/2024"}],"_produtos":null,"_vagas":"","_salario_min":"","_instituicao":"","_edital":"","_anexos_edital":"","_fund_incompleto":"","_fund_completo":"","_medio":"","_superior":""},"_links":{"self":[{"href":"https:\/\/www.agrobase.com.br\/concursos\/wp-json\/wp\/v2\/posts\/245440","targetHints":{"allow":["GET"]}}],"collection":[{"href":"https:\/\/www.agrobase.com.br\/concursos\/wp-json\/wp\/v2\/posts"}],"about":[{"href":"https:\/\/www.agrobase.com.br\/concursos\/wp-json\/wp\/v2\/types\/post"}],"author":[{"embeddable":true,"href":"https:\/\/www.agrobase.com.br\/concursos\/wp-json\/wp\/v2\/users\/7"}],"replies":[{"embeddable":true,"href":"https:\/\/www.agrobase.com.br\/concursos\/wp-json\/wp\/v2\/comments?post=245440"}],"version-history":[{"count":0,"href":"https:\/\/www.agrobase.com.br\/concursos\/wp-json\/wp\/v2\/posts\/245440\/revisions"}],"acf:term":[{"embeddable":true,"taxonomy":"instituicoes","href":"https:\/\/www.agrobase.com.br\/concursos\/wp-json\/wp\/v2\/instituicoes\/1964"}],"acf:post":[{"embeddable":true,"href":"https:\/\/www.agrobase.com.br\/concursos\/wp-json\/wp\/v2\/executora\/141890"}],"wp:featuredmedia":[{"embeddable":true,"href":"https:\/\/www.agrobase.com.br\/concursos\/wp-json\/wp\/v2\/media\/245444"}],"wp:attachment":[{"href":"https:\/\/www.agrobase.com.br\/concursos\/wp-json\/wp\/v2\/media?parent=245440"}],"wp:term":[{"taxonomy":"category","embeddable":true,"href":"https:\/\/www.agrobase.com.br\/concursos\/wp-json\/wp\/v2\/categories?post=245440"},{"taxonomy":"post_tag","embeddable":true,"href":"https:\/\/www.agrobase.com.br\/concursos\/wp-json\/wp\/v2\/tags?post=245440"},{"taxonomy":"_amplo","embeddable":true,"href":"https:\/\/www.agrobase.com.br\/concursos\/wp-json\/wp\/v2\/_amplo?post=245440"},{"taxonomy":"destaque","embeddable":true,"href":"https:\/\/www.agrobase.com.br\/concursos\/wp-json\/wp\/v2\/destaque?post=245440"},{"taxonomy":"instituicoes","embeddable":true,"href":"https:\/\/www.agrobase.com.br\/concursos\/wp-json\/wp\/v2\/instituicoes?post=245440"}],"curies":[{"name":"wp","href":"https:\/\/api.w.org\/{rel}","templated":true}]}}