{"id":244942,"date":"2024-07-15T07:20:23","date_gmt":"2024-07-15T10:20:23","guid":{"rendered":"https:\/\/www.agrobase.com.br\/concursos\/?p=244942"},"modified":"2024-07-12T12:58:37","modified_gmt":"2024-07-12T15:58:37","slug":"concurso-publico-de-mantena-mg-edital-001-2024","status":"publish","type":"post","link":"https:\/\/www.agrobase.com.br\/concursos\/2024\/concurso-publico-de-mantena-mg-edital-001-2024\/","title":{"rendered":"Concurso P\u00fablico de Mantena &#8211; MG | Edital 001\/2024 [prorrogado]"},"content":{"rendered":"<p>Foi postado o edital de abertura do Concurso P\u00fablico de <a href=\"https:\/\/www.mantena.mg.gov.br\/\" target=\"_blank\" title=\"Prefeitura de Mantena\" rel=\"noopener\">Mantena<\/a>, em Minas Gerais, o qual deve selecionar profissionais para 329 vagas.<\/p>\n<h2>Cargos<\/h2>\n<p>Das <strong>329 (trezentos e vinte e nove) vagas<\/strong> s\u00e3o ofertadas em cargos cuja exig\u00eancia \u00e9 escolaridade em n\u00edvel fundamental, m\u00e9dio ou superior, nas seguintes fun\u00e7\u00f5es:<\/p>\n<p><em>Advogado do Munic\u00edpio (1); Agente Administrativo (7); Agente de Fiscaliza\u00e7\u00e3o (4); Agente de Programas Socias (3); Agente de Vigil\u00e2ncia Sanit\u00e1ria e Epidemiol\u00f3gica (2); Ajudante de M\u00e1quinas (2); Assistente Social (2); Assistente Social da Secretaria Municipal de Sa\u00fade (3); Atendente (2); Atendente de Farm\u00e1cia (21); Atendente de Regula\u00e7\u00e3o (2); Atendente de Sa\u00fade (9); Auxiliar de Almoxarifado (1); Auxiliar de Assessoria Jur\u00eddica (1); Auxiliar de Enfermagem PSF (10); Auxiliar de Mec\u00e2nico (1); Auxiliar de Professor da Educa\u00e7\u00e3o B\u00e1sica (13); Auxiliar de Sa\u00fade Bucal (11); Auxiliar de Servi\u00e7o da Educa\u00e7\u00e3o B\u00e1sica 2 (2); Auxiliar de Servi\u00e7o da Educa\u00e7\u00e3o B\u00e1sica 3 (4); Auxiliar de Servi\u00e7os Gerais (7); Borracheiro (1); Coveiro (3); Digitador (10); Encarregado de Jardim (1); Enfermeiro (7); Enfermeiro PSF (9); Engenheiro Agr\u00f4nomo (1); Farmac\u00eautico (3); Fiscal de Vigil\u00e2ncia Sanit\u00e1ria (3); Fisioterapeuta (3); Fonoaudi\u00f3logo (1); Jardineiro (3); Lavador de Ve\u00edculos (1); Mec\u00e2nico (2); Mastologista (1); M\u00e9dico Cardiologista (1); M\u00e9dico com especialidade em Cirurgia Vascular e Angiologia (1); M\u00e9dico Cl\u00ednico Geral (4); M\u00e9dico Cl\u00ednico Geral (7); M\u00e9dico Pronto Atendimento (6); M\u00e9dico do Trabalho (1); M\u00e9dico Especialista em diagn\u00f3stico por imagem &#8211; atua\u00e7\u00e3o em ultrassonografia geral (2); M\u00e9dico Ginecologista\/Obstetra (3); M\u00e9dico Pediatra (3); M\u00e9dico PSF (12); M\u00e9dico Psiquiatra (2); M\u00e9dico Urologista (1); Motorista I (5); Motorista II (10); Motorista de Transporte Escolar (2); Odont\u00f3logo (3); Operador de M\u00e1quinas &#8211; Patrol (2); Operador de M\u00e1quinas &#8211; Retroescavadeira (2); Oper\u00e1rio (35); Pedreiro (7); Professor da Educa\u00e7\u00e3o B\u00e1sica &#8211; PEB I &#8211; AI (5); Professor da Educa\u00e7\u00e3o B\u00e1sica &#8211; PEB I &#8211; AF &#8211; Ci\u00eancias (2); Professor da Educa\u00e7\u00e3o B\u00e1sica &#8211; PEB I &#8211; AF &#8211; Hist\u00f3ria (2); Professor da Educa\u00e7\u00e3o B\u00e1sica &#8211; PEB I &#8211; AF &#8211; L\u00edngua Portuguesa (3); Professor da Educa\u00e7\u00e3o B\u00e1sica &#8211; PEB I &#8211; AF &#8211; Matem\u00e1tica (2); Psic\u00f3logo (1); T\u00e9cnico em Auxiliar de Secretaria (2) T\u00e9cnico de Enfermagem (14); T\u00e9cnico em Programas Sociais &#8211; especialidade em Psicologia (4); T\u00e9cnico em Programas Sociais &#8211; especialidade em Psicologia (2); T\u00e9cnico em Sa\u00fade Bucal (3); T\u00e9cnico em Radiologia (1); T\u00e9cnico N\u00edvel M\u00e9dio &#8211; Contabilidade (1); Terapeuta Ocupacional (1); Vigia (10); e Zelador (10)<\/em><\/p>\n<h2>Remunera\u00e7\u00e3o<\/h2>\n<p>Os profissionais dever\u00e3o atuar em jornadas de <strong>12h<\/strong> a <strong>40 horas<\/strong> semanais de trabalho, referente remunera\u00e7\u00e3o de <strong>R$ 1.412,00<\/strong> a <strong>R$ 10.054,00<\/strong> por m\u00eas.<\/p>\n<h2>Inscri\u00e7\u00f5es Concurso P\u00fablico de Mantena<\/h2>\n<p>Atrav\u00e9s do endere\u00e7o eletr\u00f4nico da Reis &amp; Reis Auditores Associados, as inscri\u00e7\u00f5es ser\u00e3o recebidas entre os dias <strong>24 de junho de 2024<\/strong> a <strong>08 de agosto de 2024<\/strong>.<\/p>\n<p>Para cada inscri\u00e7\u00e3o ser\u00e1 cobrada taxa de acordo com a escolaridade exigida:<\/p>\n<p><strong>R$ 80,00 (oitenta reais):<\/strong> Cargos de N\u00edvel Superior;<br \/>\n<strong>R$ 60,00 (sessenta reais):<\/strong> Cargos de N\u00edvel M\u00e9dio e T\u00e9cnico;<br \/>\n<strong>R$ 50,00 (cinquenta reais):<\/strong> Cargos de N\u00edvel Fundamental.<\/p>\n<h2>Etapas<\/h2>\n<ol>\n<li><strong>Prova Objetiva:<\/strong> de car\u00e1ter classificat\u00f3rio e eliminat\u00f3rio, a ser aplicada no dia <strong>08 de setembro de 2024<\/strong>.<\/li>\n<li><strong>Prova de T\u00edtulos<\/strong>. Apenas para cargos de n\u00edvel superior.<\/li>\n<\/ol>\n<h2>Resultado Concurso P\u00fablico de Mantena<\/h2>\n<p>A classifica\u00e7\u00e3o final dos candidatos \u00e9 publicada em Edital espec\u00edfico nos sites do Munic\u00edpio de Mantena (www.mantena.mg.gov.br) e da Organizadora (https:\/\/www.reisauditores.com.br\/concurso\/66\/detalhes), a partir do dia <strong>31 de outubro de 2024<\/strong>.<\/p>\n","protected":false},"excerpt":{"rendered":"<p>Foi postado o edital de abertura do Concurso P\u00fablico de <a href=\"https:\/\/www.mantena.mg.gov.br\/\" target=\"_blank\" title=\"Prefeitura de Mantena\" rel=\"noopener\">Mantena<\/a>, em Minas Gerais, o qual deve selecionar profissionais para 329 vagas.<\/p>\n","protected":false},"author":7,"featured_media":244948,"comment_status":"open","ping_status":"open","sticky":false,"template":"","format":"standard","meta":{"_acf_changed":false,"_breakdance_hide_in_design_set":false,"_breakdance_tags":"","footnotes":""},"categories":[4,6433,12,17,18,19,100,20,116,21,24,26,128,108,143,134],"tags":[50],"_amplo":[6427],"destaque":[],"instituicoes":[5584],"class_list":["post-244942","post","type-post","status-publish","format-standard","has-post-thumbnail","hentry","category-agronomia","category-biologia-licenciatura","category-enfermagem","category-farmacia","category-fisioterapia","category-fonoaudiologia","category-historia","category-letras","category-matematica","category-medicina","category-odontologia","category-psicologia","category-tecnico-em-contabilidade","category-tecnico-enfermagem","category-tecnico-odontologia","category-terapia-ocupacional","tag-minas-gerais","_amplo-nivel-medio","instituicoes-prefeitura-municipal-de-mantena-mg"],"acf":{"_tipo_vagas":"vagas","_numero_vagas":329,"_quadro_vagas":244945,"_cargos":"diversos","_cargos_especificos":"","_salario_max":"R$ 10.054,00","_abertura":"20240624","_encerramento":"20240808","_inscricoes":"https:\/\/www.reisauditores.com.br\/concurso\/66\/detalhes","_executora_concurso":39362,"_instituicao_concurso":[5584],"_link_adicional":null,"_anexos":[{"_arquivo_anexo":244944,"_titulo_anexo":"Edital 001\/2024"},{"_arquivo_anexo":244946,"_titulo_anexo":"Anexos"},{"_arquivo_anexo":248829,"_titulo_anexo":"Retifica\u00e7\u00e3o I"},{"_arquivo_anexo":248830,"_titulo_anexo":"Retifica\u00e7\u00e3o II"}],"_produtos":null,"_vagas":"","_salario_min":"","_instituicao":"","_edital":"","_anexos_edital":"","_fund_incompleto":"","_fund_completo":"","_medio":"","_superior":""},"_links":{"self":[{"href":"https:\/\/www.agrobase.com.br\/concursos\/wp-json\/wp\/v2\/posts\/244942","targetHints":{"allow":["GET"]}}],"collection":[{"href":"https:\/\/www.agrobase.com.br\/concursos\/wp-json\/wp\/v2\/posts"}],"about":[{"href":"https:\/\/www.agrobase.com.br\/concursos\/wp-json\/wp\/v2\/types\/post"}],"author":[{"embeddable":true,"href":"https:\/\/www.agrobase.com.br\/concursos\/wp-json\/wp\/v2\/users\/7"}],"replies":[{"embeddable":true,"href":"https:\/\/www.agrobase.com.br\/concursos\/wp-json\/wp\/v2\/comments?post=244942"}],"version-history":[{"count":0,"href":"https:\/\/www.agrobase.com.br\/concursos\/wp-json\/wp\/v2\/posts\/244942\/revisions"}],"acf:term":[{"embeddable":true,"taxonomy":"instituicoes","href":"https:\/\/www.agrobase.com.br\/concursos\/wp-json\/wp\/v2\/instituicoes\/5584"}],"acf:post":[{"embeddable":true,"href":"https:\/\/www.agrobase.com.br\/concursos\/wp-json\/wp\/v2\/executora\/39362"}],"wp:featuredmedia":[{"embeddable":true,"href":"https:\/\/www.agrobase.com.br\/concursos\/wp-json\/wp\/v2\/media\/244948"}],"wp:attachment":[{"href":"https:\/\/www.agrobase.com.br\/concursos\/wp-json\/wp\/v2\/media?parent=244942"}],"wp:term":[{"taxonomy":"category","embeddable":true,"href":"https:\/\/www.agrobase.com.br\/concursos\/wp-json\/wp\/v2\/categories?post=244942"},{"taxonomy":"post_tag","embeddable":true,"href":"https:\/\/www.agrobase.com.br\/concursos\/wp-json\/wp\/v2\/tags?post=244942"},{"taxonomy":"_amplo","embeddable":true,"href":"https:\/\/www.agrobase.com.br\/concursos\/wp-json\/wp\/v2\/_amplo?post=244942"},{"taxonomy":"destaque","embeddable":true,"href":"https:\/\/www.agrobase.com.br\/concursos\/wp-json\/wp\/v2\/destaque?post=244942"},{"taxonomy":"instituicoes","embeddable":true,"href":"https:\/\/www.agrobase.com.br\/concursos\/wp-json\/wp\/v2\/instituicoes?post=244942"}],"curies":[{"name":"wp","href":"https:\/\/api.w.org\/{rel}","templated":true}]}}