{"id":242858,"date":"2024-04-09T08:50:05","date_gmt":"2024-04-09T11:50:05","guid":{"rendered":"https:\/\/www.agrobase.com.br\/concursos\/?p=242858"},"modified":"2024-04-08T16:19:01","modified_gmt":"2024-04-08T19:19:01","slug":"concurso-publico-da-ufvjm-edital-016-2024","status":"publish","type":"post","link":"https:\/\/www.agrobase.com.br\/concursos\/2024\/concurso-publico-da-ufvjm-edital-016-2024\/","title":{"rendered":"Concurso P\u00fablico da UFVJM | Edital 016\/2024"},"content":{"rendered":"<p>Aberto novo Concurso P\u00fablico da UFVJM, que pretende selecionar professores para quinze vagas no Magist\u00e9rio Superior.<\/p>\n<h2>Vagas<\/h2>\n<p>Segundo a divulga\u00e7\u00e3o recente do edital 016\/2023, s\u00e3o oferecidas <strong>quinze vagas<\/strong> para professores do magist\u00e9rio superior nas \u00e1reas de:<\/p>\n<p><em>Planejamento de Instala\u00e7\u00f5es Industriais; Ger\u00eancia da Produ\u00e7\u00e3o (1); Engenharias &#8211; Engenharias II (1); Ci\u00eancias Exatas e da Terra, Engenharias, F\u00edsica, Engenharias Nuclear, Engenharias El\u00e9trica (2); Ci\u00eancias da Sa\u00fade \/ Sub\u00e1rea: Medicina \/ Especialidade: Cirurgia Geral (1); Ci\u00eancias da Sa\u00fade \/ Sub\u00e1rea: Medicina \/ Especialidade: Ginecologia e Obstetr\u00edcia (2); Ci\u00eancias da Sa\u00fade \/ Sub\u00e1rea: Medicina \/ Especialidade: Neurologia \/ Neurocirurgia (1); Ci\u00eancias da Sa\u00fade \/ Sub\u00e1rea: Medicina \/ Especialidade: Pediatria (2); Ci\u00eancias da Sa\u00fade \/ Sub\u00e1rea: Medicina \/ Especialidade: Psiquiatria (1); Ci\u00eancias da Sa\u00fade \/ Sub\u00e1rea: Medicina \/ Especialidade: Cl\u00ednica M\u00e9dica (3); Ci\u00eancias da Sa\u00fade \/ Sub\u00e1rea: Sa\u00fade Coletiva \/ Especialidade: Sa\u00fade P\u00fablica gradua\u00e7\u00e3o em Medicina ou Enfermagem (1)<\/em><\/p>\n<h2>Remunera\u00e7\u00e3o<\/h2>\n<p>Os sal\u00e1rios para os professores contratados variam de acordo com a titula\u00e7\u00e3o do docente, assim sendo, os valores ficam entre <strong>R$ 2.681,35<\/strong> a <strong>R$ 10.481,64<\/strong>.<\/p>\n<h2>Inscri\u00e7\u00f5es<\/h2>\n<p>Interessados em concorrer poder\u00e3o se inscrever de <strong>11 de mar\u00e7o de 2024<\/strong> a <strong>30 de abril de 2024<\/strong>.<\/p>\n<p>O candidato deve, primeiramente, acessar o site do <a href=\"https:\/\/pagtesouro.tesouro.gov.br\/portal-gru\/#\/emissao-gru\" target=\"_blank\" rel=\"noopener\">Pag Tesouro<\/a> para preencher o formul\u00e1rio de inscri\u00e7\u00e3o e realizar o pagamento da taxa, que varia entre R$ 75,00 a R$ 200,00.<\/p>\n<p>A inscri\u00e7\u00e3o dever\u00e1 ser conclu\u00edda de maneira presencial ou pelos Correios, nos seguintes endere\u00e7os:<\/p>\n<p>Campus de Diamantina: Pr\u00f3-Reitoria de Gest\u00e3o de Pessoas &#8211; Rodovia MGT 367 &#8211; Km 583, n.\u00ba 5000 &#8211; Alto da Jacuba &#8211; Diamantina\/MG &#8211; CEP: 39.100-000 &#8211; Telefone: (38) 3532-1200- ramal 8168. De segunda a sexta-feira, das 9h30 as 11h30 e das 14h as 16h30. Tamb\u00e9m pode ser enviada pelos Correios, via SEDEX, para a Pr\u00f3-Reitoria de Gest\u00e3o de Pessoas, no endere\u00e7o acima.<\/p>\n<p>Campus do Mucuri em Te\u00f3filo Otoni: Divis\u00e3o de Sele\u00e7\u00e3o de Pessoas\/PROGEP, localizada no Pr\u00e9dio Administrativo do Campus do Mucuri, Rua do Cruzeiro, n\u00ba 01 &#8211; Bairro: Jardim S\u00e3o Paulo &#8211; CEP 39803- 371, Telefone: (33) 3529 2700, Te\u00f3filo Otoni-MG. De segunda a sexta-feira, de 9h as 11h30 e das 14h as 16h30. Tamb\u00e9m pode ser enviada pelos Correios, via SEDEX, para a Divis\u00e3o de Sele\u00e7\u00e3o de Pessoas\/PROGEP, no endere\u00e7o acima.<\/p>\n<p>Campus de Jana\u00faba: Instituto de Engenharia, Ci\u00eancia e Tecnologia (IECT) &#8211; Localizado na Avenida Um, n\u00ba 4.050, Cidade Universit\u00e1ria, Jana\u00faba -MG &#8211; CEP: 39447- 814 &#8211; (38) 3532-6812 \/ 6808. De segunda a sexta-feira, de 8h as 11h e das 13h as 15h30. Tamb\u00e9m pode ser enviada pelos Correios, via SEDEX, para a Secretaria da Coordena\u00e7\u00e3o dos Cursos do Instituto de Engenharia, Ci\u00eancia e Tecnologia (IECT), no endere\u00e7o acima.<\/p>\n<h2>Provas<\/h2>\n<ol>\n<li><strong>Prova Did\u00e1tica.<\/strong><\/li>\n<li><strong>Prova de t\u00edtulos.<\/strong><\/li>\n<\/ol>\n<p>As etapas de realiza\u00e7\u00e3o das provas est\u00e3o dispon\u00edveis no Edital de Condi\u00e7\u00f5es Gerais na p\u00e1gina da Progep\/UFVJM, na se\u00e7\u00e3o \u201cconcursos\u201d.<\/p>\n","protected":false},"excerpt":{"rendered":"<p>Aberto novo Concurso P\u00fablico da UFVJM, que pretende selecionar professores para quinze vagas no Magist\u00e9rio Superior.<\/p>\n","protected":false},"author":7,"featured_media":242863,"comment_status":"open","ping_status":"open","sticky":false,"template":"","format":"standard","meta":{"_acf_changed":false,"_breakdance_hide_in_design_set":false,"_breakdance_tags":"","footnotes":""},"categories":[12,6436,21],"tags":[50],"_amplo":[],"destaque":[],"instituicoes":[507],"class_list":["post-242858","post","type-post","status-publish","format-standard","has-post-thumbnail","hentry","category-enfermagem","category-fisica-licenciatura","category-medicina","tag-minas-gerais","instituicoes-universidade-federal-dos-vales-do-jequitinhonha-e-mucuri-ufvjm"],"acf":{"_tipo_vagas":"vagas","_numero_vagas":15,"_quadro_vagas":242861,"_cargos":"professores","_cargos_especificos":"","_salario_max":"R$ 10.481,64","_abertura":"20240311","_encerramento":"20240430","_inscricoes":"","_executora_concurso":"","_instituicao_concurso":[507],"_link_adicional":null,"_anexos":[{"_arquivo_anexo":242860,"_titulo_anexo":"Edital 016\/2024"}],"_produtos":null,"_vagas":"","_salario_min":"","_instituicao":"","_edital":"","_anexos_edital":"","_fund_incompleto":"","_fund_completo":"","_medio":"","_superior":""},"_links":{"self":[{"href":"https:\/\/www.agrobase.com.br\/concursos\/wp-json\/wp\/v2\/posts\/242858","targetHints":{"allow":["GET"]}}],"collection":[{"href":"https:\/\/www.agrobase.com.br\/concursos\/wp-json\/wp\/v2\/posts"}],"about":[{"href":"https:\/\/www.agrobase.com.br\/concursos\/wp-json\/wp\/v2\/types\/post"}],"author":[{"embeddable":true,"href":"https:\/\/www.agrobase.com.br\/concursos\/wp-json\/wp\/v2\/users\/7"}],"replies":[{"embeddable":true,"href":"https:\/\/www.agrobase.com.br\/concursos\/wp-json\/wp\/v2\/comments?post=242858"}],"version-history":[{"count":0,"href":"https:\/\/www.agrobase.com.br\/concursos\/wp-json\/wp\/v2\/posts\/242858\/revisions"}],"acf:term":[{"embeddable":true,"taxonomy":"instituicoes","href":"https:\/\/www.agrobase.com.br\/concursos\/wp-json\/wp\/v2\/instituicoes\/507"}],"wp:featuredmedia":[{"embeddable":true,"href":"https:\/\/www.agrobase.com.br\/concursos\/wp-json\/wp\/v2\/media\/242863"}],"wp:attachment":[{"href":"https:\/\/www.agrobase.com.br\/concursos\/wp-json\/wp\/v2\/media?parent=242858"}],"wp:term":[{"taxonomy":"category","embeddable":true,"href":"https:\/\/www.agrobase.com.br\/concursos\/wp-json\/wp\/v2\/categories?post=242858"},{"taxonomy":"post_tag","embeddable":true,"href":"https:\/\/www.agrobase.com.br\/concursos\/wp-json\/wp\/v2\/tags?post=242858"},{"taxonomy":"_amplo","embeddable":true,"href":"https:\/\/www.agrobase.com.br\/concursos\/wp-json\/wp\/v2\/_amplo?post=242858"},{"taxonomy":"destaque","embeddable":true,"href":"https:\/\/www.agrobase.com.br\/concursos\/wp-json\/wp\/v2\/destaque?post=242858"},{"taxonomy":"instituicoes","embeddable":true,"href":"https:\/\/www.agrobase.com.br\/concursos\/wp-json\/wp\/v2\/instituicoes?post=242858"}],"curies":[{"name":"wp","href":"https:\/\/api.w.org\/{rel}","templated":true}]}}