{"id":240849,"date":"2024-03-11T07:20:57","date_gmt":"2024-03-11T10:20:57","guid":{"rendered":"https:\/\/www.agrobase.com.br\/concursos\/?p=240849"},"modified":"2024-03-08T09:36:00","modified_gmt":"2024-03-08T12:36:00","slug":"concurso-publico-de-augusto-pestana-rs-edital-001-2024","status":"publish","type":"post","link":"https:\/\/www.agrobase.com.br\/concursos\/2024\/concurso-publico-de-augusto-pestana-rs-edital-001-2024\/","title":{"rendered":"Concurso P\u00fablico de Augusto Pestana &#8211; RS | Edital 001\/2024"},"content":{"rendered":"<p>A Prefeitura de Augusto Pestana  &#8211; RS junto com a C\u00e2mara Municipal anunciam a realiza\u00e7\u00e3o de dois Concursos P\u00fablicos e um Processo Seletivo a fim de preencher duas vagas e formar cadastro reserva para determinados cargos.<\/p>\n<p>As vagas est\u00e3o divididas de acordo com o respectivo edital:<\/p>\n<p>Edital 001\/2024 &#8211; Prefeitura (Concurso P\u00fablico) : Servente; Motorista; Operador de M\u00e1quinas; Oper\u00e1rio; Agente Administrativo; Auxiliar de Sa\u00fade Bucal (1); Fiscal; Fiscal Sanit\u00e1rio e Ambiental; T\u00e9cnico em Enfermagem; Assistente Social; Enfermeiro; Engenheiro Civil; Farmac\u00eautico; M\u00e9dico; Nutricionista; Professor Anos Finais do Ensino Fundamental &#8211; Artes; Professor Anos Finais Ensino Fundamental &#8211; Ci\u00eancias; Professor Anos Finais Ensino Fundamental &#8211; Educa\u00e7\u00e3o F\u00edsica; Professor Anos Finais Ensino Fundamental &#8211; Ingl\u00eas; Professor Anos Finais Ensino Fundamental &#8211; Matem\u00e1tica; Professor Anos Finais Ensino Fundamental &#8211; Hist\u00f3ria; Professor Anos Finais Ensino Fundamental &#8211; Geografia; Professor Anos Finais Ensino Fundamental &#8211; Portugu\u00eas; Professor Educa\u00e7\u00e3o Infantil e Anos Iniciais do Ensino Fundamental; Psic\u00f3logo<\/p>\n<p>Edital 001\/2024 &#8211; C\u00e2mara (Concurso P\u00fablico): Oficial Legislativo; Auxiliar de Servi\u00e7os Gerais<\/p>\n<p>Edital 001\/2024 &#8211; Prefeitura (Processo Seletivo): Agente Comunit\u00e1rio de Sa\u00fade &#8211; ESF I (1); Agente Comunit\u00e1rio de Sa\u00fade &#8211; ESF II<\/p>\n<p>O valor da remunera\u00e7\u00e3o ser\u00e1 de R$ 1.435,81 a R$ 5.174,08, com carga hor\u00e1ria de 15h a 44 horas semanais.<\/p>\n<p>As inscri\u00e7\u00f5es devem ser realizadas nos dias 05 a 28 de mar\u00e7o de 2024 via site da Fundatec, at\u00e9 as 17h, com taxa sendo de R$ 50,00 a R$ 110,00.<\/p>\n<p>A avalia\u00e7\u00e3o ser\u00e1 em prova te\u00f3rico-objetiva, prevista para ocorrer dia 21 de abril de 2024. Para alguns cargos tamb\u00e9m ser\u00e1 realizada prova de t\u00edtulos e prova pr\u00e1tica.<\/p>\n","protected":false},"excerpt":{"rendered":"<p>A Prefeitura de Augusto Pestana  &#8211; RS junto com a C\u00e2mara Municipal anunciam a realiza\u00e7\u00e3o de dois Concursos P\u00fablicos e um Processo Seletivo a fim de preencher duas vagas e formar cadastro reserva para determinados cargos.<\/p>\n","protected":false},"author":7,"featured_media":240855,"comment_status":"open","ping_status":"open","sticky":false,"template":"","format":"standard","meta":{"_acf_changed":false,"_breakdance_hide_in_design_set":false,"_breakdance_tags":"","footnotes":""},"categories":[3,6433,9,117,141,6434,12,14,17,111,100,20,116,21,23,25,26,101,31],"tags":[58],"_amplo":[6427],"destaque":[],"instituicoes":[1110],"class_list":["post-240849","post","type-post","status-publish","format-standard","has-post-thumbnail","hentry","category-administracao","category-biologia-licenciatura","category-ciencias-contabeis","category-economia","category-educacao-artistica","category-educacao-fisica-licenciatura","category-enfermagem","category-engenharia","category-farmacia","category-geografia","category-historia","category-letras","category-matematica","category-medicina","category-nutricao","category-pedagogia","category-psicologia","category-servico-social","category-tecnico-ambiental","tag-rio-grande-sul","_amplo-nivel-medio","instituicoes-prefeitura-municipal-de-augusto-pestana-rs"],"acf":{"_tipo_vagas":"vagas + cadastro de reserva","_numero_vagas":2,"_quadro_vagas":"","_cargos":"diversos","_cargos_especificos":"","_salario_max":"R$ 5.174,08","_abertura":"20240305","_encerramento":"20240328","_inscricoes":"https:\/\/www.fundatec.org.br\/portal\/concursos\/index_concursos.php?concurso=882","_executora_concurso":39691,"_instituicao_concurso":[1110],"_link_adicional":null,"_anexos":[{"_arquivo_anexo":240851,"_titulo_anexo":"Edital 001\/2024 - Concurso C\u00e2mara"},{"_arquivo_anexo":240852,"_titulo_anexo":"Edital 001\/2024 - Processo Seletivo"},{"_arquivo_anexo":240853,"_titulo_anexo":"Edital 001\/2024 - Concurso"}],"_produtos":null,"_vagas":"","_salario_min":"","_instituicao":"","_edital":"","_anexos_edital":"","_fund_incompleto":"","_fund_completo":"","_medio":"","_superior":""},"_links":{"self":[{"href":"https:\/\/www.agrobase.com.br\/concursos\/wp-json\/wp\/v2\/posts\/240849","targetHints":{"allow":["GET"]}}],"collection":[{"href":"https:\/\/www.agrobase.com.br\/concursos\/wp-json\/wp\/v2\/posts"}],"about":[{"href":"https:\/\/www.agrobase.com.br\/concursos\/wp-json\/wp\/v2\/types\/post"}],"author":[{"embeddable":true,"href":"https:\/\/www.agrobase.com.br\/concursos\/wp-json\/wp\/v2\/users\/7"}],"replies":[{"embeddable":true,"href":"https:\/\/www.agrobase.com.br\/concursos\/wp-json\/wp\/v2\/comments?post=240849"}],"version-history":[{"count":0,"href":"https:\/\/www.agrobase.com.br\/concursos\/wp-json\/wp\/v2\/posts\/240849\/revisions"}],"acf:term":[{"embeddable":true,"taxonomy":"instituicoes","href":"https:\/\/www.agrobase.com.br\/concursos\/wp-json\/wp\/v2\/instituicoes\/1110"}],"acf:post":[{"embeddable":true,"href":"https:\/\/www.agrobase.com.br\/concursos\/wp-json\/wp\/v2\/executora\/39691"}],"wp:featuredmedia":[{"embeddable":true,"href":"https:\/\/www.agrobase.com.br\/concursos\/wp-json\/wp\/v2\/media\/240855"}],"wp:attachment":[{"href":"https:\/\/www.agrobase.com.br\/concursos\/wp-json\/wp\/v2\/media?parent=240849"}],"wp:term":[{"taxonomy":"category","embeddable":true,"href":"https:\/\/www.agrobase.com.br\/concursos\/wp-json\/wp\/v2\/categories?post=240849"},{"taxonomy":"post_tag","embeddable":true,"href":"https:\/\/www.agrobase.com.br\/concursos\/wp-json\/wp\/v2\/tags?post=240849"},{"taxonomy":"_amplo","embeddable":true,"href":"https:\/\/www.agrobase.com.br\/concursos\/wp-json\/wp\/v2\/_amplo?post=240849"},{"taxonomy":"destaque","embeddable":true,"href":"https:\/\/www.agrobase.com.br\/concursos\/wp-json\/wp\/v2\/destaque?post=240849"},{"taxonomy":"instituicoes","embeddable":true,"href":"https:\/\/www.agrobase.com.br\/concursos\/wp-json\/wp\/v2\/instituicoes?post=240849"}],"curies":[{"name":"wp","href":"https:\/\/api.w.org\/{rel}","templated":true}]}}