{"id":240073,"date":"2024-02-28T07:00:27","date_gmt":"2024-02-28T10:00:27","guid":{"rendered":"https:\/\/www.agrobase.com.br\/concursos\/?p=240073"},"modified":"2024-02-27T10:30:20","modified_gmt":"2024-02-27T13:30:20","slug":"processo-seletivo-da-funed-mg-edital-001-2024","status":"publish","type":"post","link":"https:\/\/www.agrobase.com.br\/concursos\/2024\/processo-seletivo-da-funed-mg-edital-001-2024\/","title":{"rendered":"Processo Seletivo da Funed &#8211; MG | Edital 001\/2024"},"content":{"rendered":"<p>A Funda\u00e7\u00e3o Ezequiel Dias (Funed), em Minas Gerais, divulga abertura das inscri\u00e7\u00f5es de um Processo Seletivo, que tem como objetivo a admiss\u00e3o de profissionais de n\u00edvel m\u00e9dio\/t\u00e9cnico e superior.<\/p>\n<p>No total, ser\u00e3o preenchidas 41 vagas em diferentes \u00e1reas. Confira os cargos dispon\u00edveis abaixo:<\/p>\n<p>    Analista e Pesquisador de Sa\u00fade e Tecnologia: Analista Jur\u00eddico em Processos de Compras (5); Analista em Laborat\u00f3rio (3); Analista em Laborat\u00f3rio Qu\u00edmica Especializada (1); Analista de Projetos de Transfer\u00eancia de Tecnologias de Vacinas (1); Farmac\u00eautico (3); M\u00e9dico Veterin\u00e1rio (1); Pesquisador Biologia Celular (1); Pesquisador Toxinologia Molecular (1); Analista em Meio Ambiente (1); Engenheiro de Seguran\u00e7a do Trabalho (1); Engenheiro Mec\u00e2nico Manuten\u00e7\u00e3o e Calibra\u00e7\u00e3o (1); Engenheiro Mec\u00e2nico Utilidades (1); Engenheiro de Materiais (1); Psic\u00f3logo (2); Analista de Qualifica\u00e7\u00e3o e Valida\u00e7\u00e3o de Sistemas Computadorizados.<br \/>\n    T\u00e9cnico de Sa\u00fade e Tecnologia: T\u00e9cnico em Administra\u00e7\u00e3o; T\u00e9cnico em Enfermagem (1); T\u00e9cnico em Laborat\u00f3rio (1); T\u00e9cnico em Preparo de Solu\u00e7\u00f5es (1); T\u00e9cnico em Produ\u00e7\u00e3o (3); T\u00e9cnico de Controle Biol\u00f3gico (1); T\u00e9cnico em Mec\u00e2nica (4); T\u00e9cnico em Eletr\u00f4nica (1); T\u00e9cnico em Qualifica\u00e7\u00e3o (1); T\u00e9cnico em Automa\u00e7\u00e3o Industrial (1); T\u00e9cnico em Edifica\u00e7\u00f5es (1); T\u00e9cnico em Qualifica\u00e7\u00e3o e Valida\u00e7\u00e3o de Sistemas Computadorizados (1); Assistente Administrativo (2);<\/p>\n<p>Os profissionais admitidos ir\u00e3o desempenhar fun\u00e7\u00f5es em carga hor\u00e1ria de 40 horas semanais com remunera\u00e7\u00e3o no valor de R$ 1.571,36 a R$ 5.573,05 acrescido de R$ 75,00, referente \u00e0 ajuda de custo por dia efetivamente trabalhado.<\/p>\n<p>Para participar, os interessados devem efetuar as inscri\u00e7\u00f5es a partir das 8h do dia 26 de fevereiro de 2024 at\u00e9 \u00e0s 18h do dia 01 de mar\u00e7o de 2024, hor\u00e1rio de Bras\u00edlia\/DF, exclusivamente via internet. N\u00e3o ser\u00e1 cobrada taxa de inscri\u00e7\u00e3o.<\/p>\n","protected":false},"excerpt":{"rendered":"<p>A Funda\u00e7\u00e3o Ezequiel Dias (Funed), em Minas Gerais, divulga abertura das inscri\u00e7\u00f5es de um Processo Seletivo, que tem como objetivo a admiss\u00e3o de profissionais de n\u00edvel m\u00e9dio\/t\u00e9cnico e superior.<\/p>\n","protected":false},"author":7,"featured_media":240077,"comment_status":"open","ping_status":"open","sticky":false,"template":"","format":"standard","meta":{"_acf_changed":false,"_breakdance_hide_in_design_set":false,"_breakdance_tags":"","footnotes":""},"categories":[5,6,7,106,10,13,14,125,104,102,152,17,22,26,27,150,108,161],"tags":[50],"_amplo":[6427],"destaque":[],"instituicoes":[5732],"class_list":["post-240073","post","type-post","status-publish","format-standard","has-post-thumbnail","hentry","category-arquitetura","category-biologia","category-biomedicina","category-bioquimica","category-direito","category-engenharia-ambiental","category-engenharia","category-engenharia-producao","category-engenharia-mecanica","category-engenharia-quimica","category-engenharia-seguranca-trabalho","category-farmacia","category-veterinaria","category-psicologia","category-quimica","category-tecnico-eletronica","category-tecnico-enfermagem","category-tecnico-laboratorio","tag-minas-gerais","_amplo-nivel-medio","instituicoes-fundacao-ezequiel-dias-funed"],"acf":{"_tipo_vagas":"vagas","_numero_vagas":41,"_quadro_vagas":"","_cargos":"diversos","_cargos_especificos":"","_salario_max":"R$ 5.573,05","_abertura":"20240226","_encerramento":"20240301","_inscricoes":"https:\/\/www.processoseletivo.mg.gov.br\/","_executora_concurso":"","_instituicao_concurso":[5732],"_link_adicional":null,"_anexos":[{"_arquivo_anexo":240075,"_titulo_anexo":"Edital 001\/2024"}],"_produtos":null,"_vagas":"","_salario_min":"","_instituicao":"","_edital":"","_anexos_edital":"","_fund_incompleto":"","_fund_completo":"","_medio":"","_superior":""},"_links":{"self":[{"href":"https:\/\/www.agrobase.com.br\/concursos\/wp-json\/wp\/v2\/posts\/240073","targetHints":{"allow":["GET"]}}],"collection":[{"href":"https:\/\/www.agrobase.com.br\/concursos\/wp-json\/wp\/v2\/posts"}],"about":[{"href":"https:\/\/www.agrobase.com.br\/concursos\/wp-json\/wp\/v2\/types\/post"}],"author":[{"embeddable":true,"href":"https:\/\/www.agrobase.com.br\/concursos\/wp-json\/wp\/v2\/users\/7"}],"replies":[{"embeddable":true,"href":"https:\/\/www.agrobase.com.br\/concursos\/wp-json\/wp\/v2\/comments?post=240073"}],"version-history":[{"count":0,"href":"https:\/\/www.agrobase.com.br\/concursos\/wp-json\/wp\/v2\/posts\/240073\/revisions"}],"acf:term":[{"embeddable":true,"taxonomy":"instituicoes","href":"https:\/\/www.agrobase.com.br\/concursos\/wp-json\/wp\/v2\/instituicoes\/5732"}],"wp:featuredmedia":[{"embeddable":true,"href":"https:\/\/www.agrobase.com.br\/concursos\/wp-json\/wp\/v2\/media\/240077"}],"wp:attachment":[{"href":"https:\/\/www.agrobase.com.br\/concursos\/wp-json\/wp\/v2\/media?parent=240073"}],"wp:term":[{"taxonomy":"category","embeddable":true,"href":"https:\/\/www.agrobase.com.br\/concursos\/wp-json\/wp\/v2\/categories?post=240073"},{"taxonomy":"post_tag","embeddable":true,"href":"https:\/\/www.agrobase.com.br\/concursos\/wp-json\/wp\/v2\/tags?post=240073"},{"taxonomy":"_amplo","embeddable":true,"href":"https:\/\/www.agrobase.com.br\/concursos\/wp-json\/wp\/v2\/_amplo?post=240073"},{"taxonomy":"destaque","embeddable":true,"href":"https:\/\/www.agrobase.com.br\/concursos\/wp-json\/wp\/v2\/destaque?post=240073"},{"taxonomy":"instituicoes","embeddable":true,"href":"https:\/\/www.agrobase.com.br\/concursos\/wp-json\/wp\/v2\/instituicoes?post=240073"}],"curies":[{"name":"wp","href":"https:\/\/api.w.org\/{rel}","templated":true}]}}