{"id":235099,"date":"2023-12-11T06:45:06","date_gmt":"2023-12-11T09:45:06","guid":{"rendered":"https:\/\/www.agrobase.com.br\/concursos\/?p=235099"},"modified":"2023-12-09T19:09:10","modified_gmt":"2023-12-09T22:09:10","slug":"processo-seletivo-de-icara-sc","status":"publish","type":"post","link":"https:\/\/www.agrobase.com.br\/concursos\/2023\/processo-seletivo-de-icara-sc\/","title":{"rendered":"Processo Seletivo de I\u00e7ara &#8211; SC | Edital 01\/2023"},"content":{"rendered":"<p>O processo seletivo de <a href=\"https:\/\/www.icara.sc.gov.br\/\" target=\"_blank\" rel=\"noopener\">I\u00e7ara, Santa Catarina<\/a>, para 37 vagas tempor\u00e1rias e forma\u00e7\u00e3o de cadastro reserva j\u00e1 est\u00e1 com as inscri\u00e7\u00f5es abertas. As oportunidades s\u00e3o para profissionais de n\u00edvel superior, confira abaixo mais informa\u00e7\u00f5es.<\/p>\n<h2>Cargos e Remunera\u00e7\u00f5es<\/h2>\n<p>O processo seletivo de I\u00e7ara est\u00e1 oferecendo as seguintes posi\u00e7\u00f5es:<\/p>\n<h3>Professores Habilitados<\/h3>\n<ul>\n<li><em>Professor II &#8211; Bil\u00edngue &#8211; Libras, Professor II &#8211; Educa\u00e7\u00e3o Infantil e Ensino Fundamental I (8), Professor II\/III -AEE (2), Professor III &#8211; Arte (4), Professor III &#8211; Ci\u00eancias (2), Professor III &#8211; Educa\u00e7\u00e3o F\u00edsica (2), Professor III &#8211; Ensino Religioso (1), Professor III &#8211; Geografia (2), Professor III &#8211; Hist\u00f3ria (2), Professor III &#8211; L\u00edngua Portuguesa (4), Professor III &#8211; Matem\u00e1tica (3), Professor III -L\u00edngua Estrangeira &#8211; Ingl\u00eas (6).<\/em><\/li>\n<\/ul>\n<h3>Professores N\u00e3o Habilitados<\/h3>\n<ul>\n<li><em>Professor IV &#8211; Arte, Professor IV &#8211; Ci\u00eancias, Professor IV &#8211; Ensino Religioso,\u00a0 Professor IV &#8211; Geografia, Professor IV &#8211; Hist\u00f3ria, Professor IV &#8211; L\u00edngua Portuguesa, Professor IV &#8211; Matem\u00e1tica, Professor IV -L\u00edngua Estrangeira &#8211; Ingl\u00eas (N\u00e3o Habilitado), Professor I &#8211; Educa\u00e7\u00e3o Infantil e Ensino Fundamental I.<\/em><\/li>\n<\/ul>\n<h3>Outras<\/h3>\n<ul>\n<li>Monitor de Sistemas de Inform\u00e1tica, Psic\u00f3logo (1).<\/li>\n<\/ul>\n<p>A remunera\u00e7\u00e3o varia entre os valores de <strong>R$ 1.189,20 a R$ 1.299,77<\/strong> \u00a0para jornadas de 10 a 40 horas semanais.<\/p>\n<h2>Inscri\u00e7\u00f5es<\/h2>\n<p>As inscri\u00e7\u00f5es s\u00e3o de 30 de novembro de 2023 at\u00e9 21 de dezembro de 2023, realizadas exclusivamente online, pelo site da <a href=\"https:\/\/ippec.org.br\/concursos\/concurso\/270\" target=\"_blank\" rel=\"noopener\">Ippec<\/a>. Para efetivar a inscri\u00e7\u00e3o \u00e9 necess\u00e1rio pagar uma taxa de R$ 50,00.<\/p>\n<h2>Provas<\/h2>\n<p>Os candidatos ao <a href=\"https:\/\/www.agrobase.com.br\/concursos\/\">processo seletivo<\/a> de I\u00e7ara ser\u00e3o avaliados a partir de prova escrita e prova de t\u00edtulos. A data prov\u00e1vel para a realiza\u00e7\u00e3o das provas escritas <strong>14 de janeiro de 2024<\/strong>.<\/p>\n<h2>Divulga\u00e7\u00e3o dos Resultados Finais<\/h2>\n<p>O resultado final homologado ser\u00e1 divulgado no dia <strong>25 de janeiro de 2024<\/strong>, conforme o cronograma do edital.<\/p>\n<h2>Validade do Processo Seletivo de I\u00e7ara<\/h2>\n<p>O prazo de validade do processo seletivo \u00e9 de um ano, contado a partir da data de homologa\u00e7\u00e3o, podendo ser prorrogado por igual per\u00edodo.<\/p>\n","protected":false},"excerpt":{"rendered":"<p>O processo seletivo de I\u00e7ara, Santa Catarina, para 37 vagas tempor\u00e1rias e forma\u00e7\u00e3o de cadastro reserva j\u00e1 est\u00e1 com as inscri\u00e7\u00f5es abertas. As oportunidades s\u00e3o para profissionais de n\u00edvel superior, confira abaixo mais informa\u00e7\u00f5es. Cargos e Remunera\u00e7\u00f5es O processo seletivo de I\u00e7ara est\u00e1 oferecendo as seguintes posi\u00e7\u00f5es: Professores Habilitados Professor II &#8211; Bil\u00edngue &#8211; Libras, [&hellip;]<\/p>\n","protected":false},"author":5229,"featured_media":235104,"comment_status":"open","ping_status":"open","sticky":false,"template":"","format":"standard","meta":{"_acf_changed":false,"_breakdance_hide_in_design_set":false,"_breakdance_tags":"","footnotes":""},"categories":[145,140,126,141,6434,111,100,20,116,119,25,26],"tags":[61],"_amplo":[],"destaque":[],"instituicoes":[],"class_list":["post-235099","post","type-post","status-publish","format-standard","has-post-thumbnail","hentry","category-artes-cenicas","category-artes-plasticas","category-ciencia-computacao","category-educacao-artistica","category-educacao-fisica-licenciatura","category-geografia","category-historia","category-letras","category-matematica","category-musica","category-pedagogia","category-psicologia","tag-santa-catarina"],"acf":{"_tipo_vagas":"vagas + cadastro de reserva","_numero_vagas":37,"_quadro_vagas":"","_cargos":"diversos","_cargos_especificos":"","_salario_max":"R$ 1.299,77","_abertura":"20231130","_encerramento":"20231221","_inscricoes":"https:\/\/ippec.org.br\/concursos\/concurso\/270","_executora_concurso":128855,"_instituicao_concurso":[],"_link_adicional":null,"_anexos":[{"_arquivo_anexo":235101,"_titulo_anexo":"Edital 01\/2023"},{"_arquivo_anexo":235102,"_titulo_anexo":"Retifica\u00e7\u00e3o I"}],"_produtos":null,"_vagas":"","_salario_min":"","_instituicao":"","_edital":"","_anexos_edital":"","_fund_incompleto":"","_fund_completo":"","_medio":"","_superior":""},"_links":{"self":[{"href":"https:\/\/www.agrobase.com.br\/concursos\/wp-json\/wp\/v2\/posts\/235099","targetHints":{"allow":["GET"]}}],"collection":[{"href":"https:\/\/www.agrobase.com.br\/concursos\/wp-json\/wp\/v2\/posts"}],"about":[{"href":"https:\/\/www.agrobase.com.br\/concursos\/wp-json\/wp\/v2\/types\/post"}],"author":[{"embeddable":true,"href":"https:\/\/www.agrobase.com.br\/concursos\/wp-json\/wp\/v2\/users\/5229"}],"replies":[{"embeddable":true,"href":"https:\/\/www.agrobase.com.br\/concursos\/wp-json\/wp\/v2\/comments?post=235099"}],"version-history":[{"count":0,"href":"https:\/\/www.agrobase.com.br\/concursos\/wp-json\/wp\/v2\/posts\/235099\/revisions"}],"acf:post":[{"embeddable":true,"href":"https:\/\/www.agrobase.com.br\/concursos\/wp-json\/wp\/v2\/executora\/128855"}],"wp:featuredmedia":[{"embeddable":true,"href":"https:\/\/www.agrobase.com.br\/concursos\/wp-json\/wp\/v2\/media\/235104"}],"wp:attachment":[{"href":"https:\/\/www.agrobase.com.br\/concursos\/wp-json\/wp\/v2\/media?parent=235099"}],"wp:term":[{"taxonomy":"category","embeddable":true,"href":"https:\/\/www.agrobase.com.br\/concursos\/wp-json\/wp\/v2\/categories?post=235099"},{"taxonomy":"post_tag","embeddable":true,"href":"https:\/\/www.agrobase.com.br\/concursos\/wp-json\/wp\/v2\/tags?post=235099"},{"taxonomy":"_amplo","embeddable":true,"href":"https:\/\/www.agrobase.com.br\/concursos\/wp-json\/wp\/v2\/_amplo?post=235099"},{"taxonomy":"destaque","embeddable":true,"href":"https:\/\/www.agrobase.com.br\/concursos\/wp-json\/wp\/v2\/destaque?post=235099"},{"taxonomy":"instituicoes","embeddable":true,"href":"https:\/\/www.agrobase.com.br\/concursos\/wp-json\/wp\/v2\/instituicoes?post=235099"}],"curies":[{"name":"wp","href":"https:\/\/api.w.org\/{rel}","templated":true}]}}