{"id":235083,"date":"2023-12-11T07:05:13","date_gmt":"2023-12-11T10:05:13","guid":{"rendered":"https:\/\/www.agrobase.com.br\/concursos\/?p=235083"},"modified":"2023-12-09T20:04:00","modified_gmt":"2023-12-09T23:04:00","slug":"processo-seletivo-de-montanha-es","status":"publish","type":"post","link":"https:\/\/www.agrobase.com.br\/concursos\/2023\/processo-seletivo-de-montanha-es\/","title":{"rendered":"Processo Seletivo de Montanha &#8211; ES | Edital 004\/2023"},"content":{"rendered":"<p>Se iniciam hoje as inscri\u00e7\u00f5es para participar de processo seletivo de <a href=\"https:\/\/montanha.es.gov.br\/\" target=\"_blank\" rel=\"noopener\">Montanha &#8211; ES<\/a>. O edital n\u00ba 004\/2023\u00a0 tem o intuito de contrata\u00e7\u00e3o tempor\u00e1ria e forma\u00e7\u00e3o de cadastro reserva para diversas fun\u00e7\u00f5es na \u00e1rea de educa\u00e7\u00e3o.<\/p>\n<h2>Cargos e Remunera\u00e7\u00f5es<\/h2>\n<p>H\u00e1 oportunidades para candidatos de n\u00edvel m\u00e9dio\/t\u00e9cnico ou superior, dependendo do cargo pretendido. A remunera\u00e7\u00e3o varia entre <strong>R$ 1.320,00 a R$ 2.720,00<\/strong> para jornadas de trabalho de 25 ou 30 horas semanais. Confira a seguir as posi\u00e7\u00f5es disponibilizadas no processo seletivo de Montanha.<\/p>\n<h3>N\u00edveis M\u00e9dio\/T\u00e9cnico<\/h3>\n<ul>\n<li><em>Auxiliar de sala de aula (espec\u00edfico para Educa\u00e7\u00e3o Especial), Cuidador\/a (espec\u00edfico para Educa\u00e7\u00e3o Especial), Auxiliar de Secretaria Escolar, Motorista de Transporte Escolar, Cozinheiro\/a Escolar, Monitor\/a de Transporte Escolar, Vigia Noturno, Servente Escolar, Porteiro\/a Escolar.<\/em><\/li>\n<\/ul>\n<h3>N\u00edvel Superior<\/h3>\n<ul>\n<li><em>MAPA &#8211; Professores\/as da Educa\u00e7\u00e3o Infantil, MAPA &#8211; Professores\/as dos Anos Iniciais (1\u00ba ao 3\u00ba ano) do Ensino Fundamental (Alfabetizadores\/as), MAPA &#8211; Professores\/as dos Anos Iniciais (4\u00ba e 5\u00ba ano) do Ensino Fundamental, MAPA &#8211; Professores\/as dos Anos Iniciais (1\u00ba ao 5\u00ba ano) do Ensino Fundamental em Tempo Integral, MAPA &#8211; Professores\/as da Educa\u00e7\u00e3o de Jovens e Adultos, MAPA &#8211; Professores\/as de Educa\u00e7\u00e3o Infantil e dos Anos Iniciais (Pr\u00e9 Escola e 1\u00ba ao 5\u00ba ano &#8211; Multisseriadas), MAPB &#8211; Professores\/as da Educa\u00e7\u00e3o Infantil, Professores\/as dos Anos iniciais e finais do Ensino Fundamental, Professores\/as para Atendimento Educacional Especializado (AEE), Professores\/as Mediadores\/as do Laborat\u00f3rio de Inform\u00e1tica, MAPP &#8211; Professores\/as em fun\u00e7\u00e3o pedag\u00f3gica, MAPP &#8211; Professores\/as em fun\u00e7\u00e3o pedag\u00f3gica em Escolas em Tempo Integral, Psicopedagogo\/a Institucional e\/ou Cl\u00ednico, Assistente Social, Fonoaudi\u00f3logo\/a Educacional, Psic\u00f3logo\/a Educacional, <a href=\"https:\/\/www.agrobase.com.br\/concursos\/vagas\/nutricao\/\">Nutricionista Escolar<\/a>, Auxiliar de sala de aula (espec\u00edfico para Educa\u00e7\u00e3o Infantil).<\/em><\/li>\n<\/ul>\n<h2>Inscri\u00e7\u00f5es<\/h2>\n<p>As inscri\u00e7\u00f5es s\u00e3o realizadas exclusivamente <a href=\"https:\/\/montanha.es.gov.br\/\" target=\"_blank\" rel=\"noopener\">online<\/a>, no per\u00edodo de <strong>11 de dezembro de 2023 at\u00e9 13 de dezembro de 2023, \u00e0s 17h00<\/strong>.<\/p>\n<h2>Provas<\/h2>\n<p>A forma de avalia\u00e7\u00e3o escolhida para este certame \u00e9 a prova de t\u00edtulos. Para pontua\u00e7\u00e3o, n\u00e3o ser\u00e3o considerados os itens exigidos como pr\u00e9-requisitos, apenas os t\u00edtulos para qualifica\u00e7\u00e3o profissional como cursos de P\u00f3s-Gradua\u00e7\u00e3o Latu Sensu e Stricto Sensu, por exemplo. Voc\u00ea pode encontrar mais detalhes referentes aos par\u00e2metros de pontua\u00e7\u00e3o no edital presente aqui neste post.<\/p>\n<h2>Validade do Processo Seletivo de Montanha<\/h2>\n<p>O processo seletivo de Montanha ter\u00e1 validade at\u00e9 o final no ano letivo de 2024.<\/p>\n","protected":false},"excerpt":{"rendered":"<p>Se iniciam hoje as inscri\u00e7\u00f5es para participar de processo seletivo de Montanha &#8211; ES. O edital n\u00ba 004\/2023\u00a0 tem o intuito de contrata\u00e7\u00e3o tempor\u00e1ria e forma\u00e7\u00e3o de cadastro reserva para diversas fun\u00e7\u00f5es na \u00e1rea de educa\u00e7\u00e3o. Cargos e Remunera\u00e7\u00f5es H\u00e1 oportunidades para candidatos de n\u00edvel m\u00e9dio\/t\u00e9cnico ou superior, dependendo do cargo pretendido. A remunera\u00e7\u00e3o varia [&hellip;]<\/p>\n","protected":false},"author":5229,"featured_media":235096,"comment_status":"open","ping_status":"open","sticky":false,"template":"","format":"standard","meta":{"_acf_changed":false,"_breakdance_hide_in_design_set":false,"_breakdance_tags":"","footnotes":""},"categories":[3,4,145,140,6433,7,126,9,121,120,113,10,117,141,6434,12,95,13,14,79,125,103,15,104,102,16,136,112,122,18,19,100,20,116,22,119,23,98,25,26,27,101,30,130,159,123,28],"tags":[45],"_amplo":[],"destaque":[],"instituicoes":[3714],"class_list":["post-235083","post","type-post","status-publish","format-standard","has-post-thumbnail","hentry","category-administracao","category-agronomia","category-artes-cenicas","category-artes-plasticas","category-biologia-licenciatura","category-biomedicina","category-ciencia-computacao","category-ciencias-contabeis","category-ciencias-sociais","category-comunicacao-social","category-desenho-industrial","category-direito","category-economia","category-educacao-artistica","category-educacao-fisica-licenciatura","category-enfermagem","category-engenharia-agricola","category-engenharia-ambiental","category-engenharia","category-engenharia-alimentos","category-engenharia-producao","category-engenharia-eletrica","category-engenharia-florestal","category-engenharia-mecanica","category-engenharia-quimica","category-engenharia-sanitaria","category-estatistica","category-filosofia","category-fisica","category-fisioterapia","category-fonoaudiologia","category-historia","category-letras","category-matematica","category-veterinaria","category-musica","category-nutricao","category-oceanografia","category-pedagogia","category-psicologia","category-quimica","category-servico-social","category-tecnico-agropecuaria","category-tecnico-informatica","category-tecnologia-da-informacao","category-turismo","category-zootecnia","tag-espirito-santo","instituicoes-prefeitura-municipal-de-montanha-es"],"acf":{"_tipo_vagas":"cadastro de reserva","_numero_vagas":"","_quadro_vagas":"","_cargos":"diversos","_cargos_especificos":"","_salario_max":"R$ 2.720,00","_abertura":"20231211","_encerramento":"20231213","_inscricoes":"https:\/\/montanha.es.gov.br\/","_executora_concurso":"","_instituicao_concurso":[3714],"_link_adicional":null,"_anexos":[{"_arquivo_anexo":235095,"_titulo_anexo":"Edital 004\/2023"}],"_produtos":null,"_vagas":"","_salario_min":"","_instituicao":"","_edital":"","_anexos_edital":"","_fund_incompleto":"","_fund_completo":"","_medio":"","_superior":""},"_links":{"self":[{"href":"https:\/\/www.agrobase.com.br\/concursos\/wp-json\/wp\/v2\/posts\/235083","targetHints":{"allow":["GET"]}}],"collection":[{"href":"https:\/\/www.agrobase.com.br\/concursos\/wp-json\/wp\/v2\/posts"}],"about":[{"href":"https:\/\/www.agrobase.com.br\/concursos\/wp-json\/wp\/v2\/types\/post"}],"author":[{"embeddable":true,"href":"https:\/\/www.agrobase.com.br\/concursos\/wp-json\/wp\/v2\/users\/5229"}],"replies":[{"embeddable":true,"href":"https:\/\/www.agrobase.com.br\/concursos\/wp-json\/wp\/v2\/comments?post=235083"}],"version-history":[{"count":0,"href":"https:\/\/www.agrobase.com.br\/concursos\/wp-json\/wp\/v2\/posts\/235083\/revisions"}],"acf:term":[{"embeddable":true,"taxonomy":"instituicoes","href":"https:\/\/www.agrobase.com.br\/concursos\/wp-json\/wp\/v2\/instituicoes\/3714"}],"wp:featuredmedia":[{"embeddable":true,"href":"https:\/\/www.agrobase.com.br\/concursos\/wp-json\/wp\/v2\/media\/235096"}],"wp:attachment":[{"href":"https:\/\/www.agrobase.com.br\/concursos\/wp-json\/wp\/v2\/media?parent=235083"}],"wp:term":[{"taxonomy":"category","embeddable":true,"href":"https:\/\/www.agrobase.com.br\/concursos\/wp-json\/wp\/v2\/categories?post=235083"},{"taxonomy":"post_tag","embeddable":true,"href":"https:\/\/www.agrobase.com.br\/concursos\/wp-json\/wp\/v2\/tags?post=235083"},{"taxonomy":"_amplo","embeddable":true,"href":"https:\/\/www.agrobase.com.br\/concursos\/wp-json\/wp\/v2\/_amplo?post=235083"},{"taxonomy":"destaque","embeddable":true,"href":"https:\/\/www.agrobase.com.br\/concursos\/wp-json\/wp\/v2\/destaque?post=235083"},{"taxonomy":"instituicoes","embeddable":true,"href":"https:\/\/www.agrobase.com.br\/concursos\/wp-json\/wp\/v2\/instituicoes?post=235083"}],"curies":[{"name":"wp","href":"https:\/\/api.w.org\/{rel}","templated":true}]}}