{"id":234976,"date":"2023-12-08T06:40:11","date_gmt":"2023-12-08T09:40:11","guid":{"rendered":"https:\/\/www.agrobase.com.br\/concursos\/?p=234976"},"modified":"2023-12-07T16:36:55","modified_gmt":"2023-12-07T19:36:55","slug":"concursos-publicos-pedro-canario-es","status":"publish","type":"post","link":"https:\/\/www.agrobase.com.br\/concursos\/2023\/concursos-publicos-pedro-canario-es\/","title":{"rendered":"Processos Seletivos de Pedro Can\u00e1rio &#8211; ES | Editais 004 e 005\/2023"},"content":{"rendered":"<p>Est\u00e3o abertas as inscri\u00e7\u00f5es para dois processos seletivos de <a href=\"https:\/\/www.pedrocanario.es.gov.br\/\" target=\"_blank\" rel=\"noopener\">Pedro Can\u00e1rio, ES.<\/a> Os editais oferecem 224 vagas e forma\u00e7\u00e3o de cadastro de reserva para a contrata\u00e7\u00e3o tempor\u00e1ria de professores em diversas disciplinas, dentre outros cargos, visando atender \u00e0s necessidades educacionais do munic\u00edpio.<\/p>\n<h2>Cargos e Remunera\u00e7\u00f5es<\/h2>\n<p>H\u00e1 oportunidades para cargos dos n\u00edveis fundamental, m\u00e9dio, e superior e os sal\u00e1rios variam entre <strong>R$ 1.346,28 e R$ 4.075,20<\/strong> de acordo com a ocupa\u00e7\u00e3o e qualifica\u00e7\u00e3o. Confira a seguir as vagas disponibilizadas no certame:<\/p>\n<h3>Edital 004\/2023<\/h3>\n<h4>Sede e Semed<\/h4>\n<ul>\n<li><strong>N\u00edvel Fundamental:<\/strong>\n<ul>\n<li><em>Auxiliar de Servi\u00e7os Gerais (34).<\/em><\/li>\n<\/ul>\n<\/li>\n<li><strong>N\u00edveis M\u00e9dio e T\u00e9cnico:<\/strong>\n<ul>\n<li><em>Apoio Docente (33), Cuidador &#8211; atendimento em escola regular com alunos com necessidades especiais, Professor Auxiliar.<\/em><\/li>\n<\/ul>\n<\/li>\n<li><strong>N\u00edvel Superior:<\/strong>\n<ul>\n<li><em> Professor Int\u00e9rprete de Libras, Professor de Braille, Professor Defici\u00eancia Intelectual, Professor do Ensino Fundamental do 1\u00ba ao 5\u00ba ano (28), Professor do Ensino Infantil (19), Professor do Ensino Infantil no Campo de Experi\u00eancia &#8211; Tra\u00e7os, Sons, Cores e Formas (8), Professor de Educa\u00e7\u00e3o F\u00edsica &#8211; 1\u00ba ao 5\u00ba ano, EJA e Educa\u00e7\u00e3o Infantil (9), Professor de Arte do 1\u00ba ao 5\u00ba ano (3), Professor de Ingl\u00eas 1\u00ba ao 5\u00ba ano (3), Professor de Ensino Religioso 1\u00ba ao 5\u00ba ano (3), Professor de disciplinas diversificadas &#8211; Alfabetiza\u00e7\u00e3o e letramento, experimentando o mundo, Protagonismo, Eletiva e Projeto integrador (3), Pedagogo (17), Psic\u00f3logo (1), Assistente Social.<\/em><\/li>\n<\/ul>\n<\/li>\n<\/ul>\n<h4>Distritos<\/h4>\n<ul>\n<li><strong>N\u00edvel Fundamental:<\/strong>\n<ul>\n<li><em>Auxiliar de Servi\u00e7os Gerais (20).<\/em><\/li>\n<\/ul>\n<\/li>\n<li><strong>N\u00edveis M\u00e9dio e T\u00e9cnico:<\/strong>\n<ul>\n<li><em>Apoio Docente (9), Cuidador atendimento em escola regular com alunos com necessidades especiais, Professor Auxiliar.<\/em><\/li>\n<\/ul>\n<\/li>\n<li><strong>N\u00edvel Superior:<\/strong>\n<ul>\n<li><em>Professor da EJA,\u00a0 Professor do Ensino Fundamental do 1\u00ba ao 5 \u00ba ano (10), Professor do Ensino Infantil (11), Professor do Ensino Infantil no Campo de Experi\u00eancia &#8211; Tra\u00e7os, Sons, Cores e Formas (4), Professor de Educa\u00e7\u00e3o F\u00edsica\/Corpo e Movimento 1\u00ba ao 5\u00ba ano, EJA e Educa\u00e7\u00e3o Infantil (4), Professor de Arte do 1\u00ba ao 5\u00ba ano (1), Professor de Ingl\u00eas 1\u00ba ao 5\u00ba ano (1), Professor de Ensino Religioso 1\u00ba ao 5\u00ba ano (1), Pedagogo (2).<\/em><\/li>\n<\/ul>\n<\/li>\n<\/ul>\n<h3>Edital 005\/2023<\/h3>\n<h4>Sede<\/h4>\n<ul>\n<li><strong>N\u00edvel Superior:<\/strong><\/li>\n<li><em>Professor de Arte do 1\u00ba ao 5\u00baano, Professor de Ingl\u00eas 1\u00ba ao 5\u00ba ano, Professor de Ensino Religioso 1\u00ba ao 5\u00ba an<\/em>o.<\/li>\n<\/ul>\n<h4>Distritos<\/h4>\n<ul>\n<li><strong>N\u00edvel Superior:<\/strong><\/li>\n<li><em>Professor de Arte do 1\u00ba ao 5\u00ba ano, Professor de Ingl\u00eas 1\u00ba ao 5\u00ba ano, Professor de Ensino Religioso 1\u00ba ao 5\u00ba ano.<\/em><\/li>\n<\/ul>\n<h2>Inscri\u00e7\u00f5es Processos Seletivos de Pedro Can\u00e1rio<\/h2>\n<p>As inscri\u00e7\u00f5es ocorrem exclusivamente online, de <strong>07 de dezembro de 2023 a 13 de dezembro de 2023<\/strong>, no <a href=\"https:\/\/www.pedrocanario.es.gov.br\/selecao\" target=\"_blank\" rel=\"noopener\">site oficial da Prefeitura.<\/a><\/p>\n<h2>Provas<\/h2>\n<p>Os <a href=\"https:\/\/www.agrobase.com.br\/concursos\/\">processos seletivos<\/a> de Pedro Can\u00e1rio consistir\u00e3o em an\u00e1lise de t\u00edtulos e experi\u00eancia profissional.<\/p>\n<h2>Divulga\u00e7\u00e3o dos Resultados Finais<\/h2>\n<p>O resultado parcial dos processos seletivos de Pedro Can\u00e1rio ser\u00e3o divulgados unicamente em 12 de janeiro de 2024. A data do resultado final ainda n\u00e3o foi divulgada.<\/p>\n","protected":false},"excerpt":{"rendered":"<p>Est\u00e3o abertas as inscri\u00e7\u00f5es para dois processos seletivos de Pedro Can\u00e1rio, ES. Os editais oferecem 224 vagas e forma\u00e7\u00e3o de cadastro de reserva para a contrata\u00e7\u00e3o tempor\u00e1ria de professores em diversas disciplinas, dentre outros cargos, visando atender \u00e0s necessidades educacionais do munic\u00edpio. Cargos e Remunera\u00e7\u00f5es H\u00e1 oportunidades para cargos dos n\u00edveis fundamental, m\u00e9dio, e superior [&hellip;]<\/p>\n","protected":false},"author":5229,"featured_media":234981,"comment_status":"open","ping_status":"open","sticky":false,"template":"","format":"standard","meta":{"_acf_changed":false,"_breakdance_hide_in_design_set":false,"_breakdance_tags":"","footnotes":""},"categories":[141,11,20,119,25,26,101],"tags":[45],"_amplo":[],"destaque":[],"instituicoes":[4245],"class_list":["post-234976","post","type-post","status-publish","format-standard","has-post-thumbnail","hentry","category-educacao-artistica","category-educacao-fisica","category-letras","category-musica","category-pedagogia","category-psicologia","category-servico-social","tag-espirito-santo","instituicoes-prefeitura-municipal-de-pedro-canario-es"],"acf":{"_tipo_vagas":"vagas + cadastro de reserva","_numero_vagas":224,"_quadro_vagas":"","_cargos":"diversos","_cargos_especificos":"","_salario_max":"R$ 4.075,20","_abertura":"20231207","_encerramento":"20231213","_inscricoes":"https:\/\/www.pedrocanario.es.gov.br\/selecao","_executora_concurso":"","_instituicao_concurso":[4245],"_link_adicional":null,"_anexos":[{"_arquivo_anexo":234978,"_titulo_anexo":"Edital 004\/2023"},{"_arquivo_anexo":234979,"_titulo_anexo":"Edital 005\/2023"}],"_produtos":null,"_vagas":"","_salario_min":"","_instituicao":"","_edital":"","_anexos_edital":"","_fund_incompleto":"","_fund_completo":"","_medio":"","_superior":""},"_links":{"self":[{"href":"https:\/\/www.agrobase.com.br\/concursos\/wp-json\/wp\/v2\/posts\/234976","targetHints":{"allow":["GET"]}}],"collection":[{"href":"https:\/\/www.agrobase.com.br\/concursos\/wp-json\/wp\/v2\/posts"}],"about":[{"href":"https:\/\/www.agrobase.com.br\/concursos\/wp-json\/wp\/v2\/types\/post"}],"author":[{"embeddable":true,"href":"https:\/\/www.agrobase.com.br\/concursos\/wp-json\/wp\/v2\/users\/5229"}],"replies":[{"embeddable":true,"href":"https:\/\/www.agrobase.com.br\/concursos\/wp-json\/wp\/v2\/comments?post=234976"}],"version-history":[{"count":0,"href":"https:\/\/www.agrobase.com.br\/concursos\/wp-json\/wp\/v2\/posts\/234976\/revisions"}],"acf:term":[{"embeddable":true,"taxonomy":"instituicoes","href":"https:\/\/www.agrobase.com.br\/concursos\/wp-json\/wp\/v2\/instituicoes\/4245"}],"wp:featuredmedia":[{"embeddable":true,"href":"https:\/\/www.agrobase.com.br\/concursos\/wp-json\/wp\/v2\/media\/234981"}],"wp:attachment":[{"href":"https:\/\/www.agrobase.com.br\/concursos\/wp-json\/wp\/v2\/media?parent=234976"}],"wp:term":[{"taxonomy":"category","embeddable":true,"href":"https:\/\/www.agrobase.com.br\/concursos\/wp-json\/wp\/v2\/categories?post=234976"},{"taxonomy":"post_tag","embeddable":true,"href":"https:\/\/www.agrobase.com.br\/concursos\/wp-json\/wp\/v2\/tags?post=234976"},{"taxonomy":"_amplo","embeddable":true,"href":"https:\/\/www.agrobase.com.br\/concursos\/wp-json\/wp\/v2\/_amplo?post=234976"},{"taxonomy":"destaque","embeddable":true,"href":"https:\/\/www.agrobase.com.br\/concursos\/wp-json\/wp\/v2\/destaque?post=234976"},{"taxonomy":"instituicoes","embeddable":true,"href":"https:\/\/www.agrobase.com.br\/concursos\/wp-json\/wp\/v2\/instituicoes?post=234976"}],"curies":[{"name":"wp","href":"https:\/\/api.w.org\/{rel}","templated":true}]}}