{"id":234276,"date":"2023-11-28T07:10:54","date_gmt":"2023-11-28T10:10:54","guid":{"rendered":"https:\/\/www.agrobase.com.br\/concursos\/?p=234276"},"modified":"2023-11-27T12:09:40","modified_gmt":"2023-11-27T15:09:40","slug":"concurso-publico-do-ifac-edital-002-2023-tecnicos-administrativos","status":"publish","type":"post","link":"https:\/\/www.agrobase.com.br\/concursos\/2023\/concurso-publico-do-ifac-edital-002-2023-tecnicos-administrativos\/","title":{"rendered":"Concurso P\u00fablico do IFAC | Edital 002\/2023 &#8211; T\u00e9cnicos Administrativos"},"content":{"rendered":"<p>Foi postado um novo edital de Concurso P\u00fablico pelo <a href=\"https:\/\/www.ifac.edu.br\/\" target=\"_blank\" title=\"Instituto Federal de Educa\u00e7\u00e3o, Ci\u00eancia e Tecnologia do Acre\" rel=\"noopener\">IFAC<\/a>, que ir\u00e1 preencher 40 vagas de t\u00e9cnicos administrativo em diversos cargos.<\/p>\n<h2>Cargos<\/h2>\n<p>O edital 002\/2023 do Concurso P\u00fablico do IFAC busca preencher <strong>40 vagas<\/strong> de T\u00e9cnicos Administrativos em fun\u00e7\u00f5es como:<\/p>\n<p><em>Administrador (4); Analista de Tecnologia da Informa\u00e7\u00e3o (2); Arquiteto e Urbanista (1); Arquivista (2); Assistente Social (2); Auditor (1); Bibliotec\u00e1rio &#8211; Documentalista (1); Contador (1); Engenheiro &#8211; Eletricista (1); M\u00e9dico &#8211; \u00c1rea (1); Tecn\u00f3logo &#8211; Forma\u00e7\u00e3o Log\u00edstica (1); Tecn\u00f3logo &#8211; Forma\u00e7\u00e3o Processos Escolares (1); Assistente em Administra\u00e7\u00e3o (9); T\u00e9cnico de Tecnologia da Informa\u00e7\u00e3o (4); T\u00e9cnico em Agropecu\u00e1ria (1); T\u00e9cnico em Contabilidade (1); T\u00e9cnico de Laborat\u00f3rio\/Recursos Naturais (1) e Assistente de Alunos (6)<\/em><\/p>\n<p>Podem concorrer \u00e0s vagas acima apenas candidatos com n\u00edvel superior, m\u00e9dio e t\u00e9cnico, dependendo do cargo.<\/p>\n<h2>Remunera\u00e7\u00f5es<\/h2>\n<p>Os valores dos sal\u00e1rios alcan\u00e7am valores entre <strong>R$ 2.120,13<\/strong> e <strong>R$ 4.556,92<\/strong>, para atua\u00e7\u00f5es semanais de <strong>20<\/strong>h ou <strong>40 horas<\/strong>.<\/p>\n<h2>Inscri\u00e7\u00f5es<\/h2>\n<p>As inscri\u00e7\u00f5es ser\u00e3o recebidas entre os dias <strong>27 de novembro de 2023<\/strong> \u00e0s 14h do dia <strong>27 de dezembro de 2023<\/strong>, de forma online, pelo site da organizadora IDECAN.<\/p>\n<p>As taxas de inscri\u00e7\u00e3o ser\u00e3o de:<\/p>\n<p>C (N\u00edvel M\u00e9dio): <strong>R$ 84,00 (oitenta e quatro reais)<\/strong>;<br \/>\nD (N\u00edvel Profissionalizante \/ T\u00e9cnico) <strong>R$ 90,00 (noventa reais)<\/strong>;<br \/>\nE (N\u00edvel Superior) <strong>R$ 120,00 (cento e vinte reais)<\/strong>.<\/p>\n<h2>Etapas<\/h2>\n<ol>\n<li><strong>Prova Objetiva.<\/strong> Ser\u00e1 realizada na data prevista de <strong>18 de fevereiro de 202<\/strong>4, nas cidades de Rio Branco e Cruzeiro do Sul.<\/li>\n<\/ol>\n<h2>Resultados<\/h2>\n<p>A publica\u00e7\u00e3o oficial dos resultados podem ser feitas por meio do IDECAN e no Di\u00e1rio Oficial da Uni\u00e3o.<\/p>\n","protected":false},"excerpt":{"rendered":"<p>Foi postado um novo edital de Concurso P\u00fablico pelo IFAC, que ir\u00e1 preencher 40 vagas de t\u00e9cnicos administrativo em diversos cargos.<\/p>\n","protected":false},"author":7,"featured_media":234281,"comment_status":"open","ping_status":"open","sticky":false,"template":"","format":"standard","meta":{"_acf_changed":false,"_breakdance_hide_in_design_set":false,"_breakdance_tags":"","footnotes":""},"categories":[3,5,144,94,9,10,117,103,21,101,30,128,150,159],"tags":[38],"_amplo":[6427],"destaque":[],"instituicoes":[1274],"class_list":["post-234276","post","type-post","status-publish","format-standard","has-post-thumbnail","hentry","category-administracao","category-arquitetura","category-arquivologia","category-biblioteconomia","category-ciencias-contabeis","category-direito","category-economia","category-engenharia-eletrica","category-medicina","category-servico-social","category-tecnico-agropecuaria","category-tecnico-em-contabilidade","category-tecnico-eletronica","category-tecnologia-da-informacao","tag-acre","_amplo-nivel-medio","instituicoes-instituto-federal-de-educacao-ciencia-e-tecnologia-do-acre-ifac"],"acf":{"_tipo_vagas":"vagas","_numero_vagas":40,"_quadro_vagas":234279,"_cargos":"t\u00e9cnicos administrativos","_cargos_especificos":"","_salario_max":"R$ 4.556,92","_abertura":"20231127","_encerramento":"20231227","_inscricoes":"https:\/\/www.idecan.org.br\/","_executora_concurso":39344,"_instituicao_concurso":[1274],"_link_adicional":null,"_anexos":[{"_arquivo_anexo":234278,"_titulo_anexo":"Edital 002\/2023"}],"_produtos":null,"_vagas":"","_salario_min":"","_instituicao":"","_edital":"","_anexos_edital":"","_fund_incompleto":"","_fund_completo":"","_medio":"","_superior":""},"_links":{"self":[{"href":"https:\/\/www.agrobase.com.br\/concursos\/wp-json\/wp\/v2\/posts\/234276","targetHints":{"allow":["GET"]}}],"collection":[{"href":"https:\/\/www.agrobase.com.br\/concursos\/wp-json\/wp\/v2\/posts"}],"about":[{"href":"https:\/\/www.agrobase.com.br\/concursos\/wp-json\/wp\/v2\/types\/post"}],"author":[{"embeddable":true,"href":"https:\/\/www.agrobase.com.br\/concursos\/wp-json\/wp\/v2\/users\/7"}],"replies":[{"embeddable":true,"href":"https:\/\/www.agrobase.com.br\/concursos\/wp-json\/wp\/v2\/comments?post=234276"}],"version-history":[{"count":0,"href":"https:\/\/www.agrobase.com.br\/concursos\/wp-json\/wp\/v2\/posts\/234276\/revisions"}],"acf:term":[{"embeddable":true,"taxonomy":"instituicoes","href":"https:\/\/www.agrobase.com.br\/concursos\/wp-json\/wp\/v2\/instituicoes\/1274"}],"acf:post":[{"embeddable":true,"href":"https:\/\/www.agrobase.com.br\/concursos\/wp-json\/wp\/v2\/executora\/39344"}],"wp:featuredmedia":[{"embeddable":true,"href":"https:\/\/www.agrobase.com.br\/concursos\/wp-json\/wp\/v2\/media\/234281"}],"wp:attachment":[{"href":"https:\/\/www.agrobase.com.br\/concursos\/wp-json\/wp\/v2\/media?parent=234276"}],"wp:term":[{"taxonomy":"category","embeddable":true,"href":"https:\/\/www.agrobase.com.br\/concursos\/wp-json\/wp\/v2\/categories?post=234276"},{"taxonomy":"post_tag","embeddable":true,"href":"https:\/\/www.agrobase.com.br\/concursos\/wp-json\/wp\/v2\/tags?post=234276"},{"taxonomy":"_amplo","embeddable":true,"href":"https:\/\/www.agrobase.com.br\/concursos\/wp-json\/wp\/v2\/_amplo?post=234276"},{"taxonomy":"destaque","embeddable":true,"href":"https:\/\/www.agrobase.com.br\/concursos\/wp-json\/wp\/v2\/destaque?post=234276"},{"taxonomy":"instituicoes","embeddable":true,"href":"https:\/\/www.agrobase.com.br\/concursos\/wp-json\/wp\/v2\/instituicoes?post=234276"}],"curies":[{"name":"wp","href":"https:\/\/api.w.org\/{rel}","templated":true}]}}