{"id":234269,"date":"2023-11-28T07:00:45","date_gmt":"2023-11-28T10:00:45","guid":{"rendered":"https:\/\/www.agrobase.com.br\/concursos\/?p=234269"},"modified":"2023-11-27T11:42:11","modified_gmt":"2023-11-27T14:42:11","slug":"concurso-publico-do-ifac-edital-001-2023","status":"publish","type":"post","link":"https:\/\/www.agrobase.com.br\/concursos\/2023\/concurso-publico-do-ifac-edital-001-2023\/","title":{"rendered":"Concurso P\u00fablico do IFAC | Edital 001\/2023"},"content":{"rendered":"<p>Com o lan\u00e7amento do edital 001\/2023 \u00e9 aberto o Concurso P\u00fablico do <a href=\"https:\/\/www.ifac.edu.br\/\" target=\"_blank\" title=\"Instituto Federal de Educa\u00e7\u00e3o, Ci\u00eancia e Tecnologia do Acre\" rel=\"noopener\">IFAC<\/a> para sele\u00e7\u00e3o de 56 Professores do Magist\u00e9rio do Ensino B\u00e1sico, T\u00e9cnico e Tecnol\u00f3gico.<\/p>\n<h2>Cargos<\/h2>\n<p>Os <strong>56<\/strong> Professores a serem selecionados para o Instituto Federal do Acre (IFAC) poder\u00e3o atuar nas \u00e1reas de Administra\u00e7\u00e3o (2); Agroneg\u00f3cio (2); Agronomia (1); Alimentos (1); Arquitetura (1); Artes &#8211; Artes Visuais (1); Biologia (2); Contabilidade (1); Direito (1); Economia (1); Educa\u00e7\u00e3o Especial E Inclusiva (4); Educa\u00e7\u00e3o F\u00edsica (1); Engenharia Ambiental (1); Engenharia de Produ\u00e7\u00e3o (1); Engenharia El\u00e9trica\/Eletr\u00f4nica (1); Engenharia Florestal (1); Espanhol (2); Filosofia (1); F\u00edsica (2); Geografia (1); Gest\u00e3o Ambiental (1); Hist\u00f3ria (3); Inform\u00e1tica (4); Ingl\u00eas (4); L\u00edngua Portuguesa (3); Matem\u00e1tica (4); Pedagogia (2); Psicologia (1); Qu\u00edmica (2); Sociologia (2); Veterin\u00e1ria (1) e Zootecnia (1).<\/p>\n<h2>Remunera\u00e7\u00e3o<\/h2>\n<p>As remunera\u00e7\u00f5es podem variar conforme a titula\u00e7\u00e3o do profissional, sendo assim os valores variam entre <strong>R$ 4.875,18<\/strong> e <strong>R$ 10.481,64<\/strong>.<\/p>\n<h2>Inscri\u00e7\u00f5es<\/h2>\n<p>Conforme o cronograma, as inscri\u00e7\u00f5es devem ser feitas do dia <strong>27 de novembro de 2023<\/strong> at\u00e9 o dia <strong>27 de dezembro de 2023<\/strong>. O site para inscri\u00e7\u00e3o \u00e9 www.idecan.org.br.<\/p>\n<p>A taxa de inscri\u00e7\u00e3o no Concurso P\u00fablico ser\u00e1 de:<\/p>\n<p><strong>R$ 140,00 (cento e quarenta reais):<\/strong> Professor da Carreira do Magist\u00e9rio do Ensino B\u00e1sico, T\u00e9cnico e Tecnol\u00f3gico E (N\u00edvel Superior).<\/p>\n<h2>Etapas<\/h2>\n<ol>\n<li><strong>Prova Objetiva<\/strong> de car\u00e1ter eliminat\u00f3rio e classificat\u00f3rio, a todos os participantes deste concurso.<\/li>\n<li><strong>Prova de Desenvolvimento Did\u00e1tico.<\/strong><\/li>\n<li><strong>Prova de T\u00edtulos.<\/strong><\/li>\n<\/ol>\n<p>As provas objetivas de m\u00faltipla escolha, ser\u00e1 realizada na data prevista de <strong>18 de fevereiro de 2024<\/strong>, nas cidades de Rio Branco e Cruzeiro do Sul.<\/p>\n","protected":false},"excerpt":{"rendered":"<p>Com o lan\u00e7amento do edital 001\/2023 \u00e9 aberto o Concurso P\u00fablico do <a href=\"https:\/\/www.ifac.edu.br\/\" target=\"_blank\" title=\"Instituto Federal de Educa\u00e7\u00e3o, Ci\u00eancia e Tecnologia do Acre\" rel=\"noopener\">IFAC<\/a> para sele\u00e7\u00e3o de 56 Professores do Magist\u00e9rio do Ensino B\u00e1sico, T\u00e9cnico e Tecnol\u00f3gico.<\/p>\n","protected":false},"author":7,"featured_media":234274,"comment_status":"open","ping_status":"open","sticky":false,"template":"","format":"standard","meta":{"_acf_changed":false,"_breakdance_hide_in_design_set":false,"_breakdance_tags":"","footnotes":""},"categories":[3,4,5,6433,126,9,121,10,117,141,6434,13,79,125,103,142,15,112,6436,111,20,116,22,25,26,6435,118,28],"tags":[38],"_amplo":[],"destaque":[],"instituicoes":[1274],"class_list":["post-234269","post","type-post","status-publish","format-standard","has-post-thumbnail","hentry","category-administracao","category-agronomia","category-arquitetura","category-biologia-licenciatura","category-ciencia-computacao","category-ciencias-contabeis","category-ciencias-sociais","category-direito","category-economia","category-educacao-artistica","category-educacao-fisica-licenciatura","category-engenharia-ambiental","category-engenharia-alimentos","category-engenharia-producao","category-engenharia-eletrica","category-engenharia-eletronica","category-engenharia-florestal","category-filosofia","category-fisica-licenciatura","category-geografia","category-letras","category-matematica","category-veterinaria","category-pedagogia","category-psicologia","category-quimica-licenciatura","category-sociologia","category-zootecnia","tag-acre","instituicoes-instituto-federal-de-educacao-ciencia-e-tecnologia-do-acre-ifac"],"acf":{"_tipo_vagas":"vagas","_numero_vagas":56,"_quadro_vagas":234272,"_cargos":"professores","_cargos_especificos":"","_salario_max":"R$ 10.481,64","_abertura":"20231127","_encerramento":"20231227","_inscricoes":"https:\/\/www.idecan.org.br\/","_executora_concurso":39344,"_instituicao_concurso":[1274],"_link_adicional":null,"_anexos":[{"_arquivo_anexo":234271,"_titulo_anexo":"Edital 001\/2023"}],"_produtos":null,"_vagas":"","_salario_min":"","_instituicao":"","_edital":"","_anexos_edital":"","_fund_incompleto":"","_fund_completo":"","_medio":"","_superior":""},"_links":{"self":[{"href":"https:\/\/www.agrobase.com.br\/concursos\/wp-json\/wp\/v2\/posts\/234269","targetHints":{"allow":["GET"]}}],"collection":[{"href":"https:\/\/www.agrobase.com.br\/concursos\/wp-json\/wp\/v2\/posts"}],"about":[{"href":"https:\/\/www.agrobase.com.br\/concursos\/wp-json\/wp\/v2\/types\/post"}],"author":[{"embeddable":true,"href":"https:\/\/www.agrobase.com.br\/concursos\/wp-json\/wp\/v2\/users\/7"}],"replies":[{"embeddable":true,"href":"https:\/\/www.agrobase.com.br\/concursos\/wp-json\/wp\/v2\/comments?post=234269"}],"version-history":[{"count":0,"href":"https:\/\/www.agrobase.com.br\/concursos\/wp-json\/wp\/v2\/posts\/234269\/revisions"}],"acf:term":[{"embeddable":true,"taxonomy":"instituicoes","href":"https:\/\/www.agrobase.com.br\/concursos\/wp-json\/wp\/v2\/instituicoes\/1274"}],"acf:post":[{"embeddable":true,"href":"https:\/\/www.agrobase.com.br\/concursos\/wp-json\/wp\/v2\/executora\/39344"}],"wp:featuredmedia":[{"embeddable":true,"href":"https:\/\/www.agrobase.com.br\/concursos\/wp-json\/wp\/v2\/media\/234274"}],"wp:attachment":[{"href":"https:\/\/www.agrobase.com.br\/concursos\/wp-json\/wp\/v2\/media?parent=234269"}],"wp:term":[{"taxonomy":"category","embeddable":true,"href":"https:\/\/www.agrobase.com.br\/concursos\/wp-json\/wp\/v2\/categories?post=234269"},{"taxonomy":"post_tag","embeddable":true,"href":"https:\/\/www.agrobase.com.br\/concursos\/wp-json\/wp\/v2\/tags?post=234269"},{"taxonomy":"_amplo","embeddable":true,"href":"https:\/\/www.agrobase.com.br\/concursos\/wp-json\/wp\/v2\/_amplo?post=234269"},{"taxonomy":"destaque","embeddable":true,"href":"https:\/\/www.agrobase.com.br\/concursos\/wp-json\/wp\/v2\/destaque?post=234269"},{"taxonomy":"instituicoes","embeddable":true,"href":"https:\/\/www.agrobase.com.br\/concursos\/wp-json\/wp\/v2\/instituicoes?post=234269"}],"curies":[{"name":"wp","href":"https:\/\/api.w.org\/{rel}","templated":true}]}}