{"id":234137,"date":"2023-11-24T07:50:40","date_gmt":"2023-11-24T10:50:40","guid":{"rendered":"https:\/\/www.agrobase.com.br\/concursos\/?p=234137"},"modified":"2023-11-24T10:22:34","modified_gmt":"2023-11-24T13:22:34","slug":"processo-seletivo-de-embu-das-artes-sp-edital-003-2023","status":"publish","type":"post","link":"https:\/\/www.agrobase.com.br\/concursos\/2023\/processo-seletivo-de-embu-das-artes-sp-edital-003-2023\/","title":{"rendered":"Processo Seletivo de Embu das Artes &#8211; SP | Edital 003\/2023"},"content":{"rendered":"<p>A Prefeitura de Embu das Artes &#8211; SP anuncia a realiza\u00e7\u00e3o de um Processo Seletivo, com o objetivo de preencher 173 vagas de profissionais de n\u00edvel m\u00e9dio.<\/p>\n<p>Esta sele\u00e7\u00e3o oferece oportunidades nas seguintes fun\u00e7\u00f5es: Agente Comunit\u00e1rio de Sa\u00fade &#8211; Ressaca (6); Agente Comunit\u00e1rio de Sa\u00fade &#8211; Ivone Trindade &#8211; Jardim Valo Verde (10); Agente Comunit\u00e1rio de Sa\u00fade &#8211; Jardim Santa Em\u00edlia (5); Agente Comunit\u00e1rio de Sa\u00fade &#8211; Jardim S\u00e3o Luiz (15); Agente Comunit\u00e1rio de Sa\u00fade &#8211; Jos\u00e9 Carlos Gon\u00e7alves &#8211; Jardim S\u00e3o Marcos (40); Agente Comunit\u00e1rio de Sa\u00fade &#8211; Eufr\u00e1sio Pereira da Costa (15); Agente Comunit\u00e1rio de Sa\u00fade &#8211; Maria de Lemos &#8211; Jardim Santa Tereza (10); Agente Comunit\u00e1rio de Sa\u00fade &#8211; Marluce Gouveia &#8211; Jardim Santo Eduardo (10); Agente Comunit\u00e1rio de Sa\u00fade &#8211; Jardim Mim\u00e1s (5); Agente Comunit\u00e1rio de Sa\u00fade &#8211; Jardim Nossa Senhora de F\u00e1tima (15); Agente Comunit\u00e1rio de Sa\u00fade &#8211; Itatuba (6); Agente Comunit\u00e1rio de Sa\u00fade &#8211; Jardim Independ\u00eancia (20) e Agente de Combate as Endemias (16).<\/p>\n<p>Para concorrer a uma das oportunidades \u00e9 necess\u00e1rio que o candidato possua escolaridade exigida, al\u00e9m de residir na \u00e1rea de abrang\u00eancia da unidade b\u00e1sica de sa\u00fade em que deseja atuar.<\/p>\n<p>Ao serem admitidos, os profissionais dever\u00e3o cumprir jornadas de 40 horas semanais e contar\u00e3o com remunera\u00e7\u00e3o de R$ 2.640,00 ao m\u00eas.<\/p>\n<p>As inscri\u00e7\u00f5es come\u00e7aram dia 16 de novembro de 2023 e seguem at\u00e9 \u00e0s 16h do dia 05 de dezembro de 2023, tendo que ser feito de forma online, pelo site da organizadora Inepam. A confirma\u00e7\u00e3o ser\u00e1 feita mediante o pagamento da taxa de inscri\u00e7\u00e3o no valor de R$ 59,00.<\/p>\n","protected":false},"excerpt":{"rendered":"<p>A Prefeitura de Embu das Artes &#8211; SP anuncia a realiza\u00e7\u00e3o de um Processo Seletivo, com o objetivo de preencher 173 vagas de profissionais de n\u00edvel m\u00e9dio.<\/p>\n","protected":false},"author":7,"featured_media":234140,"comment_status":"open","ping_status":"open","sticky":false,"template":"","format":"standard","meta":{"_acf_changed":false,"_breakdance_hide_in_design_set":false,"_breakdance_tags":"","footnotes":""},"categories":[1],"tags":[62],"_amplo":[6427],"destaque":[],"instituicoes":[831],"class_list":["post-234137","post","type-post","status-publish","format-standard","has-post-thumbnail","hentry","category-sem-categoria","tag-sao-paulo","_amplo-nivel-medio","instituicoes-prefeitura-municipal-de-embu-das-artes-sp"],"acf":{"_tipo_vagas":"vagas","_numero_vagas":173,"_quadro_vagas":"","_cargos":"diversos","_cargos_especificos":"","_salario_max":"R$ 2.640,00","_abertura":"20231116","_encerramento":"20231205","_inscricoes":"http:\/\/www.inepam.org.br\/concurso\/concursoPaginaInterna.do?idInstituicao=14&amp;idConcurso=5","_executora_concurso":204850,"_instituicao_concurso":[831],"_link_adicional":null,"_anexos":[{"_arquivo_anexo":234142,"_titulo_anexo":"Edital 003\/2023"}],"_produtos":null,"_vagas":"","_salario_min":"","_instituicao":"","_edital":"","_anexos_edital":"","_fund_incompleto":"","_fund_completo":"","_medio":"","_superior":""},"_links":{"self":[{"href":"https:\/\/www.agrobase.com.br\/concursos\/wp-json\/wp\/v2\/posts\/234137","targetHints":{"allow":["GET"]}}],"collection":[{"href":"https:\/\/www.agrobase.com.br\/concursos\/wp-json\/wp\/v2\/posts"}],"about":[{"href":"https:\/\/www.agrobase.com.br\/concursos\/wp-json\/wp\/v2\/types\/post"}],"author":[{"embeddable":true,"href":"https:\/\/www.agrobase.com.br\/concursos\/wp-json\/wp\/v2\/users\/7"}],"replies":[{"embeddable":true,"href":"https:\/\/www.agrobase.com.br\/concursos\/wp-json\/wp\/v2\/comments?post=234137"}],"version-history":[{"count":0,"href":"https:\/\/www.agrobase.com.br\/concursos\/wp-json\/wp\/v2\/posts\/234137\/revisions"}],"acf:term":[{"embeddable":true,"taxonomy":"instituicoes","href":"https:\/\/www.agrobase.com.br\/concursos\/wp-json\/wp\/v2\/instituicoes\/831"}],"acf:post":[{"embeddable":true,"href":"https:\/\/www.agrobase.com.br\/concursos\/wp-json\/wp\/v2\/executora\/204850"}],"wp:featuredmedia":[{"embeddable":true,"href":"https:\/\/www.agrobase.com.br\/concursos\/wp-json\/wp\/v2\/media\/234140"}],"wp:attachment":[{"href":"https:\/\/www.agrobase.com.br\/concursos\/wp-json\/wp\/v2\/media?parent=234137"}],"wp:term":[{"taxonomy":"category","embeddable":true,"href":"https:\/\/www.agrobase.com.br\/concursos\/wp-json\/wp\/v2\/categories?post=234137"},{"taxonomy":"post_tag","embeddable":true,"href":"https:\/\/www.agrobase.com.br\/concursos\/wp-json\/wp\/v2\/tags?post=234137"},{"taxonomy":"_amplo","embeddable":true,"href":"https:\/\/www.agrobase.com.br\/concursos\/wp-json\/wp\/v2\/_amplo?post=234137"},{"taxonomy":"destaque","embeddable":true,"href":"https:\/\/www.agrobase.com.br\/concursos\/wp-json\/wp\/v2\/destaque?post=234137"},{"taxonomy":"instituicoes","embeddable":true,"href":"https:\/\/www.agrobase.com.br\/concursos\/wp-json\/wp\/v2\/instituicoes?post=234137"}],"curies":[{"name":"wp","href":"https:\/\/api.w.org\/{rel}","templated":true}]}}