{"id":234070,"date":"2023-11-23T08:20:51","date_gmt":"2023-11-23T11:20:51","guid":{"rendered":"https:\/\/www.agrobase.com.br\/concursos\/?p=234070"},"modified":"2023-11-22T14:06:25","modified_gmt":"2023-11-22T17:06:25","slug":"processos-seletivos-de-videira-sc-edital-018-2023-e-019-2023","status":"publish","type":"post","link":"https:\/\/www.agrobase.com.br\/concursos\/2023\/processos-seletivos-de-videira-sc-edital-018-2023-e-019-2023\/","title":{"rendered":"Processos Seletivos de Videira &#8211; SC | Edital 018\/2023 e 019\/2023"},"content":{"rendered":"<p>A Prefeitura de Videira anuncia dois Processos Seletivos, com o objetivo de formar cadastro reserva para profissionais de n\u00edvel fundamental, m\u00e9dio, t\u00e9cnico e superior.<\/p>\n<p>De acordo com os editais, as oportunidades s\u00e3o para os seguintes cargos:<\/p>\n<p>    Edital N\u00ba 018\/2023: Advogado do CREAS; Agente Administrativo II; Agente Social; Assistente Social; Auxiliar de Sa\u00fade Bucal; Auxiliar de Servi\u00e7os Gerais; Auxiliar Educacional; Auxiliar Operacional; Enfermeiro; Engenheiro Agrimensor; Engenheiro Civil; Farmac\u00eautico; Fiscal de Posturas; Fisioterapeuta; Fonoaudi\u00f3logo; Instrutor de Dan\u00e7a; M\u00e9dico; M\u00e9dico Cardiologista; M\u00e9dico Pediatra; M\u00e9dico Perito; M\u00e9dico Psiquiatra; M\u00e9dico Veterin\u00e1rio; Motorista; Operador Trator de Pneus, M\u00e1quinas de Varri\u00e7\u00e3o e Capina Mec\u00e2nica; Soldador (Mec\u00e2nico); T\u00e9cnico Agr\u00edcola; T\u00e9cnico de Enfermagem; T\u00e9cnico de Sa\u00fade Bucal e Terapeuta Ocupacional.<br \/>\n    Edital N\u00ba 019\/2023: Agente T\u00e9cnico Administrativo; Profissional de Educa\u00e7\u00e3o F\u00edsica &#8211; Atividades Adaptadas; Profissional de Educa\u00e7\u00e3o F\u00edsica &#8211; Atletismo; Profissional de Educa\u00e7\u00e3o F\u00edsica &#8211; Basquete; Profissional de Educa\u00e7\u00e3o F\u00edsica &#8211; Ciclismo; Profissional de Educa\u00e7\u00e3o F\u00edsica &#8211; Futebol; Profissional de Educa\u00e7\u00e3o F\u00edsica &#8211; Futsal; Profissional de Educa\u00e7\u00e3o F\u00edsica &#8211; Handebol; Profissional de Educa\u00e7\u00e3o F\u00edsica &#8211; Jud\u00f4; Profissional de Educa\u00e7\u00e3o F\u00edsica &#8211; Karat\u00ea; Profissional de Educa\u00e7\u00e3o F\u00edsica &#8211; Muscula\u00e7\u00e3o; Profissional de Educa\u00e7\u00e3o F\u00edsica &#8211; T\u00eanis; Profissional de Educa\u00e7\u00e3o F\u00edsica &#8211; T\u00eanis de Mesa; Profissional de Educa\u00e7\u00e3o F\u00edsica &#8211; Terceira Idade; Profissional de Educa\u00e7\u00e3o F\u00edsica &#8211; Voleibol.<\/p>\n<p>Ao serem admitidos, os profissionais dever\u00e3o cumprir jornadas de 20h a 40 horas semanais e contar\u00e3o com remunera\u00e7\u00e3o mensal de R$ 1.329,30 a R$ 25.566,38.<\/p>\n<p>Os interessados poder\u00e3o se inscrever de 17 de novembro de 2023 a 17 de dezembro de 2023, eletronicamente, pelo site da SC Treinamentos, mediante pagamento de taxa de inscri\u00e7\u00e3o de R$ 40,00 a R$ 90,00.<\/p>\n<p>A sele\u00e7\u00e3o dos candidatos ser\u00e1 feita por meio de avalia\u00e7\u00e3o objetiva, prevista para o dia 07 de janeiro de 2024, prova pr\u00e1tica e de t\u00edtulos.<\/p>\n","protected":false},"excerpt":{"rendered":"<p>A Prefeitura de Videira &#8211; SC anuncia dois Processos Seletivos, com o objetivo de formar cadastro reserva para profissionais de n\u00edvel fundamental, m\u00e9dio, t\u00e9cnico e superior.<\/p>\n","protected":false},"author":7,"featured_media":234075,"comment_status":"open","ping_status":"open","sticky":false,"template":"","format":"standard","meta":{"_acf_changed":false,"_breakdance_hide_in_design_set":false,"_breakdance_tags":"","footnotes":""},"categories":[10,6434,12,14,17,18,19,21,22,101,29,108,143,134],"tags":[61],"_amplo":[6427],"destaque":[],"instituicoes":[1817],"class_list":["post-234070","post","type-post","status-publish","format-standard","has-post-thumbnail","hentry","category-direito","category-educacao-fisica-licenciatura","category-enfermagem","category-engenharia","category-farmacia","category-fisioterapia","category-fonoaudiologia","category-medicina","category-veterinaria","category-servico-social","category-tecnico-agricola","category-tecnico-enfermagem","category-tecnico-odontologia","category-terapia-ocupacional","tag-santa-catarina","_amplo-nivel-medio","instituicoes-prefeitura-municipal-de-videira-sc"],"acf":{"_tipo_vagas":"cadastro de reserva","_numero_vagas":"","_quadro_vagas":"","_cargos":"diversos","_cargos_especificos":"","_salario_max":"R$ 25.566,38","_abertura":"20231117","_encerramento":"20231217","_inscricoes":"https:\/\/portal.sctreinamentos.selecao.site\/","_executora_concurso":78397,"_instituicao_concurso":[1817],"_link_adicional":null,"_anexos":[{"_arquivo_anexo":234072,"_titulo_anexo":"Edital 018\/2023"},{"_arquivo_anexo":234073,"_titulo_anexo":"Edital 019\/2023"}],"_produtos":null,"_vagas":"","_salario_min":"","_instituicao":"","_edital":"","_anexos_edital":"","_fund_incompleto":"","_fund_completo":"","_medio":"","_superior":""},"_links":{"self":[{"href":"https:\/\/www.agrobase.com.br\/concursos\/wp-json\/wp\/v2\/posts\/234070","targetHints":{"allow":["GET"]}}],"collection":[{"href":"https:\/\/www.agrobase.com.br\/concursos\/wp-json\/wp\/v2\/posts"}],"about":[{"href":"https:\/\/www.agrobase.com.br\/concursos\/wp-json\/wp\/v2\/types\/post"}],"author":[{"embeddable":true,"href":"https:\/\/www.agrobase.com.br\/concursos\/wp-json\/wp\/v2\/users\/7"}],"replies":[{"embeddable":true,"href":"https:\/\/www.agrobase.com.br\/concursos\/wp-json\/wp\/v2\/comments?post=234070"}],"version-history":[{"count":0,"href":"https:\/\/www.agrobase.com.br\/concursos\/wp-json\/wp\/v2\/posts\/234070\/revisions"}],"acf:term":[{"embeddable":true,"taxonomy":"instituicoes","href":"https:\/\/www.agrobase.com.br\/concursos\/wp-json\/wp\/v2\/instituicoes\/1817"}],"acf:post":[{"embeddable":true,"href":"https:\/\/www.agrobase.com.br\/concursos\/wp-json\/wp\/v2\/executora\/78397"}],"wp:featuredmedia":[{"embeddable":true,"href":"https:\/\/www.agrobase.com.br\/concursos\/wp-json\/wp\/v2\/media\/234075"}],"wp:attachment":[{"href":"https:\/\/www.agrobase.com.br\/concursos\/wp-json\/wp\/v2\/media?parent=234070"}],"wp:term":[{"taxonomy":"category","embeddable":true,"href":"https:\/\/www.agrobase.com.br\/concursos\/wp-json\/wp\/v2\/categories?post=234070"},{"taxonomy":"post_tag","embeddable":true,"href":"https:\/\/www.agrobase.com.br\/concursos\/wp-json\/wp\/v2\/tags?post=234070"},{"taxonomy":"_amplo","embeddable":true,"href":"https:\/\/www.agrobase.com.br\/concursos\/wp-json\/wp\/v2\/_amplo?post=234070"},{"taxonomy":"destaque","embeddable":true,"href":"https:\/\/www.agrobase.com.br\/concursos\/wp-json\/wp\/v2\/destaque?post=234070"},{"taxonomy":"instituicoes","embeddable":true,"href":"https:\/\/www.agrobase.com.br\/concursos\/wp-json\/wp\/v2\/instituicoes?post=234070"}],"curies":[{"name":"wp","href":"https:\/\/api.w.org\/{rel}","templated":true}]}}