{"id":233463,"date":"2023-11-14T07:40:47","date_gmt":"2023-11-14T10:40:47","guid":{"rendered":"https:\/\/www.agrobase.com.br\/concursos\/?p=233463"},"modified":"2023-11-13T13:17:22","modified_gmt":"2023-11-13T16:17:22","slug":"processo-seletivo-de-ipira-sc-edital-001-2023","status":"publish","type":"post","link":"https:\/\/www.agrobase.com.br\/concursos\/2023\/processo-seletivo-de-ipira-sc-edital-001-2023\/","title":{"rendered":"Processo Seletivo de Ipira &#8211; SC | Edital 001\/2023"},"content":{"rendered":"<p>A Prefeitura de Ipira &#8211; SC anuncia a realiza\u00e7\u00e3o de um Processo Seletivo, que tem por objetivo o preenchimento de 15 vagas de profissionais tempor\u00e1rios.<\/p>\n<p>H\u00e1 oportunidades dispon\u00edveis entre os seguintes cargos: Professor de Educa\u00e7\u00e3o Infantil &#8211; Habilitado (1); Professor de Educa\u00e7\u00e3o Infantil &#8211; N\u00e3o Habilitado; Professor Fundamental &#8211; Anos Iniciais &#8211; Habilitado (3); Professor Fundamental &#8211; Anos Iniciais &#8211; N\u00e3o Habilitado; Professor de Atendimento Educacional Especializado AEE &#8211; Habilitado (1); Professor de Atendimento Educacional Especializado AEE &#8211; N\u00e3o Habilitado; Professor de Educa\u00e7\u00e3o F\u00edsica &#8211; Habilitado (1); Professor de Educa\u00e7\u00e3o F\u00edsica &#8211; N\u00e3o Habilitado; Professor de Educa\u00e7\u00e3o Musical -Habilitado (1); Professor de Educa\u00e7\u00e3o Musical &#8211; N\u00e3o Habilitado; Professor de Artes &#8211; Habilitado (1); Professor de Artes &#8211; N\u00e3o Habilitado Professor de Letras L\u00edngua Portuguesa &#8211; Habilitado (1); Professor de Letras L\u00edngua Portuguesa &#8211; N\u00e3o Habilitado; Professor de Letras L\u00edngua Inglesa &#8211; Habilitado (1); Professor de Letras L\u00edngua Inglesa &#8211; N\u00e3o Habilitado; Professor de Hist\u00f3ria &#8211; Habilitado (1); Professor de Hist\u00f3ria &#8211; N\u00e3o Habilitado; Professor de Geografia &#8211; Habilitado (1); Professor de Geografia &#8211; N\u00e3o Habilitado; Professor de Matem\u00e1tica &#8211; Habilitado (1); Professor de Matem\u00e1tica &#8211; N\u00e3o Habilitado; Professor de Ensino Religioso &#8211; Habilitado; Professor de Ensino Religioso &#8211; N\u00e3o Habilitado; Auxiliar de Educa\u00e7\u00e3o &#8211; Habilitado (1); Auxiliar de Educa\u00e7\u00e3o &#8211; N\u00e3o Habilitado; Auxiliar de Educa\u00e7\u00e3o &#8211; Habilitado (1); Auxiliar de Educa\u00e7\u00e3o &#8211; N\u00e3o Habilitado; e Fonoaudi\u00f3logo.<\/p>\n<p>Ao ser contratado, o profissional deve exercer fun\u00e7\u00f5es em jornadas de 10h a 40 horas semanais, referente a remunera\u00e7\u00e3o mensal de R$ 732,44 a R$ 3.963,35.<\/p>\n<p>Os interessados em participar do Processo Seletivo, podem se inscrever no per\u00edodo de 06 de novembro de 2023 at\u00e9 as 14h do dia 05 de dezembro de 2023, por meio do site da empresa Aprender.com.<\/p>\n<p>A taxa de inscri\u00e7\u00e3o varia entre R$ 20,00 e R$ 80,00.<\/p>\n<p>Como forma de classifica\u00e7\u00e3o, os candidatos ser\u00e3o avaliados mediante aplica\u00e7\u00e3o de prova objetiva, na data prevista de 20 de dezembro de 2023, \u00e0s 19h30, em local a ser divulgado posteriormente.<\/p>\n","protected":false},"excerpt":{"rendered":"<p>A Prefeitura de Ipira &#8211; SC anuncia a realiza\u00e7\u00e3o de um Processo Seletivo, que tem por objetivo o preenchimento de 15 vagas de profissionais tempor\u00e1rios.<\/p>\n","protected":false},"author":7,"featured_media":233466,"comment_status":"open","ping_status":"open","sticky":false,"template":"","format":"standard","meta":{"_acf_changed":false,"_breakdance_hide_in_design_set":false,"_breakdance_tags":"","footnotes":""},"categories":[141,6434,19,20,116,25],"tags":[61],"_amplo":[6427],"destaque":[],"instituicoes":[3861],"class_list":["post-233463","post","type-post","status-publish","format-standard","has-post-thumbnail","hentry","category-educacao-artistica","category-educacao-fisica-licenciatura","category-fonoaudiologia","category-letras","category-matematica","category-pedagogia","tag-santa-catarina","_amplo-nivel-medio","instituicoes-prefeitura-municipal-de-ipira-sc"],"acf":{"_tipo_vagas":"vagas","_numero_vagas":15,"_quadro_vagas":233469,"_cargos":"diversos","_cargos_especificos":"","_salario_max":"R$ 3.963,35","_abertura":"20231106","_encerramento":"20231205","_inscricoes":"https:\/\/www.aprendersc.srv.br\/concursos\/publicacoes\/PREFEITURA+MUNICIPAL+DE+IPIRA\/177","_executora_concurso":40581,"_instituicao_concurso":[3861],"_link_adicional":null,"_anexos":[{"_arquivo_anexo":233468,"_titulo_anexo":"Edital 001\/2023"}],"_produtos":null,"_vagas":"","_salario_min":"","_instituicao":"","_edital":"","_anexos_edital":"","_fund_incompleto":"","_fund_completo":"","_medio":"","_superior":""},"_links":{"self":[{"href":"https:\/\/www.agrobase.com.br\/concursos\/wp-json\/wp\/v2\/posts\/233463","targetHints":{"allow":["GET"]}}],"collection":[{"href":"https:\/\/www.agrobase.com.br\/concursos\/wp-json\/wp\/v2\/posts"}],"about":[{"href":"https:\/\/www.agrobase.com.br\/concursos\/wp-json\/wp\/v2\/types\/post"}],"author":[{"embeddable":true,"href":"https:\/\/www.agrobase.com.br\/concursos\/wp-json\/wp\/v2\/users\/7"}],"replies":[{"embeddable":true,"href":"https:\/\/www.agrobase.com.br\/concursos\/wp-json\/wp\/v2\/comments?post=233463"}],"version-history":[{"count":0,"href":"https:\/\/www.agrobase.com.br\/concursos\/wp-json\/wp\/v2\/posts\/233463\/revisions"}],"acf:term":[{"embeddable":true,"taxonomy":"instituicoes","href":"https:\/\/www.agrobase.com.br\/concursos\/wp-json\/wp\/v2\/instituicoes\/3861"}],"acf:post":[{"embeddable":true,"href":"https:\/\/www.agrobase.com.br\/concursos\/wp-json\/wp\/v2\/executora\/40581"}],"wp:featuredmedia":[{"embeddable":true,"href":"https:\/\/www.agrobase.com.br\/concursos\/wp-json\/wp\/v2\/media\/233466"}],"wp:attachment":[{"href":"https:\/\/www.agrobase.com.br\/concursos\/wp-json\/wp\/v2\/media?parent=233463"}],"wp:term":[{"taxonomy":"category","embeddable":true,"href":"https:\/\/www.agrobase.com.br\/concursos\/wp-json\/wp\/v2\/categories?post=233463"},{"taxonomy":"post_tag","embeddable":true,"href":"https:\/\/www.agrobase.com.br\/concursos\/wp-json\/wp\/v2\/tags?post=233463"},{"taxonomy":"_amplo","embeddable":true,"href":"https:\/\/www.agrobase.com.br\/concursos\/wp-json\/wp\/v2\/_amplo?post=233463"},{"taxonomy":"destaque","embeddable":true,"href":"https:\/\/www.agrobase.com.br\/concursos\/wp-json\/wp\/v2\/destaque?post=233463"},{"taxonomy":"instituicoes","embeddable":true,"href":"https:\/\/www.agrobase.com.br\/concursos\/wp-json\/wp\/v2\/instituicoes?post=233463"}],"curies":[{"name":"wp","href":"https:\/\/api.w.org\/{rel}","templated":true}]}}