{"id":233225,"date":"2023-11-09T08:20:45","date_gmt":"2023-11-09T11:20:45","guid":{"rendered":"https:\/\/www.agrobase.com.br\/concursos\/?p=233225"},"modified":"2023-11-08T15:03:19","modified_gmt":"2023-11-08T18:03:19","slug":"processo-seletivo-de-videira-sc-edital-017-2023","status":"publish","type":"post","link":"https:\/\/www.agrobase.com.br\/concursos\/2023\/processo-seletivo-de-videira-sc-edital-017-2023\/","title":{"rendered":"Processo Seletivo de Videira &#8211; SC | Edital 017\/2023"},"content":{"rendered":"<p>A Prefeitura de Videira &#8211; SC anuncia a realiza\u00e7\u00e3o de um Processo Seletivo, que tem por objetivo a forma\u00e7\u00e3o de cadastro reserva de profissionais, em car\u00e1ter tempor\u00e1rio.<\/p>\n<p>H\u00e1 oportunidades dispon\u00edveis entre os seguintes cargos: Especialista em Educa\u00e7\u00e3o; Professor &#8211; \u00c1rea de Atua\u00e7\u00e3o Educa\u00e7\u00e3o Infantil; Professor &#8211; \u00c1rea de Atua\u00e7\u00e3o &#8211; Ensino Fundamental S\u00e9ries Iniciais; Professor &#8211; \u00c1rea de Atua\u00e7\u00e3o &#8211; Artes Ensino Infantil Fundamental; Professor &#8211; \u00c1rea de Atua\u00e7\u00e3o Ensino Fundamental S\u00e9ries Finais &#8211; Ci\u00eancias; Professor &#8211; \u00c1rea de Atua\u00e7\u00e3o Ensino Fundamental S\u00e9ries Finais &#8211; Geografia; Professor &#8211; \u00c1rea de Atua\u00e7\u00e3o Ensino Fundamental S\u00e9ries Finais &#8211; Hist\u00f3ria; Professor &#8211; \u00c1rea de Atua\u00e7\u00e3o Ensino Fundamental S\u00e9ries Finais &#8211; L\u00edngua Portuguesa; Professor &#8211; \u00c1rea de Atua\u00e7\u00e3o Ensino Fundamental S\u00e9ries Finais &#8211; Matem\u00e1tica; Professor &#8211; \u00c1rea de Atua\u00e7\u00e3o Ensino Fundamental S\u00e9ries Finais &#8211; Ensino Religioso; Professor &#8211; \u00c1rea de Atua\u00e7\u00e3o Educa\u00e7\u00e3o F\u00edsica Ensino Infantil e Fundamental; Professor &#8211; \u00c1rea de Atua\u00e7\u00e3o Ingl\u00eas; e Psicopedagogo Cl\u00ednico Institucional.<\/p>\n<p>Ao ser contratado, o profissional deve exercer fun\u00e7\u00f5es em jornadas de 40 horas semanais, referente a remunera\u00e7\u00e3o mensal de R$ 4.422,67 a R$ 5.010,92.<\/p>\n<p>Os interessados em participar do Processo Seletivo, podem se inscrever no per\u00edodo de 3 de novembro de 2023 a 3 de dezembro de 2023, por meio do site da empresa SC Treinamentos.<\/p>\n<p>Vale ressaltar que o pagamento da taxa no valor de R$ 90,00<\/p>\n","protected":false},"excerpt":{"rendered":"<p>A Prefeitura de Videira &#8211; SC anuncia a realiza\u00e7\u00e3o de um Processo Seletivo, que tem por objetivo a forma\u00e7\u00e3o de cadastro reserva de profissionais, em car\u00e1ter tempor\u00e1rio.<\/p>\n","protected":false},"author":7,"featured_media":233229,"comment_status":"open","ping_status":"open","sticky":false,"template":"","format":"standard","meta":{"_acf_changed":false,"_breakdance_hide_in_design_set":false,"_breakdance_tags":"","footnotes":""},"categories":[6433,141,6434,111,100,20,116,25,26],"tags":[61],"_amplo":[6427],"destaque":[],"instituicoes":[1817],"class_list":["post-233225","post","type-post","status-publish","format-standard","has-post-thumbnail","hentry","category-biologia-licenciatura","category-educacao-artistica","category-educacao-fisica-licenciatura","category-geografia","category-historia","category-letras","category-matematica","category-pedagogia","category-psicologia","tag-santa-catarina","_amplo-nivel-medio","instituicoes-prefeitura-municipal-de-videira-sc"],"acf":{"_tipo_vagas":"cadastro de reserva","_numero_vagas":"","_quadro_vagas":"","_cargos":"diversos","_cargos_especificos":"","_salario_max":"R$ 5.010,92","_abertura":"20231103","_encerramento":"20240103","_inscricoes":"https:\/\/portal.sctreinamentos.selecao.site\/edital\/ver\/643","_executora_concurso":78397,"_instituicao_concurso":[1817],"_link_adicional":null,"_anexos":[{"_arquivo_anexo":233227,"_titulo_anexo":"Edital 017\/2023"}],"_produtos":null,"_vagas":"","_salario_min":"","_instituicao":"","_edital":"","_anexos_edital":"","_fund_incompleto":"","_fund_completo":"","_medio":"","_superior":""},"_links":{"self":[{"href":"https:\/\/www.agrobase.com.br\/concursos\/wp-json\/wp\/v2\/posts\/233225","targetHints":{"allow":["GET"]}}],"collection":[{"href":"https:\/\/www.agrobase.com.br\/concursos\/wp-json\/wp\/v2\/posts"}],"about":[{"href":"https:\/\/www.agrobase.com.br\/concursos\/wp-json\/wp\/v2\/types\/post"}],"author":[{"embeddable":true,"href":"https:\/\/www.agrobase.com.br\/concursos\/wp-json\/wp\/v2\/users\/7"}],"replies":[{"embeddable":true,"href":"https:\/\/www.agrobase.com.br\/concursos\/wp-json\/wp\/v2\/comments?post=233225"}],"version-history":[{"count":0,"href":"https:\/\/www.agrobase.com.br\/concursos\/wp-json\/wp\/v2\/posts\/233225\/revisions"}],"acf:term":[{"embeddable":true,"taxonomy":"instituicoes","href":"https:\/\/www.agrobase.com.br\/concursos\/wp-json\/wp\/v2\/instituicoes\/1817"}],"acf:post":[{"embeddable":true,"href":"https:\/\/www.agrobase.com.br\/concursos\/wp-json\/wp\/v2\/executora\/78397"}],"wp:featuredmedia":[{"embeddable":true,"href":"https:\/\/www.agrobase.com.br\/concursos\/wp-json\/wp\/v2\/media\/233229"}],"wp:attachment":[{"href":"https:\/\/www.agrobase.com.br\/concursos\/wp-json\/wp\/v2\/media?parent=233225"}],"wp:term":[{"taxonomy":"category","embeddable":true,"href":"https:\/\/www.agrobase.com.br\/concursos\/wp-json\/wp\/v2\/categories?post=233225"},{"taxonomy":"post_tag","embeddable":true,"href":"https:\/\/www.agrobase.com.br\/concursos\/wp-json\/wp\/v2\/tags?post=233225"},{"taxonomy":"_amplo","embeddable":true,"href":"https:\/\/www.agrobase.com.br\/concursos\/wp-json\/wp\/v2\/_amplo?post=233225"},{"taxonomy":"destaque","embeddable":true,"href":"https:\/\/www.agrobase.com.br\/concursos\/wp-json\/wp\/v2\/destaque?post=233225"},{"taxonomy":"instituicoes","embeddable":true,"href":"https:\/\/www.agrobase.com.br\/concursos\/wp-json\/wp\/v2\/instituicoes?post=233225"}],"curies":[{"name":"wp","href":"https:\/\/api.w.org\/{rel}","templated":true}]}}