{"id":233146,"date":"2023-11-09T09:00:34","date_gmt":"2023-11-09T12:00:34","guid":{"rendered":"https:\/\/www.agrobase.com.br\/concursos\/?p=233146"},"modified":"2023-11-08T10:13:25","modified_gmt":"2023-11-08T13:13:25","slug":"concurso-publico-da-uffs-edital-789-2023","status":"publish","type":"post","link":"https:\/\/www.agrobase.com.br\/concursos\/2023\/concurso-publico-da-uffs-edital-789-2023\/","title":{"rendered":"Concurso P\u00fablico da UFFS | Edital 789\/2023"},"content":{"rendered":"<p>Foi divulgado edital de abertura de Concurso P\u00fablico da <a href=\"https:\/\/www.uffs.edu.br\/\" title=\"Universidade Federal da Fronteira Sul\" target=\"_blank\" rel=\"noopener\">UFFS<\/a>, que objetiva o preenchimento de 12 vagas de professores do magist\u00e9rio superior.<\/p>\n<h2>Cargos e Remunera\u00e7\u00e3o<\/h2>\n<p>A Universidade Federal da Fronteira Sul (UFFS) oferece <strong>12 vagas<\/strong> com lota\u00e7\u00e3o em Campi dos tr\u00eas estados do Sul: Chapec\u00f3 (SC), Laranjeiras do Sul (PR), Realeza (PR) e Passo Fundo (RS).<\/p>\n<p>As oportunidades exigem, pelo menos, gradua\u00e7\u00e3o, especializa\u00e7\u00e3o, mestrado ou doutorado na \u00e1rea de atua\u00e7\u00e3o, conforme a \u00e1rea de interesse.<\/p>\n<p>Os requisitos espec\u00edficos s\u00e3o cumulativos, ou seja, o candidato no momento da posse no cargo dever\u00e1 atender a todos os requisitos elencados relativos \u00e0 \u00e1rea de<br \/>\nconhecimento em que se encontra aprovado.<\/p>\n<p><strong>\u00c1rea de conhecimento 1: Sa\u00fade Coletiva (Campus Chapec\u00f3)<\/strong><br \/>\nRequisitos espec\u00edficos: Gradua\u00e7\u00e3o: Biomedicina ou Educa\u00e7\u00e3o F\u00edsica ou Enfermagem ou Farm\u00e1cia ou Fisioterapia ou Fonoaudiologia ou Medicina ou Nutri\u00e7\u00e3o ou Odontologia ou Psicologia ou Sa\u00fade Coletiva ou Servi\u00e7o Social ou Terapia Ocupacional; e Doutorado: Ci\u00eancias da Sa\u00fade ou Sa\u00fade P\u00fablica ou Sa\u00fade Coletiva ou Epidemiologia ou Ci\u00eancias Humanas.<\/p>\n<p><strong>\u00c1rea de conhecimento 2: Cirurgia (Campus Chapec\u00f3)<\/strong><br \/>\nRequisitos espec\u00edficos: Gradua\u00e7\u00e3o: Medicina; e Especializa\u00e7\u00e3o: Resid\u00eancia M\u00e9dica ou Especializa\u00e7\u00e3o em Cirurgia Geral ou Pr\u00e9-Requisito em \u00c1rea Cir\u00fargica B\u00e1sica.<\/p>\n<p><strong>\u00c1rea de conhecimento 3: Epidemiologia, Bioestat\u00edstica, Sa\u00fade Coletiva (Campus Chapec\u00f3)<\/strong><br \/>\nRequisitos espec\u00edficos: Gradua\u00e7\u00e3o: Biomedicina ou Educa\u00e7\u00e3o F\u00edsica ou Enfermagem ou Farm\u00e1cia ou Fisioterapia ou Fonoaudiologia ou Medicina ou Nutri\u00e7\u00e3o ou Odontologia ou Psicologia ou Sa\u00fade Coletiva ou Servi\u00e7o Social ou Terapia Ocupacional; e Doutorado: Ci\u00eancias da Sa\u00fade ou Epidemiologia ou Sa\u00fade Coletiva ou Sa\u00fade P\u00fablica.<\/p>\n<p><strong>\u00c1rea de conhecimento 4: Educa\u00e7\u00e3o\/Artes (Campus Chapeco)<\/strong><br \/>\nRequisitos espec\u00edficos: Gradua\u00e7\u00e3o: Licenciatura em Pedagogia ou Licenciatura em Artes; e Doutorado: Educa\u00e7\u00e3o.<\/p>\n<p><strong>\u00c1rea de conhecimento 5: Cuidado de Enfermagem ao Adulto e Idoso na Aten\u00e7\u00e3o B\u00e1sica (Campus Chapec\u00f3)<\/strong><br \/>\nRequisitos espec\u00edficos: Gradua\u00e7\u00e3o: Enfermagem; e Doutorado: Enfermagem, Sa\u00fade Coletiva ou Ci\u00eancias da Sa\u00fade.<\/p>\n<p><strong>\u00c1rea de conhecimento 6: Psicologia da educa\u00e7\u00e3o e teorias da aprendizagem (Campus Laranjeiras do Sul)<\/strong><br \/>\nRequisitos espec\u00edficos: Gradua\u00e7\u00e3o: Licenciatura em Psicologia; e Doutorado: Doutorado em Educa\u00e7\u00e3o.<\/p>\n<p><strong>\u00c1rea do conhecimento 7: Geografia (Campus Laranjeiras do Sul)<\/strong><br \/>\nRequisitos espec\u00edficos: Gradua\u00e7\u00e3o: Licenciatura em Geografia; e Doutorado: Geografia.<\/p>\n<p><strong>\u00c1rea de conhecimento 8: Pediatria (Campus Passo Fundo)<\/strong><br \/>\nRequisitos espec\u00edficos: Gradua\u00e7\u00e3o: Medicina; e Especializa\u00e7\u00e3o: Resid\u00eancia M\u00e9dica em Pediatria.<\/p>\n<p><strong>\u00c1rea de conhecimento 9: Nutri\u00e7\u00e3o Cl\u00ednica (Campus Realeza)<\/strong><br \/>\nRequisitos espec\u00edficos: Gradua\u00e7\u00e3o: Nutri\u00e7\u00e3o; e Doutorado: Nutri\u00e7\u00e3o, Nutri\u00e7\u00e3o e Metabolismo ou Nutri\u00e7\u00e3o Humana, Ci\u00eancias da Sa\u00fade ou Ci\u00eancias M\u00e9dicas ou Ci\u00eancias Biol\u00f3gicas.<\/p>\n<p><strong>\u00c1rea de conhecimento 10: L\u00edngua Espanhola e Lingu\u00edstica Aplicada (Campus Realeza)<\/strong><br \/>\nRequisitos espec\u00edficos: Gradua\u00e7\u00e3o: Licenciatura em Letras &#8211; Espanhol; e Doutorado: Educa\u00e7\u00e3o ou Estudos Lingu\u00edsticos ou Letras ou Lingu\u00edstica ou Lingu\u00edstica Aplicada.<\/p>\n<p><strong>\u00c1rea de conhecimento 11: Zoologia de Cordados; Geologia e Paleontologia; Biogeografia, Evolu\u00e7\u00e3o e Diversidade (Campus Realeza)<\/strong><br \/>\nRequisitos espec\u00edficos: Gradua\u00e7\u00e3o: Licenciatura em Ci\u00eancias Biol\u00f3gicas; e Doutorado: Zoologia ou Diversidade Animal ou Biologia Animal Comparada.<\/p>\n<p><strong>\u00c1rea de conhecimento 12: Filosofia e Educa\u00e7\u00e3o (Campus Realeza)<\/strong><br \/>\nRequisitos espec\u00edficos: Gradua\u00e7\u00e3o: Licenciatura em Filosofia; e Doutorado: Doutorado em Educa\u00e7\u00e3o.<\/p>\n<p>Os vencimentos mensais situam-se entre <strong>R$ 2.437,59<\/strong> e <strong>R$11.139,64<\/strong>, em jornadas de trabalho de <strong>20h<\/strong> ou de <strong>40 horas<\/strong> de trabalho em regime de Dedica\u00e7\u00e3o Exclusiva (DE).<\/p>\n<h2>Inscri\u00e7\u00e3o<\/h2>\n<ul>\n<li><strong>internet:<\/strong> o per\u00edodo para inscri\u00e7\u00f5es permanece aberto at\u00e9 do dia <strong>09<\/strong> o dia <strong>27 de novembro de 2022<\/strong>, mediante acesso e preenchimento do formul\u00e1rio de inscri\u00e7\u00e3o no endere\u00e7o eletr\u00f4nico da UFFS.<\/li>\n<\/ul>\n<p>O valor da taxa de inscri\u00e7\u00e3o ser\u00e1 de <strong>R$ 250,00 (duzentos e cinquenta reais)<\/strong> para todos.<\/p>\n<h2>Provas<\/h2>\n<p>Conforme o cargo as provas aplicadas ser\u00e3o:<\/p>\n<ul>\n<li><strong>Prova de Conhecimentos:<\/strong> prevista para <strong>09 de dezembro de 2023<\/strong>.<\/li>\n<li><strong>Prova Did\u00e1tica.<\/strong> A ser realizada em <strong>16 de dezembro de 2023<\/strong>.<\/li>\n<li><strong>Prova de T\u00edtulos.<\/strong> A entrega dos comprovantes de t\u00edtulos deve ser feita no dia da prova did\u00e1tica.<\/li>\n<\/ul>\n<h2>Resultado<\/h2>\n<p>A publica\u00e7\u00e3o oficial do resultado final est\u00e1 prevista para o dia <strong>10 de janeiro de 2024<\/strong>.<\/p>\n","protected":false},"excerpt":{"rendered":"<p>Foi divulgado edital de abertura de Concurso P\u00fablico da <a href=\"https:\/\/www.uffs.edu.br\/\" title=\"Universidade Federal da Fronteira Sul\" target=\"_blank\" rel=\"noopener\">UFFS<\/a>, que objetiva o preenchimento de 12 vagas de professores do magist\u00e9rio superior.<\/p>\n","protected":false},"author":7,"featured_media":233150,"comment_status":"open","ping_status":"open","sticky":false,"template":"","format":"standard","meta":{"_acf_changed":false,"_breakdance_hide_in_design_set":false,"_breakdance_tags":"","footnotes":""},"categories":[6433,7,141,6434,12,17,112,18,19,111,20,21,23,24,25,26,101,134],"tags":[52,58,61],"_amplo":[],"destaque":[],"instituicoes":[212],"class_list":["post-233146","post","type-post","status-publish","format-standard","has-post-thumbnail","hentry","category-biologia-licenciatura","category-biomedicina","category-educacao-artistica","category-educacao-fisica-licenciatura","category-enfermagem","category-farmacia","category-filosofia","category-fisioterapia","category-fonoaudiologia","category-geografia","category-letras","category-medicina","category-nutricao","category-odontologia","category-pedagogia","category-psicologia","category-servico-social","category-terapia-ocupacional","tag-parana","tag-rio-grande-sul","tag-santa-catarina","instituicoes-universidade-federal-da-fronteira-sul-uffs"],"acf":{"_tipo_vagas":"vagas","_numero_vagas":12,"_quadro_vagas":"","_cargos":"professores","_cargos_especificos":"","_salario_max":"R$ 11.139,64","_abertura":"20231109","_encerramento":"20231127","_inscricoes":"https:\/\/concursos.uffs.edu.br\/","_executora_concurso":"","_instituicao_concurso":[212],"_link_adicional":null,"_anexos":[{"_arquivo_anexo":233148,"_titulo_anexo":"Edital 789\/2023"}],"_produtos":null,"_vagas":"","_salario_min":"","_instituicao":"","_edital":"","_anexos_edital":"","_fund_incompleto":"","_fund_completo":"","_medio":"","_superior":""},"_links":{"self":[{"href":"https:\/\/www.agrobase.com.br\/concursos\/wp-json\/wp\/v2\/posts\/233146","targetHints":{"allow":["GET"]}}],"collection":[{"href":"https:\/\/www.agrobase.com.br\/concursos\/wp-json\/wp\/v2\/posts"}],"about":[{"href":"https:\/\/www.agrobase.com.br\/concursos\/wp-json\/wp\/v2\/types\/post"}],"author":[{"embeddable":true,"href":"https:\/\/www.agrobase.com.br\/concursos\/wp-json\/wp\/v2\/users\/7"}],"replies":[{"embeddable":true,"href":"https:\/\/www.agrobase.com.br\/concursos\/wp-json\/wp\/v2\/comments?post=233146"}],"version-history":[{"count":0,"href":"https:\/\/www.agrobase.com.br\/concursos\/wp-json\/wp\/v2\/posts\/233146\/revisions"}],"acf:term":[{"embeddable":true,"taxonomy":"instituicoes","href":"https:\/\/www.agrobase.com.br\/concursos\/wp-json\/wp\/v2\/instituicoes\/212"}],"wp:featuredmedia":[{"embeddable":true,"href":"https:\/\/www.agrobase.com.br\/concursos\/wp-json\/wp\/v2\/media\/233150"}],"wp:attachment":[{"href":"https:\/\/www.agrobase.com.br\/concursos\/wp-json\/wp\/v2\/media?parent=233146"}],"wp:term":[{"taxonomy":"category","embeddable":true,"href":"https:\/\/www.agrobase.com.br\/concursos\/wp-json\/wp\/v2\/categories?post=233146"},{"taxonomy":"post_tag","embeddable":true,"href":"https:\/\/www.agrobase.com.br\/concursos\/wp-json\/wp\/v2\/tags?post=233146"},{"taxonomy":"_amplo","embeddable":true,"href":"https:\/\/www.agrobase.com.br\/concursos\/wp-json\/wp\/v2\/_amplo?post=233146"},{"taxonomy":"destaque","embeddable":true,"href":"https:\/\/www.agrobase.com.br\/concursos\/wp-json\/wp\/v2\/destaque?post=233146"},{"taxonomy":"instituicoes","embeddable":true,"href":"https:\/\/www.agrobase.com.br\/concursos\/wp-json\/wp\/v2\/instituicoes?post=233146"}],"curies":[{"name":"wp","href":"https:\/\/api.w.org\/{rel}","templated":true}]}}