{"id":232564,"date":"2023-10-30T08:50:39","date_gmt":"2023-10-30T11:50:39","guid":{"rendered":"https:\/\/www.agrobase.com.br\/concursos\/?p=232564"},"modified":"2023-10-27T17:28:32","modified_gmt":"2023-10-27T20:28:32","slug":"divulgados-13-processos-seletivos-da-fhemig","status":"publish","type":"post","link":"https:\/\/www.agrobase.com.br\/concursos\/2023\/divulgados-13-processos-seletivos-da-fhemig\/","title":{"rendered":"Divulgados 13 Processos Seletivos da FHEMIG"},"content":{"rendered":"<p>Ser\u00e3o recebidas as inscri\u00e7\u00f5es para 13 Processos Seletivos da Funda\u00e7\u00e3o Hospitalar do Estado de Minas Gerais (FHEMIG), que buscam a admiss\u00e3o de 147 profissionais com forma\u00e7\u00e3o de n\u00edveis m\u00e9dio\/t\u00e9cnico e superior.<\/p>\n<p>Os profissionais admitidos dever\u00e3o atuar em jornadas de 12 a 40 horas semanais de trabalho, com remunera\u00e7\u00f5es que variam de R$ 1.230,80 a R$ 11.982,14 ao m\u00eas.<\/p>\n<p>As oportunidades dispon\u00edveis ser\u00e3o destinadas aos cargos listados abaixo:<\/p>\n<p>Edital 181\/2023: Farmac\u00eautico (1); Fisioterapeuta (1);<\/p>\n<p>Edital 184\/2023: Farmac\u00eautico Bioqu\u00edmico\/ Biom\u00e9dico (3); Fisioterapeuta Respirat\u00f3rio (1);<\/p>\n<p>Edital 185\/2023: Enfermeiro Obstetra (1);<\/p>\n<p>Edital 186\/2023: Enfermeiro (1); M\u00e9dico Cl\u00ednico (1); M\u00e9dico Dermatologista (1); Assistente Social (1);<\/p>\n<p>Edital 187\/2023: T\u00e9cnico de Enfermagem (1);<\/p>\n<p>Edital 188\/2023: Assistente social (1); Farmac\u00eautico bioqu\u00edmico ou generalista (\u00e1rea de atua\u00e7\u00e3o: an\u00e1lises cl\u00ednicas) ou biom\u00e9dico (1);<\/p>\n<p>Edital 191\/2023: Auxiliar Administrativo (1);<\/p>\n<p>Edital 193\/2023: Nutricionista (1);<\/p>\n<p>Edital 195\/2023: Auxiliar Administrativo (1);<\/p>\n<p>Edital 196\/2023: M\u00e9dico Oftalmologista (1); M\u00e9dico Generalista (1);<\/p>\n<p>Edital 197\/2023: M\u00e9dico Radiologista e Diagn\u00f3stico por Imagem Radiologia, Ultrassonografia e Tomografia Computadorizada (6); M\u00e9dico Pediatra (20); M\u00e9dico Cirurgi\u00e3o Pedi\u00e1trico (4); M\u00e9dico Cirurgi\u00e3o Vascular (4); M\u00e9dico Neurocirurgi\u00e3o (5); M\u00e9dico Cirurgi\u00e3o Pl\u00e1stico (9); M\u00e9dico Anestesiologista (32); M\u00e9dico Generalista (atua\u00e7\u00e3o na cl\u00ednica m\u00e9dica) (13); M\u00e9dico Generalista (atua\u00e7\u00e3o na pediatria) (11); M\u00e9dico Otorrinolaringologista (3); M\u00e9dico Ortopedista e Traumatologista (10); M\u00e9dico do Trabalho (2); M\u00e9dico Generalista (atua\u00e7\u00e3o na Radiologia) (3);<\/p>\n<p>Edital 198\/2023: Farmac\u00eautico (Bioquimico) (1); Terapeuta Ocupacional (1); T\u00e9cnico em Farm\u00e1cia (1); T\u00e9cnico em Inform\u00e1tica (1); T\u00e9cnico em Enfermagem do trabalho (1);<\/p>\n<p>Edital 200\/2023: M\u00e9dico Especialista (Cardiologia, Pneumologia, Oncologia Cl\u00ednica, Oncologia Pedi\u00e1trica) ou cl\u00ednico, ginecologista obstetra, pediatra com mestrado (1).<\/p>\n<p>Os interessados em participar da sele\u00e7\u00e3o dever\u00e3o inscrever-se at\u00e9 \u00e0s 17h do dia 31 de outubro de 2023, apenas de maneira online por meio do endere\u00e7o eletr\u00f4nico da FHEMIG.<\/p>\n","protected":false},"excerpt":{"rendered":"<p>Ser\u00e3o recebidas as inscri\u00e7\u00f5es para 13 Processos Seletivos da Funda\u00e7\u00e3o Hospitalar do Estado de Minas Gerais (FHEMIG), que buscam a admiss\u00e3o de 147 profissionais com forma\u00e7\u00e3o de n\u00edveis m\u00e9dio\/t\u00e9cnico e superior.<\/p>\n","protected":false},"author":7,"featured_media":232567,"comment_status":"open","ping_status":"open","sticky":false,"template":"","format":"standard","meta":{"_acf_changed":false,"_breakdance_hide_in_design_set":false,"_breakdance_tags":"","footnotes":""},"categories":[7,106,12,17,18,21,23,101,108,130,134],"tags":[50],"_amplo":[],"destaque":[],"instituicoes":[842],"class_list":["post-232564","post","type-post","status-publish","format-standard","has-post-thumbnail","hentry","category-biomedicina","category-bioquimica","category-enfermagem","category-farmacia","category-fisioterapia","category-medicina","category-nutricao","category-servico-social","category-tecnico-enfermagem","category-tecnico-informatica","category-terapia-ocupacional","tag-minas-gerais","instituicoes-fundacao-hospitalar-do-estado-de-minas-gerais-fhemig"],"acf":{"_tipo_vagas":"vagas","_numero_vagas":147,"_quadro_vagas":"","_cargos":"diversos","_cargos_especificos":"","_salario_max":"R$ 11.982,14","_abertura":"20231025","_encerramento":"20231031","_inscricoes":"","_executora_concurso":"","_instituicao_concurso":[842],"_link_adicional":null,"_anexos":[{"_arquivo_anexo":232570,"_titulo_anexo":"Edital 181\/2023"},{"_arquivo_anexo":232571,"_titulo_anexo":"Edital 184\/2023"},{"_arquivo_anexo":232572,"_titulo_anexo":"Edital 185\/2023"},{"_arquivo_anexo":232573,"_titulo_anexo":"Edital 186\/2023"},{"_arquivo_anexo":232574,"_titulo_anexo":"Edital 187\/2023"},{"_arquivo_anexo":232575,"_titulo_anexo":"Edital 188\/2023"},{"_arquivo_anexo":232576,"_titulo_anexo":"Edital 191\/2023"},{"_arquivo_anexo":232577,"_titulo_anexo":"Edital 193\/2023"},{"_arquivo_anexo":232578,"_titulo_anexo":"Edital 195\/2023"},{"_arquivo_anexo":232579,"_titulo_anexo":"Edital 196\/2023"},{"_arquivo_anexo":232580,"_titulo_anexo":"Edital 197\/2023"},{"_arquivo_anexo":232581,"_titulo_anexo":"Edital 198\/2023"},{"_arquivo_anexo":232582,"_titulo_anexo":"Edital 200\/2023"}],"_produtos":null,"_vagas":"","_salario_min":"","_instituicao":"","_edital":"","_anexos_edital":"","_fund_incompleto":"","_fund_completo":"","_medio":"","_superior":""},"_links":{"self":[{"href":"https:\/\/www.agrobase.com.br\/concursos\/wp-json\/wp\/v2\/posts\/232564","targetHints":{"allow":["GET"]}}],"collection":[{"href":"https:\/\/www.agrobase.com.br\/concursos\/wp-json\/wp\/v2\/posts"}],"about":[{"href":"https:\/\/www.agrobase.com.br\/concursos\/wp-json\/wp\/v2\/types\/post"}],"author":[{"embeddable":true,"href":"https:\/\/www.agrobase.com.br\/concursos\/wp-json\/wp\/v2\/users\/7"}],"replies":[{"embeddable":true,"href":"https:\/\/www.agrobase.com.br\/concursos\/wp-json\/wp\/v2\/comments?post=232564"}],"version-history":[{"count":0,"href":"https:\/\/www.agrobase.com.br\/concursos\/wp-json\/wp\/v2\/posts\/232564\/revisions"}],"acf:term":[{"embeddable":true,"taxonomy":"instituicoes","href":"https:\/\/www.agrobase.com.br\/concursos\/wp-json\/wp\/v2\/instituicoes\/842"}],"wp:featuredmedia":[{"embeddable":true,"href":"https:\/\/www.agrobase.com.br\/concursos\/wp-json\/wp\/v2\/media\/232567"}],"wp:attachment":[{"href":"https:\/\/www.agrobase.com.br\/concursos\/wp-json\/wp\/v2\/media?parent=232564"}],"wp:term":[{"taxonomy":"category","embeddable":true,"href":"https:\/\/www.agrobase.com.br\/concursos\/wp-json\/wp\/v2\/categories?post=232564"},{"taxonomy":"post_tag","embeddable":true,"href":"https:\/\/www.agrobase.com.br\/concursos\/wp-json\/wp\/v2\/tags?post=232564"},{"taxonomy":"_amplo","embeddable":true,"href":"https:\/\/www.agrobase.com.br\/concursos\/wp-json\/wp\/v2\/_amplo?post=232564"},{"taxonomy":"destaque","embeddable":true,"href":"https:\/\/www.agrobase.com.br\/concursos\/wp-json\/wp\/v2\/destaque?post=232564"},{"taxonomy":"instituicoes","embeddable":true,"href":"https:\/\/www.agrobase.com.br\/concursos\/wp-json\/wp\/v2\/instituicoes?post=232564"}],"curies":[{"name":"wp","href":"https:\/\/api.w.org\/{rel}","templated":true}]}}