{"id":231817,"date":"2023-10-18T09:00:11","date_gmt":"2023-10-18T12:00:11","guid":{"rendered":"https:\/\/www.agrobase.com.br\/concursos\/?p=231817"},"modified":"2023-12-05T08:07:32","modified_gmt":"2023-12-05T11:07:32","slug":"processo-seletivo-da-itaipu-binacional-pr-edital-001-2023","status":"publish","type":"post","link":"https:\/\/www.agrobase.com.br\/concursos\/2023\/processo-seletivo-da-itaipu-binacional-pr-edital-001-2023\/","title":{"rendered":"Processo Seletivo da Itaipu Binacional &#8211; PR | Edital 001\/2023"},"content":{"rendered":"<p>Foram abertas as inscri\u00e7\u00f5es do Processo Seletivo da Itaipu Binacional &#8211; PR, tal sele\u00e7\u00e3o deve preencher 31 vagas de servidores de n\u00edvel m\u00e9dio, t\u00e9cnico e superior.<\/p>\n<h2>Cargos<\/h2>\n<p>Conforme o edital 001\/2023 ser\u00e3o preenchidas vagas nas seguintes fun\u00e7\u00f5es:<\/p>\n<p><em>Administrador (1); Advogado (1); Analista de Sistemas (1); Analista de Suporte (1); Arquiteto (1); Assistente Social (1); Bi\u00f3logo (1); Engenheiro Civil (1); Engenheiro Eletricista ou de Produ\u00e7\u00e3o ou Mec\u00e2nico\/Projetos (1); Contador (1); Engenheiro de Seguran\u00e7a do Trabalho (1); Engenheiro Eletricista (1); Engenheiro Eletricista &#8211; Turno de Revezamento (1); Engenheiro Eletr\u00f4nico (1); Engenheiro H\u00eddrico (1); Engenheiro Mec\u00e2nico (1); Ge\u00f3grafo (1); Jornalista (1); Publicit\u00e1rio (1); Rela\u00e7\u00f5es P\u00fablicas (1); Rep\u00f3rter Fotogr\u00e1fico (1); Turism\u00f3logo (1); T\u00e9cnico Agr\u00edcola (1); T\u00e9cnico em Edifica\u00e7\u00f5es (1); T\u00e9cnico em Hidrologia (1); T\u00e9cnico em El\u00e9trica (1); T\u00e9cnico em Eletr\u00f4nica (1); T\u00e9cnico em Mec\u00e2nica (1); Operador de Usina (1); Administrativo (1) e Agente de Seguran\u00e7a (1)<\/em><\/p>\n<h2>Remunera\u00e7\u00e3o<\/h2>\n<p>Os sal\u00e1rios devem ficar entre os valores de <strong>R$ 4.005,76<\/strong> a <strong>R$ 8.902,42<\/strong>, al\u00e9m de benef\u00edcios. A atua\u00e7\u00e3o ser\u00e1 em jornadas semanais de <strong>40 horas<\/strong>.<\/p>\n<h2>Inscri\u00e7\u00f5es<\/h2>\n<p>TAXAS:<\/p>\n<p>n\u00edvel superior: R$ 119,13.<br \/>\nn\u00edvel t\u00e9cnico: R$ 93,40.<br \/>\nn\u00edvel m\u00e9dio: R$ 81,01.<\/p>\n<p>Ser\u00e1 admitida a solicita\u00e7\u00e3o de inscri\u00e7\u00e3o somente via internet, no endere\u00e7o eletr\u00f4nico http:\/\/www.cebraspe.org.br\/concursos\/itaipu_23, no per\u00edodo estabelecido no cronograma, que vai do dia <strong>23 de outubro de 2023<\/strong> a <strong>13 de novembro de 2023<\/strong>.<\/p>\n<h2>Provas<\/h2>\n<ol>\n<li><strong>Prova objetivas,<\/strong> para todos os cargos.<\/li>\n<li><strong>Prova Discursiva,<\/strong> apenas para o Cargo 2: Profissional de N\u00edvel Universit\u00e1rio Junior \u2013 Fun\u00e7\u00e3o: Advogado, para o Cargo 18: Profissional de N\u00edvel Universit\u00e1rio Junior \u2013 Fun\u00e7\u00e3o: Jornalista, para o Cargo 20: Profissional de N\u00edvel Universit\u00e1rio Junior \u2013 Fun\u00e7\u00e3o: Rela\u00e7\u00f5es P\u00fablicas e para o Cargo 21: Profissional de N\u00edvel Universit\u00e1rio Junior \u2013 Fun\u00e7\u00e3o: Rep\u00f3rter Fotogr\u00e1fico.<\/li>\n<li><strong>Teste de aptid\u00e3o f\u00edsica,<\/strong> somente para o Cargo 31: Profissional de N\u00edvel Suporte I \u2013 Fun\u00e7\u00e3o: Agente de Seguran\u00e7a.<\/li>\n<\/ol>\n<p>As provas objetivas, a prova discursiva e o teste de aptid\u00e3o f\u00edsica (para o Cargo 31: Profissional de N\u00edvel Suporte I \u2013 Fun\u00e7\u00e3o: Agente de Seguran\u00e7a), para todos os candidatos, bem como a avalia\u00e7\u00e3o biopsicossocial dos candidatos que solicitarem concorrer \u00e0s vagas reservadas \u00e0s pessoas com defici\u00eancia e o procedimento de heteroidentifica\u00e7\u00e3o complementar \u00e0 autodeclara\u00e7\u00e3o dos candidatos negros, ser\u00e3o realizados nas cidades de Curitiba\/PR e Foz do Igua\u00e7u\/PR.<\/p>\n<h2>Resultado<\/h2>\n<p>A data do resultado e demais datas ser\u00e3o informadas por meio dos editais subsequentes a serem publicados nos endere\u00e7os eletr\u00f4nicos https:\/\/www.itaipu.gov.br\/processos-seletivos e http:\/\/www.cebraspe.org.br\/concursos\/itaipu_23.<\/p>\n","protected":false},"excerpt":{"rendered":"<p>Foram abertas as inscri\u00e7\u00f5es do Processo Seletivo da Itaipu Binacional &#8211; PR, tal sele\u00e7\u00e3o deve preencher 31 vagas de servidores de n\u00edvel m\u00e9dio, t\u00e9cnico e superior.<\/p>\n","protected":false},"author":7,"featured_media":231822,"comment_status":"open","ping_status":"open","sticky":false,"template":"","format":"standard","meta":{"_acf_changed":false,"_breakdance_hide_in_design_set":false,"_breakdance_tags":"","footnotes":""},"categories":[3,5,6,126,9,120,10,13,14,125,103,142,104,152,111,99,124,110,101,29,30,150,123],"tags":[88,52],"_amplo":[6427],"destaque":[],"instituicoes":[1380],"class_list":["post-231817","post","type-post","status-publish","format-standard","has-post-thumbnail","hentry","category-administracao","category-arquitetura","category-biologia","category-ciencia-computacao","category-ciencias-contabeis","category-comunicacao-social","category-direito","category-engenharia-ambiental","category-engenharia","category-engenharia-producao","category-engenharia-eletrica","category-engenharia-eletronica","category-engenharia-mecanica","category-engenharia-seguranca-trabalho","category-geografia","category-jornalismo","category-publicidade","category-relacoes-publicas","category-servico-social","category-tecnico-agricola","category-tecnico-agropecuaria","category-tecnico-eletronica","category-turismo","tag-nacional","tag-parana","_amplo-nivel-medio","instituicoes-itaipu-binacional"],"acf":{"_tipo_vagas":"vagas","_numero_vagas":31,"_quadro_vagas":231820,"_cargos":"diversos","_cargos_especificos":"","_salario_max":"R$ 8.902,42","_abertura":"20231023","_encerramento":"20231113","_inscricoes":"https:\/\/www.cebraspe.org.br\/concursos\/itaipu_23","_executora_concurso":40267,"_instituicao_concurso":[1380],"_link_adicional":null,"_anexos":[{"_arquivo_anexo":231819,"_titulo_anexo":"Edital 001\/2023"}],"_produtos":null,"_vagas":"","_salario_min":"","_instituicao":"","_edital":"","_anexos_edital":"","_fund_incompleto":"","_fund_completo":"","_medio":"","_superior":""},"_links":{"self":[{"href":"https:\/\/www.agrobase.com.br\/concursos\/wp-json\/wp\/v2\/posts\/231817","targetHints":{"allow":["GET"]}}],"collection":[{"href":"https:\/\/www.agrobase.com.br\/concursos\/wp-json\/wp\/v2\/posts"}],"about":[{"href":"https:\/\/www.agrobase.com.br\/concursos\/wp-json\/wp\/v2\/types\/post"}],"author":[{"embeddable":true,"href":"https:\/\/www.agrobase.com.br\/concursos\/wp-json\/wp\/v2\/users\/7"}],"replies":[{"embeddable":true,"href":"https:\/\/www.agrobase.com.br\/concursos\/wp-json\/wp\/v2\/comments?post=231817"}],"version-history":[{"count":0,"href":"https:\/\/www.agrobase.com.br\/concursos\/wp-json\/wp\/v2\/posts\/231817\/revisions"}],"acf:term":[{"embeddable":true,"taxonomy":"instituicoes","href":"https:\/\/www.agrobase.com.br\/concursos\/wp-json\/wp\/v2\/instituicoes\/1380"}],"acf:post":[{"embeddable":true,"href":"https:\/\/www.agrobase.com.br\/concursos\/wp-json\/wp\/v2\/executora\/40267"}],"wp:featuredmedia":[{"embeddable":true,"href":"https:\/\/www.agrobase.com.br\/concursos\/wp-json\/wp\/v2\/media\/231822"}],"wp:attachment":[{"href":"https:\/\/www.agrobase.com.br\/concursos\/wp-json\/wp\/v2\/media?parent=231817"}],"wp:term":[{"taxonomy":"category","embeddable":true,"href":"https:\/\/www.agrobase.com.br\/concursos\/wp-json\/wp\/v2\/categories?post=231817"},{"taxonomy":"post_tag","embeddable":true,"href":"https:\/\/www.agrobase.com.br\/concursos\/wp-json\/wp\/v2\/tags?post=231817"},{"taxonomy":"_amplo","embeddable":true,"href":"https:\/\/www.agrobase.com.br\/concursos\/wp-json\/wp\/v2\/_amplo?post=231817"},{"taxonomy":"destaque","embeddable":true,"href":"https:\/\/www.agrobase.com.br\/concursos\/wp-json\/wp\/v2\/destaque?post=231817"},{"taxonomy":"instituicoes","embeddable":true,"href":"https:\/\/www.agrobase.com.br\/concursos\/wp-json\/wp\/v2\/instituicoes?post=231817"}],"curies":[{"name":"wp","href":"https:\/\/api.w.org\/{rel}","templated":true}]}}