{"id":231637,"date":"2023-10-16T09:00:18","date_gmt":"2023-10-16T12:00:18","guid":{"rendered":"https:\/\/www.agrobase.com.br\/concursos\/?p=231637"},"modified":"2023-10-12T12:04:18","modified_gmt":"2023-10-12T15:04:18","slug":"processo-seletivo-da-uneb-edital-109-2023","status":"publish","type":"post","link":"https:\/\/www.agrobase.com.br\/concursos\/2023\/processo-seletivo-da-uneb-edital-109-2023\/","title":{"rendered":"Processo Seletivo da Uneb | Edital 109\/2023"},"content":{"rendered":"<p>Anunciado pela Universidade do Estado da Bahia (<a href=\"https:\/\/portal.uneb.br\/\" title=\"Universidade do Estado da Bahia\" target=\"_blank\" rel=\"noopener\">UNEB<\/a>), a realiza\u00e7\u00e3o do Processo Seletivo 109\/2023 tem como objetivo o preenchimento de 58 vagas para cargos de professor substituto.<\/p>\n<h2>Cargos e Vagas<\/h2>\n<p>As oportunidades s\u00e3o para as seguintes \u00e1reas, departamentos e Campi:<\/p>\n<p><strong>Departamento de Ci\u00eancias Exatas e da Terra, Campus I, Salvador:<\/strong> Engenharia &#8211; Tecnologia das Constru\u00e7\u00f5es e Topografia\/Constru\u00e7\u00e3o de Estradas e Pavimenta\u00e7\u00e3o\/T\u00e9cnica e Economia de Transportes (1); Engenharia &#8211; Mec\u00e2nica dos Solos\/Fen\u00f4menos dos Transportes\/Hidr\u00e1ulica\/Resist\u00eancia dos Materiais (1);<\/p>\n<p><strong>Departamento de Ci\u00eancias da Vida, Campus I,<br \/>\n:<\/strong> Cirurgia &#8211; Oftalmologia (1); Ci\u00eancias Biol\u00f3gicas &#8211; Mecanismo de Agress\u00e3o e Defesa (2); Ci\u00eancias Biol\u00f3gicas &#8211; Morfofuncional (1); Ci\u00eancia dos Alimentos &#8211; Bioqu\u00edmica dos Alimentos (1); Ci\u00eancias da Alimenta\u00e7\u00e3o e Nutri\u00e7\u00e3o &#8211; Nutri\u00e7\u00e3o, Alimentos e Nutrientes nas Diversas Fases da Vida\/Fisiologia da Nutri\u00e7\u00e3o\/ Fisiopatologia e Detoterapia\/Nutri\u00e7\u00e3o Esportiva\/Nutri\u00e7\u00e3o Cl\u00ednica Avan\u00e7ada\/Fisiopatologia e Dietoterapia em Pediatria e Est\u00e1gio Curricular Supervisionado em Nutri\u00e7\u00e3o Cl\u00ednica (1); Medicamentos &#8211; Controle de Qualidade F\u00edsico-Quimico; F\u00edsica e F\u00edsico-Qu\u00edmica em Farm\u00e1cia; Qu\u00edmica Geral; M\u00e9todos F\u00edsicos e Qu\u00edmicos de An\u00e1lise (1); Medicamentos &#8211; Qu\u00edmica Org\u00e2nica; Qu\u00edmica Farmac\u00eautica; Pesquisa e Desenvolvimento de F\u00e1rmacos; Est\u00e1gio Supervisionado (1);<\/p>\n<p><strong>Departamento de Ci\u00eancias Humanas, Campus I, Salvador:<\/strong> Administra\u00e7\u00e3o P\u00fablica &#8211; Administra\u00e7\u00e3o de Materiais; Administra\u00e7\u00e3o de Produ\u00e7\u00e3o; Pesquisa Operacional; Gest\u00e3o da Inova\u00e7\u00e3o Tecnol\u00f3gica (1); Rela\u00e7\u00f5es P\u00fablicas &#8211; Gest\u00e3o de Imagem e Marca (1);<\/p>\n<p><strong>Departamento de Ci\u00eancias Exatas e da Terra, Campus II, Alagoinhas:<\/strong> Matem\u00e1tica &#8211; C\u00e1lculo I, II, II e IV (1); Zoologia &#8211; Parasitologia; Invertebrados I, II e III; Cordados I e II; Anatomia dos Vertebrados; Anatomia e Fisiologia Humana (1); Est\u00e1gio em Matem\u00e1tica &#8211; Est\u00e1gio I, II III e IV; Pr\u00e1ticas no Ensino de Matem\u00e1tica (1);<\/p>\n<p><strong>Departamento de Educa\u00e7\u00e3o, Campus II, Alagoinhas:<\/strong> \u00c1sia &#8211; \u00c1sia: Quest\u00f5es de Teoria e Hist\u00f3ria da \u00c1sia (1); Brasil &#8211; Brasil Imp\u00e9rio; Hist\u00f3ria do Trabalho no Brasil; Brasil Rep\u00fablica: Estado e Movimentos Sociais (1); Fundamenta\u00e7\u00e3o Te\u00f3rica-Metodol\u00f3gica &#8211; Hist\u00f3ria Social Inglesa; Hist\u00f3ria Cultural; Hist\u00f3ria do Trabalho: Quest\u00f5es Te\u00f3ricas e Metodol\u00f3gicas (1);<\/p>\n<p><strong>Departamento de Lingu\u00edstica, Literatura e Artes, Campus II, Alagoinhas:<\/strong> Letras &#8211; Libras (1);<\/p>\n<p><strong>Departamento de Ci\u00eancias Humanas, Campus III, Juazeiro:<\/strong> Ci\u00eancias Humanas &#8211; Pesquisa e Pr\u00e1tica Pedag\u00f3gica (PPP) I e II; Est\u00e1gio Curricular Supervisionado III (1); Ci\u00eancias Sociais Aplicadas &#8211; Produ\u00e7\u00e3o de Texto I e II; Telejornalismo II (1); Ci\u00eancias Sociais Aplicadas &#8211; Ensino da Hist\u00f3ria; Antropologia e Educa\u00e7\u00e3o (1);<\/p>\n<p><strong>Departamento de Tecnologia e Ci\u00eancias Sociais, Campus III, Juazeiro:<\/strong> Ci\u00eancias Sociais do Solo &#8211; G\u00eanese, Morfologia e F\u00edsica do Solo; Levantamento, Uso e Classifica\u00e7\u00e3o do Solo (1);<\/p>\n<p><strong>Departamento de Ci\u00eancias Humanas, Campus IV, Jacobina:<\/strong> Letras &#8211; Estudo da Produ\u00e7\u00e3o Liter\u00e1ria no Brasil; Literatura e outras Artes; C\u00e2nones e Contextos na Literatura Brasileira; Literatura e Cultura Afro-brasileira; Estudos da Produ\u00e7\u00e3o Liter\u00e1ria Baiana; Aspectos da Literatura; Trabalho de Conclus\u00e3o de Curso (1); Ci\u00eancias Sociais &#8211; Sociologia e Antropologia (1);<\/p>\n<p><strong>Departamento de Ci\u00eancias Humanas, Campus V, Santo Ant\u00f4nio De Jesus:<\/strong> Geografia F\u00edsica &#8211; Biogeografia; An\u00e1lise Ambiental; Din\u00e2mica das Paisagens; Geomorfologia; Geologia; Climatologia; Pedologia; Hidrografia (1); Cartografia &#8211; Cartografia Sistem\u00e1tica; Cartografia Tem\u00e1tica; Cartografia Escolar; Sistema de Informa\u00e7\u00f5es Geogr\u00e1ficas (1); Lingu\u00edstica &#8211; Introdu\u00e7\u00e3o \u00e0 Sem\u00e2ntica; Introdu\u00e7\u00e3o aos Estudos Lingu\u00edsticos; Fon\u00e9tica e Fonologia da L\u00edngua Portuguesa; Morfologia da L\u00edngua Portuguesa; Sintaxe da L\u00edngua Portuguesa; Diversidade Lingu\u00edstica do Portugu\u00eas Brasileiro; Lingu\u00edstica Textual; An\u00e1lise do Discurso (1);<\/p>\n<p><strong>Departamento de Educa\u00e7\u00e3o, Campus VII, Senhor do Bonfim:<\/strong> Matem\u00e1tica &#8211; Conhecimentos Geom\u00e9tricos e Linguagens e Produ\u00e7\u00e3o Cient\u00edfica (1); Fundamenta\u00e7\u00e3o da Educa\u00e7\u00e3o &#8211; Hist\u00f3ria e Educa\u00e7\u00e3o; Hist\u00f3ria da Educa\u00e7\u00e3o Brasileira; Hist\u00f3ria e Cultura Afro-brasileira e Ind\u00edgena (1); Matem\u00e1tica &#8211; Educa\u00e7\u00e3o Matem\u00e1tica (1);<\/p>\n<p><strong>Departamento de Educa\u00e7\u00e3o, Campus VIII, Paulo Afonso:<\/strong> Direito &#8211; Direito Internacional; Filosofia Jur\u00eddica; Hermen\u00eautica Jur\u00eddica (1); Direito &#8211; Direito Empresarial; Direito Civil (1); Engenharia de Pesca &#8211; \u00c9tica e Legisla\u00e7\u00e3o Aplicados \u00e0 Pesca; Extens\u00e3o Pesqueira; Gen\u00e9tica e Biotecnologia Aplicadas \u00e0 Engenharia de Pesca (1);<\/p>\n<p><strong>Departamento de Ci\u00eancias Humanas, Campus IX, Barreiras:<\/strong> Inform\u00e1tica &#8211; Laborat\u00f3rio de Leitura e Produ\u00e7\u00e3o de Imagens; Bioinform\u00e1tica; Tecnologia de Informa\u00e7\u00e3o da Educa\u00e7\u00e3o; Inform\u00e1tica I e II (1); C\u00e1lculo &#8211; C\u00e1lculo I e II; Elementos de C\u00e1lculo Num\u00e9rico; Softwares Matem\u00e1ticos (1); Filosofia &#8211; Filosofia; Epistemologia da Educa\u00e7\u00e3o; Estudos Filos\u00f3ficos; Filosofia em Educa\u00e7\u00e3o (1); Lingu\u00edstica &#8211; Introdu\u00e7\u00e3o \u00e0 Lingu\u00edstica; Fon\u00e9tica e Fonologia da L\u00edngua Portuguesa; Morfologia da L\u00edngua Portuguesa; Sintaxe da L\u00edngua Portuguesa; Sociolingu\u00edstica; Sem\u00e2ntica e Pragm\u00e1tica; An\u00e1lise de Discurso (1); Lingu\u00edstica &#8211; Introdu\u00e7\u00e3o ao Latim; L\u00edngua e Cultura Latinas; L\u00edngua e Literatura Latinas; Filologia Rom\u00e2nica; Forma\u00e7\u00e3o Hist\u00f3rica das L\u00ednguas Rom\u00e2nicas; Constitui\u00e7\u00e3o Hist\u00f3rica do Portugu\u00eas Brasileiro; Cr\u00edtica Textual: edi\u00e7\u00f5es e estudos (1); Ensino &#8211; Pr\u00e1tica Pedag\u00f3gica I, II, III e IV; Est\u00e1gio Supervisionado I, II, III e IV (1);<\/p>\n<p><strong>Departamento de Educa\u00e7\u00e3o, Campus X, Teixeira de Freitas:<\/strong> Letras Ingl\u00eas &#8211; N\u00facleo de Estudos Cient\u00edficos e Interdisciplinares (NECI) I, II. III, IV, V e VI; Laborat\u00f3rio de L\u00edngua Inglesa (B\u00e1sico I e II); Laborat\u00f3rio de L\u00edngua Inglesa (Intermedi\u00e1rio I, II e III (1); Est\u00e1gio e Pesquisa &#8211; Est\u00e1gio e Pesquisa em Educa\u00e7\u00e3o Infantil; Est\u00e1gio e Pesquisa nos Anos Iniciais do Ensino Fundamental; Est\u00e1gio e Pesquisa em Espa\u00e7os N\u00e3o Escolares; Est\u00e1gio e Pesquisa em Gest\u00e3o Escolar e\/ou Processos Formativo; Inf\u00e2ncia e Educa\u00e7\u00e3o Infantil (1); Educa\u00e7\u00e3o Inclusiva &#8211; Libras; Gest\u00e3o de Processos Educativos; N\u00facleo de Extens\u00e3o e Pesquisa Interdisciplinar I (NEPI I); N\u00facleo de Extens\u00e3o e Pesquisa Interdisciplinar II (NEPI II) (1); Matem\u00e1tica &#8211; Matem\u00e1tica I, II e III (1);<\/p>\n<p><strong>Departamento de Educa\u00e7\u00e3o, Campus XI, Serrinha:<\/strong> Ci\u00eancias da Educa\u00e7\u00e3o &#8211; Educa\u00e7\u00e3o e Tecnologias; Tecnologias da Informa\u00e7\u00e3o e Comunica\u00e7\u00e3o (1);<\/p>\n<p><strong>Departamento de Educa\u00e7\u00e3o, Campus XII, Guanambi:<\/strong> Letras &#8211; Letramento Acad\u00eamico; Leitura e Produ\u00e7\u00e3o de Texto; Alfabetiza\u00e7\u00e3o e Letramento; L\u00edngua Portuguesa (1); Sociologia &#8211; Sociologia; Sociologia Jur\u00eddica; Direitos Humanos (1);<\/p>\n<p><strong>Departamento de Educa\u00e7\u00e3o, Campus XIII, Itaberaba:<\/strong> Sociologia da Educa\u00e7\u00e3o &#8211; Gradua\u00e7\u00e3o em Sociologia ou Ci\u00eancias Sociais com P\u00f3s-gradua\u00e7\u00e3o em Sociologia, Ci\u00eancias Sociais ou \u00e1reas afins (1);<\/p>\n<p><strong>Departamento de Educa\u00e7\u00e3o, Campus XIV, Concei\u00e7\u00e3o Do Coit\u00e9:<\/strong> Psicologia &#8211; Aspectos S\u00f3cio-Psicol\u00f3gicos da Educa\u00e7\u00e3o Especial; Psicologia do Desenvolvimento e a Educa\u00e7\u00e3o; Psicologia e Comunica\u00e7\u00e3o; Estudos Epistemol\u00f3gicos da Aprendizagem (1); Letras Literatura &#8211; Estudo da Literatura Africana de L\u00edngua Portuguesa; Literatura e Cultura Afro-Brasileira; Estudos Te\u00f3ricos do Texto Liter\u00e1rio; Aspectos da Literatura Portuguesa; C\u00e2nones e Contexto da Literatura Portuguesa (1); Imagem &#8211; Imagem; Comunica\u00e7\u00e3o e Linguagem Audiovisual; Teorias da Imagem; Fotografia I; Fotografia II; Edi\u00e7\u00e3o de V\u00eddeo e TV; Produ\u00e7\u00e3o e Dire\u00e7\u00e3o de TV; Oficina de V\u00eddeo (1);<\/p>\n<p><strong>Departamento de Ci\u00eancias Humanas e Tecnologias, Campus XVIII, Eun\u00e1polis:<\/strong> Pr\u00e1tica Pedag\u00f3gica &#8211; Pr\u00e1tica Pedag\u00f3gica II, III e IV (1); Literatura &#8211; O Est\u00e9tico e o L\u00fadico na Literatura Infanto-Juvenil; Literatura Ind\u00edgena; L\u00ednguas Ind\u00edgenas Brasileiras (1); Lingu\u00edstica &#8211; L\u00edngua Estrangeira Instrumental (1);<\/p>\n<p>Departamento de Ci\u00eancias Humanas e Tecnologias, Campus XX, Brumado: Letras Lingu\u00edstica &#8211; Introdu\u00e7\u00e3o aos Estudos Lingu\u00edsticos; Introdu\u00e7\u00e3o \u00e0 Sem\u00e2ntica da L\u00edngua Portuguesa; Morfologia da L\u00edngua Portuguesa (1); Direito &#8211; Direito Civil; Direito do Consumidor (1);<\/p>\n<p><strong>Departamento de Ci\u00eancias Humanas e Tecnologias, Campus XXI Ipia\u00fa:<\/strong> L\u00edngua Portuguesa Literatura &#8211; Oficina de Letramento I e II; Estudos Te\u00f3ricos do Texto Liter\u00e1rio; O Est\u00e9tico e o L\u00fadico na Literatura Infanto-Juvenil; Estudo da Produ\u00e7\u00e3o Liter\u00e1ria no Brasil; C\u00e2nones e Contexto na Literatura Brasileira; Estudos da Fic\u00e7\u00e3o Brasileira Contempor\u00e2nea (1); Est\u00e1gio Supervisionado &#8211; Pr\u00e1ticas Pedag\u00f3gicas; Est\u00e1gio Supervisionado em Letras I, II, III e IV (1).<\/p>\n<h2>Remunera\u00e7\u00e3o<\/h2>\n<p>Conforme o edital de abertura determina, os profissionais admitidos cumprir\u00e3o jornadas de <strong>20h<\/strong> ou <strong>40 horas<\/strong> semanais e receber\u00e3o remunera\u00e7\u00e3o mensal de at\u00e9 <strong>R$ 4.044,82<\/strong>.<\/p>\n<h2>Para Participar<\/h2>\n<p>Se inscreva a partir de <strong>02<\/strong> at\u00e9 <strong>18 de outubro de 2023<\/strong>, pelo endere\u00e7o eletr\u00f4nico da UNEB, com taxa de <strong>R$ 200,00 (duzentos reais)<\/strong>.<\/p>\n<h2>Etapas<\/h2>\n<ol>\n<li><strong>Entrevista.<\/strong><\/li>\n<li><strong>Aula P\u00fablica.<\/strong><\/li>\n<li><strong>Prova de T\u00edtulos.<\/strong><\/li>\n<\/ol>\n<h2>Resultado<\/h2>\n<p>A publica\u00e7\u00e3o oficial do resultado final deve acontecer no di\u00e1rio oficial do estado da Bahia, a partir do dia <strong>19 de janeiro de 2024<\/strong>.<\/p>\n","protected":false},"excerpt":{"rendered":"<p>Anunciado pela Universidade do Estado da Bahia (<a href=\"https:\/\/portal.uneb.br\/\" title=\"Universidade do Estado da Bahia\" target=\"_blank\" rel=\"noopener\">UNEB<\/a>), a realiza\u00e7\u00e3o do Processo Seletivo 109\/2023 tem como objetivo o preenchimento de 58 vagas para cargos de professor substituto.<\/p>\n","protected":false},"author":7,"featured_media":231639,"comment_status":"open","ping_status":"open","sticky":false,"template":"","format":"standard","meta":{"_acf_changed":false,"_breakdance_hide_in_design_set":false,"_breakdance_tags":"","footnotes":""},"categories":[3,4,6433,126,121,120,10,14,79,96,125,17,112,18,111,100,99,20,116,21,22,23,25,26,6435,110,118],"tags":[42],"_amplo":[],"destaque":[],"instituicoes":[605],"class_list":["post-231637","post","type-post","status-publish","format-standard","has-post-thumbnail","hentry","category-administracao","category-agronomia","category-biologia-licenciatura","category-ciencia-computacao","category-ciencias-sociais","category-comunicacao-social","category-direito","category-engenharia","category-engenharia-alimentos","category-engenharia-pesca","category-engenharia-producao","category-farmacia","category-filosofia","category-fisioterapia","category-geografia","category-historia","category-jornalismo","category-letras","category-matematica","category-medicina","category-veterinaria","category-nutricao","category-pedagogia","category-psicologia","category-quimica-licenciatura","category-relacoes-publicas","category-sociologia","tag-bahia","instituicoes-universidade-do-estado-da-bahia-uneb"],"acf":{"_tipo_vagas":"vagas","_numero_vagas":58,"_quadro_vagas":231643,"_cargos":"professores","_cargos_especificos":"","_salario_max":"R$ 4.044,82","_abertura":"20231002","_encerramento":"20231018","_inscricoes":"http:\/\/selecao.uneb.br\/substituto2023.2\/","_executora_concurso":"","_instituicao_concurso":[605],"_link_adicional":null,"_anexos":[{"_arquivo_anexo":231642,"_titulo_anexo":"Edital 109\/2023"}],"_produtos":null,"_vagas":"","_salario_min":"","_instituicao":"","_edital":"","_anexos_edital":"","_fund_incompleto":"","_fund_completo":"","_medio":"","_superior":""},"_links":{"self":[{"href":"https:\/\/www.agrobase.com.br\/concursos\/wp-json\/wp\/v2\/posts\/231637","targetHints":{"allow":["GET"]}}],"collection":[{"href":"https:\/\/www.agrobase.com.br\/concursos\/wp-json\/wp\/v2\/posts"}],"about":[{"href":"https:\/\/www.agrobase.com.br\/concursos\/wp-json\/wp\/v2\/types\/post"}],"author":[{"embeddable":true,"href":"https:\/\/www.agrobase.com.br\/concursos\/wp-json\/wp\/v2\/users\/7"}],"replies":[{"embeddable":true,"href":"https:\/\/www.agrobase.com.br\/concursos\/wp-json\/wp\/v2\/comments?post=231637"}],"version-history":[{"count":0,"href":"https:\/\/www.agrobase.com.br\/concursos\/wp-json\/wp\/v2\/posts\/231637\/revisions"}],"acf:term":[{"embeddable":true,"taxonomy":"instituicoes","href":"https:\/\/www.agrobase.com.br\/concursos\/wp-json\/wp\/v2\/instituicoes\/605"}],"wp:featuredmedia":[{"embeddable":true,"href":"https:\/\/www.agrobase.com.br\/concursos\/wp-json\/wp\/v2\/media\/231639"}],"wp:attachment":[{"href":"https:\/\/www.agrobase.com.br\/concursos\/wp-json\/wp\/v2\/media?parent=231637"}],"wp:term":[{"taxonomy":"category","embeddable":true,"href":"https:\/\/www.agrobase.com.br\/concursos\/wp-json\/wp\/v2\/categories?post=231637"},{"taxonomy":"post_tag","embeddable":true,"href":"https:\/\/www.agrobase.com.br\/concursos\/wp-json\/wp\/v2\/tags?post=231637"},{"taxonomy":"_amplo","embeddable":true,"href":"https:\/\/www.agrobase.com.br\/concursos\/wp-json\/wp\/v2\/_amplo?post=231637"},{"taxonomy":"destaque","embeddable":true,"href":"https:\/\/www.agrobase.com.br\/concursos\/wp-json\/wp\/v2\/destaque?post=231637"},{"taxonomy":"instituicoes","embeddable":true,"href":"https:\/\/www.agrobase.com.br\/concursos\/wp-json\/wp\/v2\/instituicoes?post=231637"}],"curies":[{"name":"wp","href":"https:\/\/api.w.org\/{rel}","templated":true}]}}