{"id":231513,"date":"2023-10-11T08:20:49","date_gmt":"2023-10-11T11:20:49","guid":{"rendered":"https:\/\/www.agrobase.com.br\/concursos\/?p=231513"},"modified":"2023-10-11T10:10:55","modified_gmt":"2023-10-11T13:10:55","slug":"processo-seletivo-da-seed-pr-edital-078-2023","status":"publish","type":"post","link":"https:\/\/www.agrobase.com.br\/concursos\/2023\/processo-seletivo-da-seed-pr-edital-078-2023\/","title":{"rendered":"Processo Seletivo da SEED &#8211; PR | Edital 078\/2023"},"content":{"rendered":"<p>A ser realizado novo Processo Seletivo da <a title=\"Secretaria de Estado da Educa\u00e7\u00e3o e do Esporte do Paran\u00e1\" href=\"http:\/\/www.educacao.pr.gov.br\/\" target=\"_blank\" rel=\"noopener\">SEED &#8211; PR<\/a> ser\u00e3o preenchidas 300 vagas de professores em todo o estado do Paran\u00e1.<\/p>\n<h2>Cargos e Remunera\u00e7\u00e3o<\/h2>\n<p>O edital define <strong>300 vagas<\/strong> de professores e Int\u00e9rpretes de Libras para atuarem em jornadas de trabalho de <strong>25h<\/strong> a <strong>50 horas<\/strong> semanais e remunera\u00e7\u00e3o mensal paga de acordo com as horas trabalhadas, os valores variam entre <strong>R$ 17,19<\/strong> a <strong>R$ 24,56<\/strong>, mais aux\u00edlios.<\/p>\n<p><strong>Professor Educa\u00e7\u00e3o B\u00e1sica:<\/strong> Arte; Biologia; Ci\u00eancias; Educa\u00e7\u00e3o Especial; Educa\u00e7\u00e3o F\u00edsica; Filosofia; F\u00edsica; Geografia; Hist\u00f3ria; LEM Espanhol; LEM Ingl\u00eas; L\u00edngua Portuguesa; Matem\u00e1tica; Pedagogo; Programa\u00e7\u00e3o; Qu\u00edmica; S\u00e9ries Iniciais; Sociologia;<\/p>\n<p><strong>Professor Educa\u00e7\u00e3o Profissional:<\/strong> Eixo Tecnol\u00f3gico: Ambiente e Sa\u00fade; Eixo Tecnol\u00f3gico: Controle e Processos Industriais; Eixo Tecnol\u00f3gico: Gest\u00e3o e Neg\u00f3cios; Eixo Tecnol\u00f3gico: Infraestrutura; Eixo Tecnol\u00f3gico: Produ\u00e7\u00e3o Aliment\u00edcia; Eixo Tecnol\u00f3gico: Opera\u00e7\u00f5es Florestais; Eixo Tecnol\u00f3gico: Produ\u00e7\u00e3o Cultural e Design; Eixo Tecnol\u00f3gico: Produ\u00e7\u00e3o Industrial; Eixo Tecnol\u00f3gico: Recursos Naturais; Eixo Tecnol\u00f3gico: Turismo, Hospitalidade e Lazer; Forma\u00e7\u00e3o de Docentes; Eixo Tecnol\u00f3gico: \u00c1rea Universal;<\/p>\n<p>Tradutor e Int\u00e9rprete de L\u00edngua Brasileira de Sinais &#8211; TILS;<\/p>\n<p><strong>Professor Educa\u00e7\u00e3o Escolar Ind\u00edgena e Quilombola:<\/strong> Educa\u00e7\u00e3o Escolar Ind\u00edgena &#8211; Professor Educa\u00e7\u00e3o Infantil, Anos Iniciais; do Ensino Fundamental e Anos Iniciais da Eja; Professor da Educa\u00e7\u00e3o Infantil, Anos Iniciais do Ensino Fundamental e Eja &#8211; Fase I em Escolas Itinerantes; Tradutor e Int\u00e9rprete de L\u00edngua Guarani, Kaingang ou Xet\u00e1; Educa\u00e7\u00e3o Escolar Ind\u00edgena &#8211; Professor de L\u00edngua Ind\u00edgena Guarani\/Kaingang\/Xet\u00e1 &#8211; Educa\u00e7\u00e3o Infantil, Anos Iniciais do Ensino Fundamental e Anos Iniciais da Eja; Educa\u00e7\u00e3o Escolar Ind\u00edgena &#8211; Professor de L\u00edngua Ind\u00edgena Guarani\/Kaingang\/Xet\u00e1 &#8211; Anos Finais do Ensino Fundamental e Anos Finais da Eja; Educa\u00e7\u00e3o Escolar Ind\u00edgena &#8211; Professor De L\u00edngua Ind\u00edgena Guarani\/Kaingang\/Xet\u00e1 &#8211; Ensino M\u00e9dio, Forma\u00e7\u00e3o de Docentes em N\u00edvel M\u00e9dio E Ensino M\u00e9dio da Eja; Educa\u00e7\u00e3o Escolar Ind\u00edgena &#8211; Professor Pedagogo; Educa\u00e7\u00e3o Escolar Quilombola &#8211; Professor Pedagogo; Educa\u00e7\u00e3o Escolar Ind\u00edgena &#8211; Professor das Disciplinas dos Anos Finais; Ensino Fundamental, M\u00e9dio e Eja; Educa\u00e7\u00e3o Escolar Ind\u00edgena &#8211; Arte; Educa\u00e7\u00e3o Escolar Ind\u00edgena &#8211; Biologia; Educa\u00e7\u00e3o Escolar Ind\u00edgena &#8211; Ci\u00eancias; Educa\u00e7\u00e3o Escolar Ind\u00edgena &#8211; Educa\u00e7\u00e3o F\u00edsica; Educa\u00e7\u00e3o Escolar Ind\u00edgena &#8211; Filosofia; Educa\u00e7\u00e3o Escolar Ind\u00edgena &#8211; F\u00edsica; Educa\u00e7\u00e3o Escolar Ind\u00edgena &#8211; Geografia; Educa\u00e7\u00e3o Escolar Ind\u00edgena &#8211; Hist\u00f3ria; Educa\u00e7\u00e3o Escolar Ind\u00edgena &#8211; L\u00edngua Estrangeira Moderna &#8211; Ingl\u00eas; Educa\u00e7\u00e3o Escolar Ind\u00edgena &#8211; L\u00edngua Estrangeira Moderna &#8211; Espanhol; Educa\u00e7\u00e3o Escolar Ind\u00edgena &#8211; L\u00edngua Portuguesa; Educa\u00e7\u00e3o Escolar Ind\u00edgena &#8211; Matem\u00e1tica; Educa\u00e7\u00e3o Escolar Ind\u00edgena &#8211; Qu\u00edmica; Educa\u00e7\u00e3o Escolar Quilombola &#8211; Professor das Disciplinas Anos Finais do Ensino Fundamental, Ensino M\u00e9dio e Eja; Educa\u00e7\u00e3o Escolar Quilombola &#8211; Arte; Educa\u00e7\u00e3o Escolar Quilombola &#8211; Biologia; Educa\u00e7\u00e3o Escolar Quilombola &#8211; Ci\u00eancias; Educa\u00e7\u00e3o Escolar Quilombola &#8211; Educa\u00e7\u00e3o F\u00edsica; Educa\u00e7\u00e3o Escolar Quilombola &#8211; Filosofia; Educa\u00e7\u00e3o Escolar Quilombola &#8211; F\u00edsica; Educa\u00e7\u00e3o Escolar Quilombola &#8211; Geografia; Educa\u00e7\u00e3o Escolar Quilombola &#8211; Hist\u00f3ria; Educa\u00e7\u00e3o Escolar Quilombola &#8211; L\u00edngua Estrangeira Moderna &#8211; Ingl\u00eas; Educa\u00e7\u00e3o Escolar Quilombola &#8211; L\u00edngua Estrangeira Moderna &#8211; Espanhol; Educa\u00e7\u00e3o Escolar Quilombola &#8211; L\u00edngua Portuguesa; Educa\u00e7\u00e3o Escolar Quilombola &#8211; Matem\u00e1tica; Educa\u00e7\u00e3o Escolar Quilombola &#8211; Qu\u00edmica; Educa\u00e7\u00e3o Escolar Quilombola &#8211; Sociologia; Atendimento Educacional Especializado &#8211; Educa\u00e7\u00e3o Escolar Ind\u00edgena.<\/p>\n<h2>Inscri\u00e7\u00f5es<\/h2>\n<ul>\n<li><strong>Internet:<\/strong> As inscri\u00e7\u00f5es s\u00e3o feitas no endere\u00e7o eletr\u00f4nico da SEED, das 09h do dia <strong>18 de outubro de 2023<\/strong> at\u00e9 \u00e0s 18h do dia <strong>31 de outubro de 2023<\/strong>.<\/li>\n<\/ul>\n<h2>Provas<\/h2>\n<ol>\n<li><strong>Comprova\u00e7\u00e3o de Requisitos.<\/strong><\/li>\n<li><strong>Prova de T\u00edtulos.<\/strong><\/li>\n<\/ol>\n<h2>Informa\u00e7\u00f5es<\/h2>\n<p>A classifica\u00e7\u00e3o final dos candidatos ser\u00e1 publicada ap\u00f3s analisados os recursos, mediante edital espec\u00edfico a ser divulgado na www.imprensaoficial.pr.gov.br e disponibilizado no portal institucional da SEED, no endere\u00e7o eletr\u00f4nico www.educacao.pr.gov.br.<\/p>\n","protected":false},"excerpt":{"rendered":"<p>A ser realizado novo Processo Seletivo da <a href=\"http:\/\/www.educacao.pr.gov.br\/\" title=\"Secretaria de Estado da Educa\u00e7\u00e3o e do Esporte do Paran\u00e1\" target=\"_blank\" rel=\"noopener\">SEED &#8211; PR<\/a> ser\u00e3o preenchidas 300 vagas de professores em todo o estado do Paran\u00e1.<\/p>\n","protected":false},"author":7,"featured_media":231517,"comment_status":"open","ping_status":"open","sticky":false,"template":"","format":"standard","meta":{"_acf_changed":false,"_breakdance_hide_in_design_set":false,"_breakdance_tags":"","footnotes":""},"categories":[3,4,6433,7,106,8,121,10,141,6434,12,95,13,14,79,142,15,104,133,17,112,6436,18,111,155,100,20,116,21,22,23,24,25,26,6435,101,118,134,28],"tags":[52],"_amplo":[],"destaque":[],"instituicoes":[2148],"class_list":["post-231513","post","type-post","status-publish","format-standard","has-post-thumbnail","hentry","category-administracao","category-agronomia","category-biologia-licenciatura","category-biomedicina","category-bioquimica","category-biotecnologia","category-ciencias-sociais","category-direito","category-educacao-artistica","category-educacao-fisica-licenciatura","category-enfermagem","category-engenharia-agricola","category-engenharia-ambiental","category-engenharia","category-engenharia-alimentos","category-engenharia-eletronica","category-engenharia-florestal","category-engenharia-mecanica","category-engenharia-mecatronica","category-farmacia","category-filosofia","category-fisica-licenciatura","category-fisioterapia","category-geografia","category-gestao-ambiental","category-historia","category-letras","category-matematica","category-medicina","category-veterinaria","category-nutricao","category-odontologia","category-pedagogia","category-psicologia","category-quimica-licenciatura","category-servico-social","category-sociologia","category-terapia-ocupacional","category-zootecnia","tag-parana","instituicoes-secretaria-de-estado-da-educacao-do-parana-seed"],"acf":{"_tipo_vagas":"vagas","_numero_vagas":300,"_quadro_vagas":"","_cargos":"professores","_cargos_especificos":"","_salario_max":"R$ 24,56 hora\/aula","_abertura":"20231018","_encerramento":"20231031","_inscricoes":"https:\/\/www.pss.pr.gov.br\/pss\/acesso.do","_executora_concurso":"","_instituicao_concurso":[2148],"_link_adicional":null,"_anexos":[{"_arquivo_anexo":231515,"_titulo_anexo":"Edital 078\/2023"}],"_produtos":null,"_vagas":"","_salario_min":"","_instituicao":"","_edital":"","_anexos_edital":"","_fund_incompleto":"","_fund_completo":"","_medio":"","_superior":""},"_links":{"self":[{"href":"https:\/\/www.agrobase.com.br\/concursos\/wp-json\/wp\/v2\/posts\/231513","targetHints":{"allow":["GET"]}}],"collection":[{"href":"https:\/\/www.agrobase.com.br\/concursos\/wp-json\/wp\/v2\/posts"}],"about":[{"href":"https:\/\/www.agrobase.com.br\/concursos\/wp-json\/wp\/v2\/types\/post"}],"author":[{"embeddable":true,"href":"https:\/\/www.agrobase.com.br\/concursos\/wp-json\/wp\/v2\/users\/7"}],"replies":[{"embeddable":true,"href":"https:\/\/www.agrobase.com.br\/concursos\/wp-json\/wp\/v2\/comments?post=231513"}],"version-history":[{"count":0,"href":"https:\/\/www.agrobase.com.br\/concursos\/wp-json\/wp\/v2\/posts\/231513\/revisions"}],"acf:term":[{"embeddable":true,"taxonomy":"instituicoes","href":"https:\/\/www.agrobase.com.br\/concursos\/wp-json\/wp\/v2\/instituicoes\/2148"}],"wp:featuredmedia":[{"embeddable":true,"href":"https:\/\/www.agrobase.com.br\/concursos\/wp-json\/wp\/v2\/media\/231517"}],"wp:attachment":[{"href":"https:\/\/www.agrobase.com.br\/concursos\/wp-json\/wp\/v2\/media?parent=231513"}],"wp:term":[{"taxonomy":"category","embeddable":true,"href":"https:\/\/www.agrobase.com.br\/concursos\/wp-json\/wp\/v2\/categories?post=231513"},{"taxonomy":"post_tag","embeddable":true,"href":"https:\/\/www.agrobase.com.br\/concursos\/wp-json\/wp\/v2\/tags?post=231513"},{"taxonomy":"_amplo","embeddable":true,"href":"https:\/\/www.agrobase.com.br\/concursos\/wp-json\/wp\/v2\/_amplo?post=231513"},{"taxonomy":"destaque","embeddable":true,"href":"https:\/\/www.agrobase.com.br\/concursos\/wp-json\/wp\/v2\/destaque?post=231513"},{"taxonomy":"instituicoes","embeddable":true,"href":"https:\/\/www.agrobase.com.br\/concursos\/wp-json\/wp\/v2\/instituicoes?post=231513"}],"curies":[{"name":"wp","href":"https:\/\/api.w.org\/{rel}","templated":true}]}}