{"id":231378,"date":"2023-10-10T07:00:33","date_gmt":"2023-10-10T10:00:33","guid":{"rendered":"https:\/\/www.agrobase.com.br\/concursos\/?p=231378"},"modified":"2023-10-09T12:49:11","modified_gmt":"2023-10-09T15:49:11","slug":"concurso-publico-de-sao-geraldo-do-baixio-mg-edital-001-2023","status":"publish","type":"post","link":"https:\/\/www.agrobase.com.br\/concursos\/2023\/concurso-publico-de-sao-geraldo-do-baixio-mg-edital-001-2023\/","title":{"rendered":"Concurso P\u00fablico de S\u00e3o Geraldo do Baixio &#8211; MG | Edital 001\/2023"},"content":{"rendered":"<p>A Prefeitura de S\u00e3o Geraldo do Baixio &#8211; MG anunciou a abertura de inscri\u00e7\u00f5es para um Concurso P\u00fablico, que tem como objetivo preencher 98 vagas de n\u00edvel fundamental, m\u00e9dio, t\u00e9cnico e superior.<\/p>\n<p>De acordo com o edital, as oportunidades s\u00e3o para os seguintes cargos: Analista de Tecnologia (1); Assistente Administrativo (3); Assistente Social (1); Auxiliar de Se\u00e7\u00e3o (6); Biofarmac\u00eautico (1); Cantineira (7); Enfermeiro (1); Engenheiro Civil (1); Especialista da Educa\u00e7\u00e3o B\u00e1sica &#8211; Eseb (2); Fiscal (1); Mec\u00e2nico (1); Motorista I (4); Motorista II (6); Operador de M\u00e1quinas I (1); Operador de M\u00e1quinas II (1); Pedagogo Social (1); Professor da Educa\u00e7\u00e3o B\u00e1sica &#8211; Preb (7); Prot\u00e9tico Dent\u00e1rio (1); Psic\u00f3logo (1); Recepcionista (6); Servi\u00e7os Gerais (30); T\u00e9cnico em Enfermagem (10); T\u00e9cnico em Radiologia (1); Vigia (4).<\/p>\n<p>Quando contratados, os profissionais dever\u00e3o atuar em jornada de 16h a 40 horas semanais de trabalho ou 220 horas mensais, referente remunera\u00e7\u00e3o mensal de R$ 1.320,00 a R$ 3.824,67.<\/p>\n<p>Os interessados podem se inscrever exclusivamente pela internet, no per\u00edodo das 15h do dia 15 de dezembro de 2023 at\u00e9 \u00e0s 15h do dia 15 de janeiro de 2024, no site da Elo Assessoria. A inscri\u00e7\u00e3o ser\u00e1 validada mediante pagamento de taxa de R$ 66,00 a R$ 191,23.<\/p>\n<p>Como forma de classifica\u00e7\u00e3o, os concorrentes ser\u00e3o avaliados por meio de prova objetiva de m\u00faltipla escolha, prevista para acontecer no dia 04 de fevereiro de 2023. Para alguns cargos tamb\u00e9m haver\u00e1 prova de t\u00edtulos.<\/p>\n","protected":false},"excerpt":{"rendered":"<p>A Prefeitura de S\u00e3o Geraldo do Baixio &#8211; MG anunciou a abertura de inscri\u00e7\u00f5es para um Concurso P\u00fablico, que tem como objetivo preencher 98 vagas de n\u00edvel fundamental, m\u00e9dio, t\u00e9cnico e superior.<\/p>\n","protected":false},"author":7,"featured_media":231383,"comment_status":"open","ping_status":"open","sticky":false,"template":"","format":"standard","meta":{"_acf_changed":false,"_breakdance_hide_in_design_set":false,"_breakdance_tags":"","footnotes":""},"categories":[126,12,14,151,17,24,25,26,101,108],"tags":[50],"_amplo":[6427],"destaque":[],"instituicoes":[6486],"class_list":["post-231378","post","type-post","status-publish","format-standard","has-post-thumbnail","hentry","category-ciencia-computacao","category-enfermagem","category-engenharia","category-engenharia-computacao","category-farmacia","category-odontologia","category-pedagogia","category-psicologia","category-servico-social","category-tecnico-enfermagem","tag-minas-gerais","_amplo-nivel-medio","instituicoes-prefeitura-municipal-de-sao-geraldo-do-baixio-mg"],"acf":{"_tipo_vagas":"vagas","_numero_vagas":98,"_quadro_vagas":231381,"_cargos":"diversos","_cargos_especificos":"","_salario_max":"R$ 3.824,67","_abertura":"20231215","_encerramento":"20240115","_inscricoes":"https:\/\/www.eloassessoriaeservicos.com.br\/concurso\/80\/detalhes","_executora_concurso":62241,"_instituicao_concurso":[6486],"_link_adicional":null,"_anexos":[{"_arquivo_anexo":231380,"_titulo_anexo":"Edital 001\/2023"}],"_produtos":null,"_vagas":"","_salario_min":"","_instituicao":"","_edital":"","_anexos_edital":"","_fund_incompleto":"","_fund_completo":"","_medio":"","_superior":""},"_links":{"self":[{"href":"https:\/\/www.agrobase.com.br\/concursos\/wp-json\/wp\/v2\/posts\/231378","targetHints":{"allow":["GET"]}}],"collection":[{"href":"https:\/\/www.agrobase.com.br\/concursos\/wp-json\/wp\/v2\/posts"}],"about":[{"href":"https:\/\/www.agrobase.com.br\/concursos\/wp-json\/wp\/v2\/types\/post"}],"author":[{"embeddable":true,"href":"https:\/\/www.agrobase.com.br\/concursos\/wp-json\/wp\/v2\/users\/7"}],"replies":[{"embeddable":true,"href":"https:\/\/www.agrobase.com.br\/concursos\/wp-json\/wp\/v2\/comments?post=231378"}],"version-history":[{"count":0,"href":"https:\/\/www.agrobase.com.br\/concursos\/wp-json\/wp\/v2\/posts\/231378\/revisions"}],"acf:term":[{"embeddable":true,"taxonomy":"instituicoes","href":"https:\/\/www.agrobase.com.br\/concursos\/wp-json\/wp\/v2\/instituicoes\/6486"}],"acf:post":[{"embeddable":true,"href":"https:\/\/www.agrobase.com.br\/concursos\/wp-json\/wp\/v2\/executora\/62241"}],"wp:featuredmedia":[{"embeddable":true,"href":"https:\/\/www.agrobase.com.br\/concursos\/wp-json\/wp\/v2\/media\/231383"}],"wp:attachment":[{"href":"https:\/\/www.agrobase.com.br\/concursos\/wp-json\/wp\/v2\/media?parent=231378"}],"wp:term":[{"taxonomy":"category","embeddable":true,"href":"https:\/\/www.agrobase.com.br\/concursos\/wp-json\/wp\/v2\/categories?post=231378"},{"taxonomy":"post_tag","embeddable":true,"href":"https:\/\/www.agrobase.com.br\/concursos\/wp-json\/wp\/v2\/tags?post=231378"},{"taxonomy":"_amplo","embeddable":true,"href":"https:\/\/www.agrobase.com.br\/concursos\/wp-json\/wp\/v2\/_amplo?post=231378"},{"taxonomy":"destaque","embeddable":true,"href":"https:\/\/www.agrobase.com.br\/concursos\/wp-json\/wp\/v2\/destaque?post=231378"},{"taxonomy":"instituicoes","embeddable":true,"href":"https:\/\/www.agrobase.com.br\/concursos\/wp-json\/wp\/v2\/instituicoes?post=231378"}],"curies":[{"name":"wp","href":"https:\/\/api.w.org\/{rel}","templated":true}]}}