{"id":231218,"date":"2023-10-06T08:50:37","date_gmt":"2023-10-06T11:50:37","guid":{"rendered":"https:\/\/www.agrobase.com.br\/concursos\/?p=231218"},"modified":"2023-10-05T14:08:06","modified_gmt":"2023-10-05T17:08:06","slug":"concurso-publico-de-valenca-do-piaui-edital-001-2023","status":"publish","type":"post","link":"https:\/\/www.agrobase.com.br\/concursos\/2023\/concurso-publico-de-valenca-do-piaui-edital-001-2023\/","title":{"rendered":"Concurso P\u00fablico de Valen\u00e7a do Piau\u00ed | Edital 001\/2023"},"content":{"rendered":"<p>As inscri\u00e7\u00f5es ao Concurso P\u00fablico de <a href=\"https:\/\/valencadopiaui.pi.gov.br\/\" title=\"Prefeitura de Valen\u00e7a do Piau\u00ed\" target=\"_blank\" rel=\"noopener\">Valen\u00e7a do Piau\u00ed<\/a> foram abertas hoje. Tal certame deve selecionar novos servidores p\u00fablicos municipais em regime Estatut\u00e1rio.<\/p>\n<h2>Cargos<\/h2>\n<p>A sele\u00e7\u00e3o prev\u00ea o preenchimento de <strong>155 vagas<\/strong> imediatas para cargos de n\u00edvel Fundamental, M\u00e9dio e Superior, nos seguintes cargos:<\/p>\n<p><em>Auxiliar de Servi\u00e7os Gerais (10); Agente de Limpeza P\u00fablica (1); Cuidador no Servi\u00e7o Social (1); Merendeira (2); Motorista (3); Operador de M\u00e1quinas Pesadas (2); Vigia (5); Agente Comunit\u00e1rio de Sa\u00fade (5); Agente de Combate a Endemias (3); Agente de Vigil\u00e2ncia Sanit\u00e1ria (1); Almoxarife (1); Atendente de Farm\u00e1cia B\u00e1sica (1); Auxiliar de Sa\u00fade Bucal (1); Bombeiro Civil (1); Bombeiro Hidr\u00e1ulico (1); Entrevistador Social (1); Fiscal de Obras (1); Fiscal de Tributos (1); Monitor Social (1); Operador de Sistemas de Inform\u00e1tica (1); Orientador Social (2); Recepcionista (3); T\u00e9cnico em Enfermagem (5); T\u00e9cnico em Contabilidade (1); Visitador Social (1); Agente de Controle Interno (1); Arquiteto e Urbanista (1); Assistente Social (2); Bibliotec\u00e1rio (1); Biom\u00e9dico (1); Cirurgi\u00e3o-Dentista (5); Enfermeiro (6); Engenheiro Agr\u00f4nomo (1); Engenheiro Civil (1); Farmac\u00eautico (1); Fisioterapeuta (2); Fonoaudi\u00f3logo (1); M\u00e9dico (5); M\u00e9dico Veterin\u00e1rio (1); Nutricionista (1); Pedagogo (1); Professor &#8211; Artes (1); Professor &#8211; Braile (1); Professor &#8211; Ci\u00eancias F\u00edsicas, Qu\u00edmicas e Biol\u00f3gicas (3); Professor &#8211; Educa\u00e7\u00e3o F\u00edsica (2); Professor &#8211; Educa\u00e7\u00e3o Infantil (18); Professor &#8211; Ensino Fundamental (1\u00ba ao 5\u00ba ano) (19); Professor &#8211; Ensino Religioso (1); Professor &#8211; Geografia (2); Professor &#8211; Hist\u00f3ria (3); Professor &#8211; Ingl\u00eas (1); Professor &#8211; Libras (1); Professor &#8211; Matem\u00e1tica (4); Professor &#8211; Portugu\u00eas (4); Profissional de Educa\u00e7\u00e3o F\u00edsica (4); Psic\u00f3logo (3); Psicopedagogo (1); Terapeuta Ocupacional (1)<\/em><\/p>\n<h2>Remunera\u00e7\u00f5es<\/h2>\n<p>A atua\u00e7\u00e3o desses profissionais estar\u00e1 sujeita a jornadas de trabalho semanais de <strong>20h<\/strong> at\u00e9 <strong>40 horas<\/strong>, dependendo do cargo ocupado. Os sal\u00e1rios podem variar, tamb\u00e9m de acordo com a fun\u00e7\u00e3o, entre valores de <strong>R$ 1.302,00<\/strong> a <strong>R$ 4.000,00<\/strong>.<\/p>\n<h2>Inscri\u00e7\u00f5es<\/h2>\n<p>As inscri\u00e7\u00f5es estar\u00e3o abertas no per\u00edodo de <strong>06 de outubro de 2023<\/strong> a <strong>02 de novembro de 2023<\/strong>, acordo com o cronograma de atividades, ser\u00e3o realizadas exclusivamente atrav\u00e9s do site do Instituto Vicente Nelson.<\/p>\n<h2>Provas<\/h2>\n<p>O Concurso ser\u00e1 realizado em duas etapas:<\/p>\n<ol>\n<li><strong>Prova Escrita Objetiva<\/strong> de m\u00faltipla escolha para todos os cargos, de car\u00e1ter Eliminat\u00f3rio e Classificat\u00f3rio.<\/li>\n<li><strong>Prova de T\u00edtulos<\/strong> para todos os cargos de N\u00edvel Superior, de car\u00e1ter apenas Classificat\u00f3rio.<\/li>\n<\/ol>\n<h2>Resultado<\/h2>\n<p>A divulga\u00e7\u00e3o do Resultado Final deve ser divulgado a partir do dia <strong>22 de dezembro de 2023<\/strong>, por meio de publica\u00e7\u00e3o no site do Instituto Vicente Nelson &#8211; IVIN.<\/p>\n","protected":false},"excerpt":{"rendered":"<p>As inscri\u00e7\u00f5es ao Concurso P\u00fablico de Valen\u00e7a do Piau\u00ed foram abertas hoje. Tal certame deve selecionar novos servidores p\u00fablicos municipais em regime Estatut\u00e1rio.<\/p>\n","protected":false},"author":7,"featured_media":231224,"comment_status":"open","ping_status":"open","sticky":false,"template":"","format":"standard","meta":{"_acf_changed":false,"_breakdance_hide_in_design_set":false,"_breakdance_tags":"","footnotes":""},"categories":[4,5,94,6433,7,141,6434,12,14,17,18,19,111,100,20,116,21,22,23,24,25,26,101,128,108,134],"tags":[55],"_amplo":[6427],"destaque":[],"instituicoes":[6481],"class_list":["post-231218","post","type-post","status-publish","format-standard","has-post-thumbnail","hentry","category-agronomia","category-arquitetura","category-biblioteconomia","category-biologia-licenciatura","category-biomedicina","category-educacao-artistica","category-educacao-fisica-licenciatura","category-enfermagem","category-engenharia","category-farmacia","category-fisioterapia","category-fonoaudiologia","category-geografia","category-historia","category-letras","category-matematica","category-medicina","category-veterinaria","category-nutricao","category-odontologia","category-pedagogia","category-psicologia","category-servico-social","category-tecnico-em-contabilidade","category-tecnico-enfermagem","category-terapia-ocupacional","tag-piaui","_amplo-nivel-medio","instituicoes-prefeitura-municipal-de-valenca-do-piaui-pi"],"acf":{"_tipo_vagas":"vagas","_numero_vagas":155,"_quadro_vagas":231222,"_cargos":"diversos","_cargos_especificos":"","_salario_max":"R$ 4.000,00","_abertura":"20231006","_encerramento":"20231102","_inscricoes":"https:\/\/institutovicentenelson.com.br\/?p=3581","_executora_concurso":39926,"_instituicao_concurso":[6481],"_link_adicional":null,"_anexos":[{"_arquivo_anexo":231220,"_titulo_anexo":"Edital 001\/2023"},{"_arquivo_anexo":231221,"_titulo_anexo":"Cronograma"}],"_produtos":null,"_vagas":"","_salario_min":"","_instituicao":"","_edital":"","_anexos_edital":"","_fund_incompleto":"","_fund_completo":"","_medio":"","_superior":""},"_links":{"self":[{"href":"https:\/\/www.agrobase.com.br\/concursos\/wp-json\/wp\/v2\/posts\/231218","targetHints":{"allow":["GET"]}}],"collection":[{"href":"https:\/\/www.agrobase.com.br\/concursos\/wp-json\/wp\/v2\/posts"}],"about":[{"href":"https:\/\/www.agrobase.com.br\/concursos\/wp-json\/wp\/v2\/types\/post"}],"author":[{"embeddable":true,"href":"https:\/\/www.agrobase.com.br\/concursos\/wp-json\/wp\/v2\/users\/7"}],"replies":[{"embeddable":true,"href":"https:\/\/www.agrobase.com.br\/concursos\/wp-json\/wp\/v2\/comments?post=231218"}],"version-history":[{"count":0,"href":"https:\/\/www.agrobase.com.br\/concursos\/wp-json\/wp\/v2\/posts\/231218\/revisions"}],"acf:term":[{"embeddable":true,"taxonomy":"instituicoes","href":"https:\/\/www.agrobase.com.br\/concursos\/wp-json\/wp\/v2\/instituicoes\/6481"}],"acf:post":[{"embeddable":true,"href":"https:\/\/www.agrobase.com.br\/concursos\/wp-json\/wp\/v2\/executora\/39926"}],"wp:featuredmedia":[{"embeddable":true,"href":"https:\/\/www.agrobase.com.br\/concursos\/wp-json\/wp\/v2\/media\/231224"}],"wp:attachment":[{"href":"https:\/\/www.agrobase.com.br\/concursos\/wp-json\/wp\/v2\/media?parent=231218"}],"wp:term":[{"taxonomy":"category","embeddable":true,"href":"https:\/\/www.agrobase.com.br\/concursos\/wp-json\/wp\/v2\/categories?post=231218"},{"taxonomy":"post_tag","embeddable":true,"href":"https:\/\/www.agrobase.com.br\/concursos\/wp-json\/wp\/v2\/tags?post=231218"},{"taxonomy":"_amplo","embeddable":true,"href":"https:\/\/www.agrobase.com.br\/concursos\/wp-json\/wp\/v2\/_amplo?post=231218"},{"taxonomy":"destaque","embeddable":true,"href":"https:\/\/www.agrobase.com.br\/concursos\/wp-json\/wp\/v2\/destaque?post=231218"},{"taxonomy":"instituicoes","embeddable":true,"href":"https:\/\/www.agrobase.com.br\/concursos\/wp-json\/wp\/v2\/instituicoes?post=231218"}],"curies":[{"name":"wp","href":"https:\/\/api.w.org\/{rel}","templated":true}]}}