{"id":230962,"date":"2023-10-03T08:40:23","date_gmt":"2023-10-03T11:40:23","guid":{"rendered":"https:\/\/www.agrobase.com.br\/concursos\/?p=230962"},"modified":"2023-10-02T13:13:52","modified_gmt":"2023-10-02T16:13:52","slug":"concurso-publico-da-ufr-mt-edital-017-2023","status":"publish","type":"post","link":"https:\/\/www.agrobase.com.br\/concursos\/2023\/concurso-publico-da-ufr-mt-edital-017-2023\/","title":{"rendered":"Concurso P\u00fablico da UFR &#8211; MT | Edital 017\/2023"},"content":{"rendered":"<p>Foi divulgado edital de abertura das inscri\u00e7\u00f5es para o Concurso P\u00fablico de <a href=\"https:\/\/ufr.edu.br\/\" title=\"Universidade Federal de Rondon\u00f3polis\" target=\"_blank\" rel=\"noopener\">UFR &#8211; MT<\/a>, que pode preencher mais de 40 vagas de Professor na Carreira do Magist\u00e9rio Superior.<\/p>\n<h2>Cargos e Remunera\u00e7\u00e3o<\/h2>\n<p><strong>48 (quarenta e oito) vagas<\/strong> para professores s\u00e3o oferecidas por meio do edital 017\/2023 do Concurso P\u00fablico da Universidade Federal de Rondon\u00f3polis, no estado do Mato Grosso, nas seguintes \u00e1reas de atua\u00e7\u00e3o:<\/p>\n<p><em>Administra\u00e7\u00e3o geral (4); Agronomia (1); Agronomia\/Fitotecnia I (1); Agronomia\/Fitotecnia II (1); \u00c1lgebra ou An\u00e1lise ou Geometria e Topologia ou Matem\u00e1tica Aplicada (1); An\u00e1lise do Comportamento (1); Avalia\u00e7\u00e3o Psicol\u00f3gica (1); Ci\u00eancias Exatas e da Terra &#8211; Ci\u00eancia da Computa\u00e7\u00e3o \/ Metodologia e T\u00e9cnicas da Computa\u00e7\u00e3o\/Sistemas de Informa\u00e7\u00e3o e Intelig\u00eancia Artificial (1); Ci\u00eancias Exatas e da Terra Ci\u00eancia da Computa\u00e7\u00e3o\/Metodologia e T\u00e9cnicas da Computa\u00e7\u00e3o\/Engenharia de Software (2); Ci\u00eancias Exatas e da Terra\/Ci\u00eancia da Computa\u00e7\u00e3o\/Sistemas de Computa\u00e7\u00e3o (1); Ci\u00eancias Exatas e da Terra\/Matem\u00e1tica (1); Ci\u00eancias Humanas e Sociais (1); Ci\u00eancias Sociais Aplicadas (3); Cirurgia Geral, Semiologia M\u00e9dica e Habilidades e Atitudes M\u00e9dicas I (1); Cirurgia Geral, Semiologia M\u00e9dica e Habilidades e Atitudes M\u00e9dicas II (1); Cl\u00ednica M\u00e9dica, Reumatologia, Semiologia M\u00e9dica e Habilidades e Atitudes M\u00e9dicas (1); Cl\u00ednica M\u00e9dica, Semiologia M\u00e9dica e Habilidades e Atitudes M\u00e9dicas (2); Direito Privado (6); Direito P\u00fablico (2); Enfermagem Hospitalar na Sa\u00fade do Adulto (1); Engenharia Agr\u00edcola\/M\u00e1quinas e Implementos Agr\u00edcolas (1); Engenharia Mec\u00e2nica\/Projeto de M\u00e1quinas (1); Ensino de Geografia (1); Ensino e Aprendizagem em Sala de Aula (1); Inova\u00e7\u00e3o e Empreendedorismo (1); Medicina de Fam\u00edlia e Comunidade (2); Organiza\u00e7\u00e3o e Recupera\u00e7\u00e3o da Informa\u00e7\u00e3o (2); Pediatria e Habilidades e Atitudes M\u00e9dicas (2); Pol\u00edticas P\u00fablicas Educacionais (1); Psicologia e Trabalho (1); Zoologia\/Invertebrados (1) e Zoologia\/Vertebrados (1)<\/em><\/p>\n<p>Os sal\u00e1rios devem variar entre os valores de <strong>R$ 2.681,35<\/strong> a <strong>R$ 10.481,64<\/strong>, para jornadas de trabalho de <strong>20h<\/strong> at\u00e9 <strong>40 horas por semana<\/strong>.<\/p>\n<h2>Inscri\u00e7\u00f5es<\/h2>\n<p>Quem quiser se inscrever ter\u00e1 das 10h do dia <strong>02 de outubro de 2023<\/strong> at\u00e9 o dia <strong>16 de outubro de 2023<\/strong>, para poder se inscrever \u00e9 necess\u00e1rio acessar ao endere\u00e7o eletr\u00f4nico do Instituto Verbena.<\/p>\n<p>O valor da inscri\u00e7\u00e3o ser\u00e1 de <strong>R$ 230,00 (duzentos e trinta reais)<\/strong>.<\/p>\n<h2>Provas<\/h2>\n<ol>\n<li><strong>Prova Objetiva:<\/strong> prevista para o dia <strong>29 de outubro de 2023<\/strong>.<\/li>\n<li><strong>Prova Did\u00e1tica:<\/strong> prevista para o per\u00edodo de <strong>23 a 27 de novembro de 2023<\/strong>.<\/li>\n<li><strong>Prova de t\u00edtulos.<\/strong><\/li>\n<\/ol>\n<h2>Resultado<\/h2>\n<p>O resultado final do Concurso ser\u00e1 homologado pela Reitora Pro Tempore da UFR, publicado no Di\u00e1rio Oficial da Uni\u00e3o, e divulgado no endere\u00e7o eletr\u00f4nico da UFR www.ufr.edu.br e no endere\u00e7o eletr\u00f4nico do Instituto Verbena\/UFG www.institutoverbena.ufg.br.<\/p>\n","protected":false},"excerpt":{"rendered":"<p>Foi divulgado edital de abertura das inscri\u00e7\u00f5es para o Concurso P\u00fablico de <a href=\"https:\/\/ufr.edu.br\/\" title=\"Universidade Federal de Rondon\u00f3polis\" target=\"_blank\" rel=\"noopener\">UFR &#8211; MT<\/a>, que pode preencher mais de 40 vagas de Professor na Carreira do Magist\u00e9rio Superior.<\/p>\n","protected":false},"author":7,"featured_media":230967,"comment_status":"open","ping_status":"open","sticky":false,"template":"","format":"standard","meta":{"_acf_changed":false,"_breakdance_hide_in_design_set":false,"_breakdance_tags":"","footnotes":""},"categories":[3,4,94,6433,126,9,121,10,97,95,13,151,15,104,112,6436,111,100,116,21,25,26,6435,159],"tags":[47],"_amplo":[],"destaque":[],"instituicoes":[5893],"class_list":["post-230962","post","type-post","status-publish","format-standard","has-post-thumbnail","hentry","category-administracao","category-agronomia","category-biblioteconomia","category-biologia-licenciatura","category-ciencia-computacao","category-ciencias-contabeis","category-ciencias-sociais","category-direito","category-ecologia","category-engenharia-agricola","category-engenharia-ambiental","category-engenharia-computacao","category-engenharia-florestal","category-engenharia-mecanica","category-filosofia","category-fisica-licenciatura","category-geografia","category-historia","category-matematica","category-medicina","category-pedagogia","category-psicologia","category-quimica-licenciatura","category-tecnologia-da-informacao","tag-mato-grosso","instituicoes-universidade-federal-de-rondonopolis-ufr"],"acf":{"_tipo_vagas":"vagas","_numero_vagas":48,"_quadro_vagas":230965,"_cargos":"professores","_cargos_especificos":"","_salario_max":"R$ 10.481,64","_abertura":"20231002","_encerramento":"20231016","_inscricoes":"https:\/\/sistemas.institutoverbena.ufg.br\/2023\/concurso-ufr-professor\/","_executora_concurso":197033,"_instituicao_concurso":[5893],"_link_adicional":null,"_anexos":[{"_arquivo_anexo":230964,"_titulo_anexo":"Edital 017\/2023"}],"_produtos":null,"_vagas":"","_salario_min":"","_instituicao":"","_edital":"","_anexos_edital":"","_fund_incompleto":"","_fund_completo":"","_medio":"","_superior":""},"_links":{"self":[{"href":"https:\/\/www.agrobase.com.br\/concursos\/wp-json\/wp\/v2\/posts\/230962","targetHints":{"allow":["GET"]}}],"collection":[{"href":"https:\/\/www.agrobase.com.br\/concursos\/wp-json\/wp\/v2\/posts"}],"about":[{"href":"https:\/\/www.agrobase.com.br\/concursos\/wp-json\/wp\/v2\/types\/post"}],"author":[{"embeddable":true,"href":"https:\/\/www.agrobase.com.br\/concursos\/wp-json\/wp\/v2\/users\/7"}],"replies":[{"embeddable":true,"href":"https:\/\/www.agrobase.com.br\/concursos\/wp-json\/wp\/v2\/comments?post=230962"}],"version-history":[{"count":0,"href":"https:\/\/www.agrobase.com.br\/concursos\/wp-json\/wp\/v2\/posts\/230962\/revisions"}],"acf:term":[{"embeddable":true,"taxonomy":"instituicoes","href":"https:\/\/www.agrobase.com.br\/concursos\/wp-json\/wp\/v2\/instituicoes\/5893"}],"acf:post":[{"embeddable":true,"href":"https:\/\/www.agrobase.com.br\/concursos\/wp-json\/wp\/v2\/executora\/197033"}],"wp:featuredmedia":[{"embeddable":true,"href":"https:\/\/www.agrobase.com.br\/concursos\/wp-json\/wp\/v2\/media\/230967"}],"wp:attachment":[{"href":"https:\/\/www.agrobase.com.br\/concursos\/wp-json\/wp\/v2\/media?parent=230962"}],"wp:term":[{"taxonomy":"category","embeddable":true,"href":"https:\/\/www.agrobase.com.br\/concursos\/wp-json\/wp\/v2\/categories?post=230962"},{"taxonomy":"post_tag","embeddable":true,"href":"https:\/\/www.agrobase.com.br\/concursos\/wp-json\/wp\/v2\/tags?post=230962"},{"taxonomy":"_amplo","embeddable":true,"href":"https:\/\/www.agrobase.com.br\/concursos\/wp-json\/wp\/v2\/_amplo?post=230962"},{"taxonomy":"destaque","embeddable":true,"href":"https:\/\/www.agrobase.com.br\/concursos\/wp-json\/wp\/v2\/destaque?post=230962"},{"taxonomy":"instituicoes","embeddable":true,"href":"https:\/\/www.agrobase.com.br\/concursos\/wp-json\/wp\/v2\/instituicoes?post=230962"}],"curies":[{"name":"wp","href":"https:\/\/api.w.org\/{rel}","templated":true}]}}