{"id":230750,"date":"2023-09-29T08:00:58","date_gmt":"2023-09-29T11:00:58","guid":{"rendered":"https:\/\/www.agrobase.com.br\/concursos\/?p=230750"},"modified":"2023-09-28T13:15:19","modified_gmt":"2023-09-28T16:15:19","slug":"concurso-publico-de-betim-mg-edital-001-2023","status":"publish","type":"post","link":"https:\/\/www.agrobase.com.br\/concursos\/2023\/concurso-publico-de-betim-mg-edital-001-2023\/","title":{"rendered":"Concurso P\u00fablico de Betim &#8211; MG | Edital 001\/2023"},"content":{"rendered":"<p>A C\u00e2mara de Betim &#8211; MG anuncia a realiza\u00e7\u00e3o de um novo Concurso P\u00fablico, que tem por objetivo o preenchimento de 21 vagas destinadas \u00e0 contrata\u00e7\u00e3o de profissionais efetivos.<\/p>\n<p>H\u00e1 oportunidades dispon\u00edveis entre os seguintes cargos: Assistente Administrativo &#8211; Int\u00e9rprete de Libras (2); Assistente Administrativo &#8211; T\u00e9cnico de Apoio (10); Assistente Administrativo &#8211; T\u00e9cnico em Inform\u00e1tica (2); Consultor T\u00e9cnico Legislativo &#8211; Analista de Desenvolvimento de Tecnologia (1); Consultor T\u00e9cnico Legislativo &#8211; Analista de Infraestrutura de Tecnologia (1); Consultor T\u00e9cnico Legislativo &#8211; Arquivista (1); Consultor T\u00e9cnico Legislativo &#8211; Assistente Social (1); Consultor T\u00e9cnico Legislativo &#8211; Programador Visual (1); Consultor T\u00e9cnico Legislativo &#8211; Redator-Revisor (1); Analista Legislativo &#8211; Contador; e Procurador Legislativo &#8211; Procurador.<\/p>\n<p>Para concorrer a uma das chances ofertadas, \u00e9 necess\u00e1rio que o candidato possua escolaridade entre n\u00edveis m\u00e9dio, t\u00e9cnico e superior, conforme o respectivo cargo pleiteado.<\/p>\n<p>Ao ser contratado, o profissional deve exercer fun\u00e7\u00f5es em jornadas de 40 horas semanais, referente a remunera\u00e7\u00e3o mensal de R$ 3.213,54 a R$ 7.626,39.<\/p>\n<p>As inscri\u00e7\u00f5es ter\u00e3o in\u00edcio a partir das 09h de 20 de novembro de 2023 e podem ser realizadas de forma eletr\u00f4nica at\u00e9 as 17h do dia 20 de dezembro de 2023, por meio do site da Fundep.<\/p>\n<p>O pagamento da taxa no valor de R$ 80,00 a R$ 110,00, deve ser efetuado at\u00e9 31 de outubro de 2023.<\/p>\n","protected":false},"excerpt":{"rendered":"<p>A C\u00e2mara de Betim &#8211; MG anuncia a realiza\u00e7\u00e3o de um novo Concurso P\u00fablico, que tem por objetivo o preenchimento de 21 vagas destinadas \u00e0 contrata\u00e7\u00e3o de profissionais efetivos.<\/p>\n","protected":false},"author":7,"featured_media":230755,"comment_status":"open","ping_status":"open","sticky":false,"template":"","format":"standard","meta":{"_acf_changed":false,"_breakdance_hide_in_design_set":false,"_breakdance_tags":"","footnotes":""},"categories":[144,9,120,10,20,124,101,130,159],"tags":[50],"_amplo":[6427],"destaque":[],"instituicoes":[2076],"class_list":["post-230750","post","type-post","status-publish","format-standard","has-post-thumbnail","hentry","category-arquivologia","category-ciencias-contabeis","category-comunicacao-social","category-direito","category-letras","category-publicidade","category-servico-social","category-tecnico-informatica","category-tecnologia-da-informacao","tag-minas-gerais","_amplo-nivel-medio","instituicoes-prefeitura-municipal-de-betim-mg"],"acf":{"_tipo_vagas":"vagas","_numero_vagas":21,"_quadro_vagas":230753,"_cargos":"diversos","_cargos_especificos":"","_salario_max":"R$ 7.626,39","_abertura":"20231120","_encerramento":"20231220","_inscricoes":"https:\/\/fundep.selecao.net.br\/informacoes\/14\/","_executora_concurso":51578,"_instituicao_concurso":[2076],"_link_adicional":null,"_anexos":[{"_arquivo_anexo":230752,"_titulo_anexo":"Edital 001\/2023"}],"_produtos":null,"_vagas":"","_salario_min":"","_instituicao":"","_edital":"","_anexos_edital":"","_fund_incompleto":"","_fund_completo":"","_medio":"","_superior":""},"_links":{"self":[{"href":"https:\/\/www.agrobase.com.br\/concursos\/wp-json\/wp\/v2\/posts\/230750","targetHints":{"allow":["GET"]}}],"collection":[{"href":"https:\/\/www.agrobase.com.br\/concursos\/wp-json\/wp\/v2\/posts"}],"about":[{"href":"https:\/\/www.agrobase.com.br\/concursos\/wp-json\/wp\/v2\/types\/post"}],"author":[{"embeddable":true,"href":"https:\/\/www.agrobase.com.br\/concursos\/wp-json\/wp\/v2\/users\/7"}],"replies":[{"embeddable":true,"href":"https:\/\/www.agrobase.com.br\/concursos\/wp-json\/wp\/v2\/comments?post=230750"}],"version-history":[{"count":0,"href":"https:\/\/www.agrobase.com.br\/concursos\/wp-json\/wp\/v2\/posts\/230750\/revisions"}],"acf:term":[{"embeddable":true,"taxonomy":"instituicoes","href":"https:\/\/www.agrobase.com.br\/concursos\/wp-json\/wp\/v2\/instituicoes\/2076"}],"acf:post":[{"embeddable":true,"href":"https:\/\/www.agrobase.com.br\/concursos\/wp-json\/wp\/v2\/executora\/51578"}],"wp:featuredmedia":[{"embeddable":true,"href":"https:\/\/www.agrobase.com.br\/concursos\/wp-json\/wp\/v2\/media\/230755"}],"wp:attachment":[{"href":"https:\/\/www.agrobase.com.br\/concursos\/wp-json\/wp\/v2\/media?parent=230750"}],"wp:term":[{"taxonomy":"category","embeddable":true,"href":"https:\/\/www.agrobase.com.br\/concursos\/wp-json\/wp\/v2\/categories?post=230750"},{"taxonomy":"post_tag","embeddable":true,"href":"https:\/\/www.agrobase.com.br\/concursos\/wp-json\/wp\/v2\/tags?post=230750"},{"taxonomy":"_amplo","embeddable":true,"href":"https:\/\/www.agrobase.com.br\/concursos\/wp-json\/wp\/v2\/_amplo?post=230750"},{"taxonomy":"destaque","embeddable":true,"href":"https:\/\/www.agrobase.com.br\/concursos\/wp-json\/wp\/v2\/destaque?post=230750"},{"taxonomy":"instituicoes","embeddable":true,"href":"https:\/\/www.agrobase.com.br\/concursos\/wp-json\/wp\/v2\/instituicoes?post=230750"}],"curies":[{"name":"wp","href":"https:\/\/api.w.org\/{rel}","templated":true}]}}