{"id":230374,"date":"2023-09-25T08:20:45","date_gmt":"2023-09-25T11:20:45","guid":{"rendered":"https:\/\/www.agrobase.com.br\/concursos\/?p=230374"},"modified":"2023-09-22T13:17:37","modified_gmt":"2023-09-22T16:17:37","slug":"concurso-publico-de-lages-sc-edital-004-2023","status":"publish","type":"post","link":"https:\/\/www.agrobase.com.br\/concursos\/2023\/concurso-publico-de-lages-sc-edital-004-2023\/","title":{"rendered":"Concurso P\u00fablico de Lages &#8211; SC | Edital 004\/2023"},"content":{"rendered":"<p>A Prefeitura de <a href=\"https:\/\/www.lages.sc.gov.br\/\" title=\"Prefeitura de Lages\" target=\"_blank\" rel=\"noopener\">Lages &#8211; SC<\/a> lan\u00e7a edital de Concurso P\u00fablico para o preenchimento de 111 vagas em cargos de n\u00edvel fundamental, m\u00e9dio e superior.<\/p>\n<h2>Vagas<\/h2>\n<p>Abaixo definimos como ocorre a distribui\u00e7\u00e3o das <strong>111 vagas<\/strong> do edita 004\/2023 publicado recentemente pela Prefeitura de <a href=\"https:\/\/pt.wikipedia.org\/wiki\/Lages\" title=\"Cidade de Lages\" target=\"_blank\" rel=\"noopener\">Lages<\/a>:<\/p>\n<p><strong>Ensino Fundamental:<\/strong> Motorista de Ve\u00edculos de Emerg\u00eancia (1) e Motorista Socorrista em Programas da Sa\u00fade (2);<\/p>\n<p><strong>Ensino M\u00e9dio:<\/strong> Agente de Vigil\u00e2ncia Sanit\u00e1ria (4); Artes\u00e3o de Programas da Sa\u00fade (1); T\u00e9cnico de Enfermagem (3); T\u00e9cnico de Enfermagem em Programas da Sa\u00fade (10); T\u00e9cnico em Higiene Dental em Programas da Sa\u00fade (4) e T\u00e9cnico de Laborat\u00f3rio (1);<\/p>\n<p><strong>Ensino Superior:<\/strong> Administrador de Programas da Sa\u00fade (1); Assistente Social de Programas da Sa\u00fade (3); Cirurgi\u00e3o Dentista de Programas da Sa\u00fade (2); Dentista &#8211; Cirurgi\u00e3o Bucomaxilofacial (1); Dentista &#8211; Endodontista (1); Dentista &#8211; Pacientes Com Necessidades Especiais (1); Educador F\u00edsico de Programas da Sa\u00fade (2); Enfermeiro (2); Enfermeiro de Programas da Sa\u00fade (3); Farmac\u00eautico\/Bioqu\u00edmico (1); Farmac\u00eautico\/Bioqu\u00edmico de Programas da Sa\u00fade (3); Fiscal de Sa\u00fade P\u00fablica como Arquiteto Ou Engenheiro (1); Biom\u00e9dico (1); Enfermeiro (1); Engenheiro Sanitarista (1); Farmac\u00eautico\/Bioqu\u00edmico (1); Fisioterapeuta (1); Odont\u00f3logo (1); M\u00e9dico Veterin\u00e1rio (1); Fisioterapeuta (2); Fisioterapeuta de Programas da Sa\u00fade (2); Fonoaudi\u00f3logo (2); M\u00e9dico (4); M\u00e9dicos especialistas como: Alergista e Imunologista (1); M\u00e9dico Angiologista (1); Auditor (1); Cardiologista (1); Dermatologista (1); de Programas da Sa\u00fade (10); Endocrinologista (1); Gastroenterologista (1); Geriatra (1); Ginecologista e\/ou Obstetra (1); Hematologista (1); Infectologista (1); Mastologista (1); Nefrologista (1); Neurologista (1); Neuropediatra (1); Oftalmologista (1); Ortopedista (1); Otorrinolaringologista (1); Pediatra (1); Pediatra\/Hebiatra (1); Perito (1); Pneumologista (1); Proctologista (1); Psiquiatra (1); Regulador (4); Reumatologista (1); Urologista (1); Psic\u00f3logo de Programas da Sa\u00fade (2); Psicopedagogo (2); Terapeuta Ocupacional (1) e Terapeuta Ocupacional em Programas da Sa\u00fade (2).<\/p>\n<h2>Remunera\u00e7\u00f5es<\/h2>\n<p>Os sal\u00e1rios ofertados, nos casos descritos acima, variam entre os valores de <strong>R$ 1.757,45<\/strong> a <strong>R$ 18.746,27<\/strong>, a carga hor\u00e1ria atribu\u00edda aos cargos oscila entre <strong>10h<\/strong> e <strong>40 horas<\/strong> semanais, dependendo do cargo de interesse.<\/p>\n<h2>Inscri\u00e7\u00e3o<\/h2>\n<ul>\n<li><strong>Internet:<\/strong> O Concurso de Lages recebe as inscri\u00e7\u00f5es durante o per\u00edodo de <strong>20 de setembro de 2023<\/strong> at\u00e9 o dia <strong>19 de outubro 2023<\/strong>. A realiza\u00e7\u00e3o da inscri\u00e7\u00e3o deve ser feita via internet, por meio no endere\u00e7o eletr\u00f4nico do IBAM.<\/li>\n<\/ul>\n<h2>Taxa de Participa\u00e7\u00e3o<\/h2>\n<p><strong>R$ 110,00 (cento e dez reais):<\/strong> Fun\u00e7\u00f5es de N\u00edvel Superior;<br \/>\n<strong>R$ 100,00 (cem reais):<\/strong> Fun\u00e7\u00f5es de N\u00edvel M\u00e9dio\/T\u00e9cnico;<br \/>\n<strong>R$ 70,00 (setenta reais):<\/strong> Fun\u00e7\u00f5es de N\u00edvel Fundamental.<\/p>\n<h2>Provas<\/h2>\n<ol>\n<li><strong>Prova Escrita.<\/strong> Prevista para o dia <strong>26 de novembro de 2023<\/strong>.<\/li>\n<li><strong>Prova de T\u00edtulos.<\/strong><\/li>\n<\/ol>\n<p>Os candidatos poder\u00e3o acessar e imprimir o cart\u00e3o de confirma\u00e7\u00e3o, com data, hor\u00e1rio e local da prova, a partir de 14 de novembro de 2023, atrav\u00e9s do site www.ibam-concursos.org.br, no link \u00c1rea do Candidato.<\/p>\n<h2>Resultados<\/h2>\n<p>O resultado preliminar do Concurso P\u00fablico contendo o desempenho de todos os candidatos inscritos, por cargo, em ordem decrescente de pontua\u00e7\u00e3o, ser\u00e1 publicado nos sites www.ibam-concursos.org.br, www.lages.sc.gov.br e no DOM\/SC \u2013 Di\u00e1rio Oficial dos Munic\u00edpios de Santa Catarina.<\/p>\n","protected":false},"excerpt":{"rendered":"<p>A Prefeitura de <a href=\"https:\/\/www.lages.sc.gov.br\/\" title=\"Prefeitura de Lages\" target=\"_blank\" rel=\"noopener\">Lages &#8211; SC<\/a> lan\u00e7a edital de Concurso P\u00fablico para o preenchimento de 111 vagas em cargos de n\u00edvel fundamental, m\u00e9dio e superior.<\/p>\n","protected":false},"author":7,"featured_media":230380,"comment_status":"open","ping_status":"open","sticky":false,"template":"","format":"standard","meta":{"_acf_changed":false,"_breakdance_hide_in_design_set":false,"_breakdance_tags":"","footnotes":""},"categories":[3,5,7,106,11,12,14,16,17,18,19,21,22,24,25,26,101,134],"tags":[61],"_amplo":[6427],"destaque":[],"instituicoes":[3570],"class_list":["post-230374","post","type-post","status-publish","format-standard","has-post-thumbnail","hentry","category-administracao","category-arquitetura","category-biomedicina","category-bioquimica","category-educacao-fisica","category-enfermagem","category-engenharia","category-engenharia-sanitaria","category-farmacia","category-fisioterapia","category-fonoaudiologia","category-medicina","category-veterinaria","category-odontologia","category-pedagogia","category-psicologia","category-servico-social","category-terapia-ocupacional","tag-santa-catarina","_amplo-nivel-medio","instituicoes-prefeitura-municipal-de-lages-sc"],"acf":{"_tipo_vagas":"vagas","_numero_vagas":111,"_quadro_vagas":230378,"_cargos":"diversos","_cargos_especificos":"","_salario_max":"R$ 18.746,27","_abertura":"20230920","_encerramento":"20231019","_inscricoes":"https:\/\/www.ibam-concursos.org.br\/","_executora_concurso":40070,"_instituicao_concurso":[3570],"_link_adicional":null,"_anexos":[{"_arquivo_anexo":230377,"_titulo_anexo":"Edital 004\/2023"}],"_produtos":null,"_vagas":"","_salario_min":"","_instituicao":"","_edital":"","_anexos_edital":"","_fund_incompleto":"","_fund_completo":"","_medio":"","_superior":""},"_links":{"self":[{"href":"https:\/\/www.agrobase.com.br\/concursos\/wp-json\/wp\/v2\/posts\/230374","targetHints":{"allow":["GET"]}}],"collection":[{"href":"https:\/\/www.agrobase.com.br\/concursos\/wp-json\/wp\/v2\/posts"}],"about":[{"href":"https:\/\/www.agrobase.com.br\/concursos\/wp-json\/wp\/v2\/types\/post"}],"author":[{"embeddable":true,"href":"https:\/\/www.agrobase.com.br\/concursos\/wp-json\/wp\/v2\/users\/7"}],"replies":[{"embeddable":true,"href":"https:\/\/www.agrobase.com.br\/concursos\/wp-json\/wp\/v2\/comments?post=230374"}],"version-history":[{"count":0,"href":"https:\/\/www.agrobase.com.br\/concursos\/wp-json\/wp\/v2\/posts\/230374\/revisions"}],"acf:term":[{"embeddable":true,"taxonomy":"instituicoes","href":"https:\/\/www.agrobase.com.br\/concursos\/wp-json\/wp\/v2\/instituicoes\/3570"}],"acf:post":[{"embeddable":true,"href":"https:\/\/www.agrobase.com.br\/concursos\/wp-json\/wp\/v2\/executora\/40070"}],"wp:featuredmedia":[{"embeddable":true,"href":"https:\/\/www.agrobase.com.br\/concursos\/wp-json\/wp\/v2\/media\/230380"}],"wp:attachment":[{"href":"https:\/\/www.agrobase.com.br\/concursos\/wp-json\/wp\/v2\/media?parent=230374"}],"wp:term":[{"taxonomy":"category","embeddable":true,"href":"https:\/\/www.agrobase.com.br\/concursos\/wp-json\/wp\/v2\/categories?post=230374"},{"taxonomy":"post_tag","embeddable":true,"href":"https:\/\/www.agrobase.com.br\/concursos\/wp-json\/wp\/v2\/tags?post=230374"},{"taxonomy":"_amplo","embeddable":true,"href":"https:\/\/www.agrobase.com.br\/concursos\/wp-json\/wp\/v2\/_amplo?post=230374"},{"taxonomy":"destaque","embeddable":true,"href":"https:\/\/www.agrobase.com.br\/concursos\/wp-json\/wp\/v2\/destaque?post=230374"},{"taxonomy":"instituicoes","embeddable":true,"href":"https:\/\/www.agrobase.com.br\/concursos\/wp-json\/wp\/v2\/instituicoes?post=230374"}],"curies":[{"name":"wp","href":"https:\/\/api.w.org\/{rel}","templated":true}]}}