{"id":230358,"date":"2023-09-25T08:00:06","date_gmt":"2023-09-25T11:00:06","guid":{"rendered":"https:\/\/www.agrobase.com.br\/concursos\/?p=230358"},"modified":"2023-09-22T13:10:10","modified_gmt":"2023-09-22T16:10:10","slug":"processo-seletivo-de-lages-sc-edital-003-2023","status":"publish","type":"post","link":"https:\/\/www.agrobase.com.br\/concursos\/2023\/processo-seletivo-de-lages-sc-edital-003-2023\/","title":{"rendered":"Processo Seletivo de Lages &#8211; SC | Edital 003\/2023"},"content":{"rendered":"<p>Ao todo a Prefeitura de <a href=\"https:\/\/www.lages.sc.gov.br\/\" title=\"Prefeitura de Lages\" target=\"_blank\" rel=\"noopener\">Lages &#8211; SC<\/a> anuncia Concurso P\u00fablico para o preenchimento de 437 vagas em cargos de todos os n\u00edveis de escolaridade.<\/p>\n<h2>Vagas<\/h2>\n<p>Abaixo definimos como ocorre a distribui\u00e7\u00e3o das <strong>437 vagas<\/strong> do edita 003\/2023 publicado recentemente pela Prefeitura de <a href=\"https:\/\/pt.wikipedia.org\/wiki\/Lages\" title=\"Cidade de Lages\" target=\"_blank\" rel=\"noopener\">Lages<\/a>:<\/p>\n<p><em>Professor De Anos Iniciais (30); Professor De Apoio \u00c0 Inclus\u00e3o (80); Professor De Apoio \u00c0 Inclus\u00e3o &#8211; Masculino (10); Professor De Apoio \u00c0 Inclus\u00e3o &#8211; Int\u00e9rprete De Braile (1); Professor De Apoio \u00c0 Inclus\u00e3o &#8211; Int\u00e9rprete De Libras (2); Professor De Arte (10); Professor De Ci\u00eancias (5); Professor De Educa\u00e7\u00e3o F\u00edsica (10); Professor De Educa\u00e7\u00e3o Infantil (150); Professor De Educa\u00e7\u00e3o Infantil E Ensino Fundamental (1\u00ba Ao 5\u00ba) &#8211; Educa\u00e7\u00e3o Do Campo (7); Professor De Educa\u00e7\u00e3o Para A Sustentabilidade (20); Professor De Ensino Religioso (1); Professor De Geografia (5); Professor De Hist\u00f3ria (5); Professor De Ingl\u00eas (3); Professor De L\u00edngua Portugu\u00easa (5); Professor De Literatura E Produ\u00e7\u00e3o Textual (20); Professor De Matem\u00e1tica (5); Professor De Ensino M\u00e9dio &#8211; Biologia (1); Professor De Ensino M\u00e9dio &#8211; Filosofia (1); Professor De Ensino M\u00e9dio &#8211; F\u00edsica (1); Professor De Ensino M\u00e9dio &#8211; Qu\u00edmica (1); Professor De Ensino M\u00e9dio &#8211; Sociologia (1); Professor De Anos Iniciais &#8211; N\u00e3o Habilitado (1); Professor De Apoio \u00c0 Inclus\u00e3o &#8211; N\u00e3o Habilitado (1); Professor De Apoio \u00c0 Inclus\u00e3o &#8211; Masculino &#8211; N\u00e3o Habilitado (1); Professor De Apoio \u00c0 Inclus\u00e3o &#8211; Int\u00e9rprete De Braile &#8211; N\u00e3o Habilitado (1); Professor De Apoio \u00c0 Inclus\u00e3o &#8211; Int\u00e9rprete De Libras &#8211; N\u00e3o Habilitado (1); Professor De Arte &#8211; N\u00e3o Habilitado (1); Professor De Ci\u00eancias &#8211; N\u00e3o Habilitado (1); Prof. De Educa\u00e7\u00e3o Infantil &#8211; N\u00e3o Habilitado (1); Prof. De Educa\u00e7\u00e3o Infantil E Ensino Fundamental (1\u00ba Ao \u00ba) &#8211; Educa\u00e7\u00e3o Do Campo &#8211; N\u00e3o Habilitado (1); Professor De Educa\u00e7\u00e3o Para A Sustentabilidade &#8211; N\u00e3o Habilitado (1); Professor De Ensino Religioso &#8211; N\u00e3o Habilitado (1); Professor De Geografia &#8211; N\u00e3o Habilitado (1); Professor De Hist\u00f3ria &#8211; N\u00e3o Habilitado (1); Professor De Ingl\u00eas &#8211; N\u00e3o Habilitado (1); Professor De L\u00edngua Portugu\u00easa &#8211; N\u00e3o Habilitado (1); Professor De Literatura E Produ\u00e7\u00e3o Textual &#8211; N\u00e3o Habilitado (1); Professor De Matem\u00e1tica &#8211; N\u00e3o Habilitado (1); Assistente T\u00e9cnico Educacional (3); Monitor De Transporte Escolar (3) e Auxiliar De Servi\u00e7os Gerais (20); Cozinheiro (20)<\/em><\/p>\n<h2>Remunera\u00e7\u00f5es<\/h2>\n<p>Os sal\u00e1rios ofertados, nos casos descritos acima, variam entre os valores de <strong>R$ 654,58<\/strong> a <strong>R$ 3.623,88<\/strong>, a carga hor\u00e1ria atribu\u00edda aos cargos oscila entre <strong>20h<\/strong> e <strong>40 horas<\/strong> semanais, dependendo do cargo de interesse.<\/p>\n<h2>Inscri\u00e7\u00e3o<\/h2>\n<ul>\n<li><strong>Internet:<\/strong> O Concurso P\u00fablico de Lages recebe as inscri\u00e7\u00f5es durante o per\u00edodo de <strong>20 de setembro de 2023<\/strong> at\u00e9 o dia <strong>18 de outubro 2023<\/strong>. A realiza\u00e7\u00e3o da inscri\u00e7\u00e3o deve ser feita via internet, por meio no endere\u00e7o eletr\u00f4nico do IBAM.<\/li>\n<\/ul>\n<h2>Taxa de Participa\u00e7\u00e3o<\/h2>\n<p><strong>R$ 100,00 (cem reais):<\/strong> Fun\u00e7\u00f5es de N\u00edvel Superior;<br \/>\n<strong>R$ 90,00 (noventa reais):<\/strong> Fun\u00e7\u00f5es de N\u00edvel M\u00e9dio\/T\u00e9cnico;<br \/>\n<strong>R$ 60,00 (sessenta reais):<\/strong> Fun\u00e7\u00f5es de N\u00edvel Fundamental.<\/p>\n<h2>Provas<\/h2>\n<ol>\n<li><strong>Prova Escrita.<\/strong> Prevista para o dia <strong>12 de novembro de 2023<\/strong>.<\/li>\n<li><strong>Prova de T\u00edtulos.<\/strong><\/li>\n<\/ol>\n<p>Os candidatos poder\u00e3o acessar e imprimir o cart\u00e3o de confirma\u00e7\u00e3o, com data, hor\u00e1rio e local da prova atrav\u00e9s dos sites www.lages.sc.gov.br e www.ibam-concursos.org.br, na \u00c1rea do Candidato.<\/p>\n<h2>Resultados<\/h2>\n<p>Ser\u00e1 dada publicidade \u00e0 todas as informa\u00e7\u00f5es referentes aos editais de sele\u00e7\u00e3o nos sites do IBAM (www.ibamconcursos.org.br) e do Munic\u00edpio de Lages (www.lages.sc.gov.br). Sendo, assim, de responsabilidade dos candidatos o acompanhamento de todas as informa\u00e7\u00f5es. <\/p>\n","protected":false},"excerpt":{"rendered":"<p>Ao todo a Prefeitura de <a href=\"https:\/\/www.lages.sc.gov.br\/\" title=\"Prefeitura de Lages\" target=\"_blank\" rel=\"noopener\">Lages &#8211; SC<\/a> anuncia Concurso P\u00fablico para o preenchimento de 437 vagas em cargos de todos os n\u00edveis de escolaridade.<\/p>\n","protected":false},"author":7,"featured_media":230363,"comment_status":"open","ping_status":"open","sticky":false,"template":"","format":"standard","meta":{"_acf_changed":false,"_breakdance_hide_in_design_set":false,"_breakdance_tags":"","footnotes":""},"categories":[6433,141,6434,112,6436,111,100,20,116,25,6435,118],"tags":[61],"_amplo":[6427],"destaque":[],"instituicoes":[3570],"class_list":["post-230358","post","type-post","status-publish","format-standard","has-post-thumbnail","hentry","category-biologia-licenciatura","category-educacao-artistica","category-educacao-fisica-licenciatura","category-filosofia","category-fisica-licenciatura","category-geografia","category-historia","category-letras","category-matematica","category-pedagogia","category-quimica-licenciatura","category-sociologia","tag-santa-catarina","_amplo-nivel-medio","instituicoes-prefeitura-municipal-de-lages-sc"],"acf":{"_tipo_vagas":"vagas","_numero_vagas":437,"_quadro_vagas":230361,"_cargos":"diversos","_cargos_especificos":"","_salario_max":"R$ 3.623,88","_abertura":"20230920","_encerramento":"20231018","_inscricoes":"https:\/\/www.ibam-concursos.org.br\/documento.asp?cod=193","_executora_concurso":40070,"_instituicao_concurso":[3570],"_link_adicional":null,"_anexos":[{"_arquivo_anexo":230360,"_titulo_anexo":"Edital 003\/2023"}],"_produtos":null,"_vagas":"","_salario_min":"","_instituicao":"","_edital":"","_anexos_edital":"","_fund_incompleto":"","_fund_completo":"","_medio":"","_superior":""},"_links":{"self":[{"href":"https:\/\/www.agrobase.com.br\/concursos\/wp-json\/wp\/v2\/posts\/230358","targetHints":{"allow":["GET"]}}],"collection":[{"href":"https:\/\/www.agrobase.com.br\/concursos\/wp-json\/wp\/v2\/posts"}],"about":[{"href":"https:\/\/www.agrobase.com.br\/concursos\/wp-json\/wp\/v2\/types\/post"}],"author":[{"embeddable":true,"href":"https:\/\/www.agrobase.com.br\/concursos\/wp-json\/wp\/v2\/users\/7"}],"replies":[{"embeddable":true,"href":"https:\/\/www.agrobase.com.br\/concursos\/wp-json\/wp\/v2\/comments?post=230358"}],"version-history":[{"count":0,"href":"https:\/\/www.agrobase.com.br\/concursos\/wp-json\/wp\/v2\/posts\/230358\/revisions"}],"acf:term":[{"embeddable":true,"taxonomy":"instituicoes","href":"https:\/\/www.agrobase.com.br\/concursos\/wp-json\/wp\/v2\/instituicoes\/3570"}],"acf:post":[{"embeddable":true,"href":"https:\/\/www.agrobase.com.br\/concursos\/wp-json\/wp\/v2\/executora\/40070"}],"wp:featuredmedia":[{"embeddable":true,"href":"https:\/\/www.agrobase.com.br\/concursos\/wp-json\/wp\/v2\/media\/230363"}],"wp:attachment":[{"href":"https:\/\/www.agrobase.com.br\/concursos\/wp-json\/wp\/v2\/media?parent=230358"}],"wp:term":[{"taxonomy":"category","embeddable":true,"href":"https:\/\/www.agrobase.com.br\/concursos\/wp-json\/wp\/v2\/categories?post=230358"},{"taxonomy":"post_tag","embeddable":true,"href":"https:\/\/www.agrobase.com.br\/concursos\/wp-json\/wp\/v2\/tags?post=230358"},{"taxonomy":"_amplo","embeddable":true,"href":"https:\/\/www.agrobase.com.br\/concursos\/wp-json\/wp\/v2\/_amplo?post=230358"},{"taxonomy":"destaque","embeddable":true,"href":"https:\/\/www.agrobase.com.br\/concursos\/wp-json\/wp\/v2\/destaque?post=230358"},{"taxonomy":"instituicoes","embeddable":true,"href":"https:\/\/www.agrobase.com.br\/concursos\/wp-json\/wp\/v2\/instituicoes?post=230358"}],"curies":[{"name":"wp","href":"https:\/\/api.w.org\/{rel}","templated":true}]}}