{"id":230279,"date":"2023-09-22T08:20:57","date_gmt":"2023-09-22T11:20:57","guid":{"rendered":"https:\/\/www.agrobase.com.br\/concursos\/?p=230279"},"modified":"2023-09-21T14:27:19","modified_gmt":"2023-09-21T17:27:19","slug":"concurso-publico-de-cunha-pora-sc-edital-002-2023","status":"publish","type":"post","link":"https:\/\/www.agrobase.com.br\/concursos\/2023\/concurso-publico-de-cunha-pora-sc-edital-002-2023\/","title":{"rendered":"Concurso P\u00fablico de Cunha Por\u00e3 &#8211; SC | Edital 002\/2023"},"content":{"rendered":"<p>A Prefeitura de Cunha Por\u00e3 &#8211; SC anuncia a realiza\u00e7\u00e3o de um Concurso P\u00fablico, que tem por objetivo a forma\u00e7\u00e3o de cadastro reserva destinado \u00e0 contrata\u00e7\u00e3o de profissionais.<\/p>\n<p>H\u00e1 oportunidades dispon\u00edveis entre os seguintes cargos: Assistente Administrativo; Assistente de Educa\u00e7\u00e3o; Professor de Arte; Professor de S\u00e9ries Iniciais; Professor de Educa\u00e7\u00e3o F\u00edsica; Professor de Hist\u00f3ria; Professor de L\u00edngua Inglesa; Professor de Matem\u00e1tica; Professor de M\u00fasica; Professor de Portugu\u00eas; Professor Educa\u00e7\u00e3o Infantil; Psicopedagogo; Segundo Professor; Agente Educativo; Auxiliar Administrativo; T\u00e9cnico Agr\u00edcola; Agente de Endemias; e Motorista.<\/p>\n<p>Para concorrer a uma das chances ofertadas, \u00e9 necess\u00e1rio que o candidato possua escolaridade entre n\u00edveis fundamental, m\u00e9dio, t\u00e9cnico e superior, conforme o respectivo cargo pleiteado.<\/p>\n<p>Ao ser contratado, o profissional deve exercer fun\u00e7\u00f5es em jornadas de 20 a 40 horas semanais, referente a remunera\u00e7\u00e3o mensal no valor que alterna entre R$ 1.766,31 a R$ 4.579,33.<\/p>\n<p>Os interessados em participar do Concurso, podem se inscrever de forma eletr\u00f4nica, a partir das 16h de 15 de setembro de 2023 at\u00e9 as 16h do dia 16 de outubro de 2023, por meio do site da Fepese.<\/p>\n<p>Para efetivar a inscri\u00e7\u00e3o, o candidato deve efetuar o pagamento da taxa no valor de R$ 80,00 a R$ 120,00. No entanto, os candidatos que se enquadram nos crit\u00e9rios especificados no edital, poder\u00e3o solicitar a isen\u00e7\u00e3o a taxa at\u00e9 as 17h do dia 22 de setembro de 2023.<\/p>\n","protected":false},"excerpt":{"rendered":"<p>A Prefeitura de Cunha Por\u00e3 &#8211; SC anuncia a realiza\u00e7\u00e3o de um Concurso P\u00fablico, que tem por objetivo a forma\u00e7\u00e3o de cadastro reserva destinado \u00e0 contrata\u00e7\u00e3o de profissionais.<\/p>\n","protected":false},"author":7,"featured_media":230284,"comment_status":"open","ping_status":"open","sticky":false,"template":"","format":"standard","meta":{"_acf_changed":false,"_breakdance_hide_in_design_set":false,"_breakdance_tags":"","footnotes":""},"categories":[141,6434,100,20,116,119,25,29],"tags":[61],"_amplo":[6427],"destaque":[],"instituicoes":[3954],"class_list":["post-230279","post","type-post","status-publish","format-standard","has-post-thumbnail","hentry","category-educacao-artistica","category-educacao-fisica-licenciatura","category-historia","category-letras","category-matematica","category-musica","category-pedagogia","category-tecnico-agricola","tag-santa-catarina","_amplo-nivel-medio","instituicoes-prefeitura-municipal-de-cunha-pora-sc"],"acf":{"_tipo_vagas":"cadastro de reserva","_numero_vagas":"","_quadro_vagas":230282,"_cargos":"diversos","_cargos_especificos":"","_salario_max":"R$ 4.579,33","_abertura":"20230915","_encerramento":"20231016","_inscricoes":"https:\/\/2023cunhapora.fepese.org.br\/","_executora_concurso":39160,"_instituicao_concurso":[3954],"_link_adicional":null,"_anexos":[{"_arquivo_anexo":230281,"_titulo_anexo":"Edital 002\/2023"}],"_produtos":null,"_vagas":"","_salario_min":"","_instituicao":"","_edital":"","_anexos_edital":"","_fund_incompleto":"","_fund_completo":"","_medio":"","_superior":""},"_links":{"self":[{"href":"https:\/\/www.agrobase.com.br\/concursos\/wp-json\/wp\/v2\/posts\/230279","targetHints":{"allow":["GET"]}}],"collection":[{"href":"https:\/\/www.agrobase.com.br\/concursos\/wp-json\/wp\/v2\/posts"}],"about":[{"href":"https:\/\/www.agrobase.com.br\/concursos\/wp-json\/wp\/v2\/types\/post"}],"author":[{"embeddable":true,"href":"https:\/\/www.agrobase.com.br\/concursos\/wp-json\/wp\/v2\/users\/7"}],"replies":[{"embeddable":true,"href":"https:\/\/www.agrobase.com.br\/concursos\/wp-json\/wp\/v2\/comments?post=230279"}],"version-history":[{"count":0,"href":"https:\/\/www.agrobase.com.br\/concursos\/wp-json\/wp\/v2\/posts\/230279\/revisions"}],"acf:term":[{"embeddable":true,"taxonomy":"instituicoes","href":"https:\/\/www.agrobase.com.br\/concursos\/wp-json\/wp\/v2\/instituicoes\/3954"}],"acf:post":[{"embeddable":true,"href":"https:\/\/www.agrobase.com.br\/concursos\/wp-json\/wp\/v2\/executora\/39160"}],"wp:featuredmedia":[{"embeddable":true,"href":"https:\/\/www.agrobase.com.br\/concursos\/wp-json\/wp\/v2\/media\/230284"}],"wp:attachment":[{"href":"https:\/\/www.agrobase.com.br\/concursos\/wp-json\/wp\/v2\/media?parent=230279"}],"wp:term":[{"taxonomy":"category","embeddable":true,"href":"https:\/\/www.agrobase.com.br\/concursos\/wp-json\/wp\/v2\/categories?post=230279"},{"taxonomy":"post_tag","embeddable":true,"href":"https:\/\/www.agrobase.com.br\/concursos\/wp-json\/wp\/v2\/tags?post=230279"},{"taxonomy":"_amplo","embeddable":true,"href":"https:\/\/www.agrobase.com.br\/concursos\/wp-json\/wp\/v2\/_amplo?post=230279"},{"taxonomy":"destaque","embeddable":true,"href":"https:\/\/www.agrobase.com.br\/concursos\/wp-json\/wp\/v2\/destaque?post=230279"},{"taxonomy":"instituicoes","embeddable":true,"href":"https:\/\/www.agrobase.com.br\/concursos\/wp-json\/wp\/v2\/instituicoes?post=230279"}],"curies":[{"name":"wp","href":"https:\/\/api.w.org\/{rel}","templated":true}]}}