{"id":230121,"date":"2023-09-20T08:40:39","date_gmt":"2023-09-20T11:40:39","guid":{"rendered":"https:\/\/www.agrobase.com.br\/concursos\/?p=230121"},"modified":"2023-09-19T14:44:02","modified_gmt":"2023-09-19T17:44:02","slug":"concurso-publico-de-sao-francisco-de-paula-rs-edital-001-2023","status":"publish","type":"post","link":"https:\/\/www.agrobase.com.br\/concursos\/2023\/concurso-publico-de-sao-francisco-de-paula-rs-edital-001-2023\/","title":{"rendered":"Concurso P\u00fablico de S\u00e3o Francisco de Paula &#8211; RS | Edital 001\/2023"},"content":{"rendered":"<p>A Prefeitura de S\u00e3o Francisco de Paula &#8211; RS divulga a abertura de um Concurso P\u00fablico, que tem como objetivo a contrata\u00e7\u00e3o de profissionais de n\u00edvel fundamental, m\u00e9dio, t\u00e9cnico e superior.<\/p>\n<p>De acordo com o edital, ser\u00e3o preenchidas 63 vagas al\u00e9m da forma\u00e7\u00e3o de cadastro reserva distribu\u00eddas entre os cargos de Analista Jur\u00eddico (1); Auditor Fiscal da Receita Municipal (1); M\u00e9dico ESF (5); Professor &#8211; Anos Iniciais do Ensino Fundamental; Professor &#8211; Atendimento Educacional Especializado (1); Professor &#8211; Educa\u00e7\u00e3o Infantil (7); Psic\u00f3logo; T\u00e9cnico em Enfermagem; Agente Comunit\u00e1rio de Sa\u00fade (19); Agente de Combate \u00e0 Endemias (1); Cuidador (8); Fiscal; Oficial Administrativo (3); Operador de M\u00e1quinas (10); Oper\u00e1rio (7) e Professor &#8211; Anos Finais do Ensino Fundamental &#8211; nas disciplinas de Artes; Ci\u00eancias; Educa\u00e7\u00e3o F\u00edsica; Geografia; Hist\u00f3ria; Ingl\u00eas; Letras\/Portugu\u00eas; Matem\u00e1tica.<\/p>\n<p>Para o cargo de Agente Comunit\u00e1rio de Sa\u00fade, os profissionais dever\u00e3o atuar nas seguintes \u00e1reas: Micro\u00e1rea Rinc\u00e3o; Micro\u00e1rea Santa Isabel; Micro\u00e1rea Campo do Meio; Micro\u00e1rea Cip\u00f3; Micro\u00e1rea Britadeira; Micro\u00e1rea Central; Micro\u00e1rea Pedra Branca; Micro\u00e1rea Cazuza Ferreira; Micro\u00e1rea Col\u00f4nias; Micro\u00e1rea Ju\u00e1; Micro\u00e1rea Lajeado Grande; Micro\u00e1rea Pedra Lisa e Campestre; Micro\u00e1rea Recosta e Jos\u00e9 Velho; Micro\u00e1rea Rinc\u00e3o dos Kroeff; Micro\u00e1rea Salto; Micro\u00e1rea Tainhas; Micro\u00e1rea V\u00e1rzea do Cedro.<\/p>\n<p>Ao serem contratados, os profissionais contar\u00e3o com a remunera\u00e7\u00e3o no valor de R$ 1.305,35 a R$ 16.000,10 ao m\u00eas, al\u00e9m de vale-alimenta\u00e7\u00e3o no valor de R$ 279,73 e a carga hor\u00e1ria ser\u00e1 de 20 a 40 horas semanais.<\/p>\n<p>Para participar, os interessados devem efetuar as inscri\u00e7\u00f5es no per\u00edodo de 15 de setembro de 2023 a 13 de outubro de 2023, at\u00e9 as 17h, exclusivamente via internet por meio do site da Fundatec, mediante o pagamento da taxa no valor de R$ 80,00 a R$ 120,00.<\/p>\n","protected":false},"excerpt":{"rendered":"<p>A Prefeitura de S\u00e3o Francisco de Paula &#8211; RS divulga a abertura de um Concurso P\u00fablico, que tem como objetivo a contrata\u00e7\u00e3o de profissionais de n\u00edvel fundamental, m\u00e9dio, t\u00e9cnico e superior.<\/p>\n","protected":false},"author":7,"featured_media":230126,"comment_status":"open","ping_status":"open","sticky":false,"template":"","format":"standard","meta":{"_acf_changed":false,"_breakdance_hide_in_design_set":false,"_breakdance_tags":"","footnotes":""},"categories":[6433,10,141,6434,111,100,20,116,21,25,26,108],"tags":[58],"_amplo":[6427],"destaque":[],"instituicoes":[4905],"class_list":["post-230121","post","type-post","status-publish","format-standard","has-post-thumbnail","hentry","category-biologia-licenciatura","category-direito","category-educacao-artistica","category-educacao-fisica-licenciatura","category-geografia","category-historia","category-letras","category-matematica","category-medicina","category-pedagogia","category-psicologia","category-tecnico-enfermagem","tag-rio-grande-sul","_amplo-nivel-medio","instituicoes-prefeitura-municipal-de-sao-francisco-de-paula-rs"],"acf":{"_tipo_vagas":"vagas","_numero_vagas":63,"_quadro_vagas":230124,"_cargos":"diversos","_cargos_especificos":"","_salario_max":"R$ 16.000,10","_abertura":"20230915","_encerramento":"20231013","_inscricoes":"https:\/\/www.fundatec.org.br\/portal\/concursos\/index_concursos.php?concurso=810","_executora_concurso":39691,"_instituicao_concurso":[4905],"_link_adicional":null,"_anexos":[{"_arquivo_anexo":230123,"_titulo_anexo":"Edital 001\/2023"}],"_produtos":null,"_vagas":"","_salario_min":"","_instituicao":"","_edital":"","_anexos_edital":"","_fund_incompleto":"","_fund_completo":"","_medio":"","_superior":""},"_links":{"self":[{"href":"https:\/\/www.agrobase.com.br\/concursos\/wp-json\/wp\/v2\/posts\/230121","targetHints":{"allow":["GET"]}}],"collection":[{"href":"https:\/\/www.agrobase.com.br\/concursos\/wp-json\/wp\/v2\/posts"}],"about":[{"href":"https:\/\/www.agrobase.com.br\/concursos\/wp-json\/wp\/v2\/types\/post"}],"author":[{"embeddable":true,"href":"https:\/\/www.agrobase.com.br\/concursos\/wp-json\/wp\/v2\/users\/7"}],"replies":[{"embeddable":true,"href":"https:\/\/www.agrobase.com.br\/concursos\/wp-json\/wp\/v2\/comments?post=230121"}],"version-history":[{"count":0,"href":"https:\/\/www.agrobase.com.br\/concursos\/wp-json\/wp\/v2\/posts\/230121\/revisions"}],"acf:term":[{"embeddable":true,"taxonomy":"instituicoes","href":"https:\/\/www.agrobase.com.br\/concursos\/wp-json\/wp\/v2\/instituicoes\/4905"}],"acf:post":[{"embeddable":true,"href":"https:\/\/www.agrobase.com.br\/concursos\/wp-json\/wp\/v2\/executora\/39691"}],"wp:featuredmedia":[{"embeddable":true,"href":"https:\/\/www.agrobase.com.br\/concursos\/wp-json\/wp\/v2\/media\/230126"}],"wp:attachment":[{"href":"https:\/\/www.agrobase.com.br\/concursos\/wp-json\/wp\/v2\/media?parent=230121"}],"wp:term":[{"taxonomy":"category","embeddable":true,"href":"https:\/\/www.agrobase.com.br\/concursos\/wp-json\/wp\/v2\/categories?post=230121"},{"taxonomy":"post_tag","embeddable":true,"href":"https:\/\/www.agrobase.com.br\/concursos\/wp-json\/wp\/v2\/tags?post=230121"},{"taxonomy":"_amplo","embeddable":true,"href":"https:\/\/www.agrobase.com.br\/concursos\/wp-json\/wp\/v2\/_amplo?post=230121"},{"taxonomy":"destaque","embeddable":true,"href":"https:\/\/www.agrobase.com.br\/concursos\/wp-json\/wp\/v2\/destaque?post=230121"},{"taxonomy":"instituicoes","embeddable":true,"href":"https:\/\/www.agrobase.com.br\/concursos\/wp-json\/wp\/v2\/instituicoes?post=230121"}],"curies":[{"name":"wp","href":"https:\/\/api.w.org\/{rel}","templated":true}]}}