{"id":229401,"date":"2023-09-08T08:00:01","date_gmt":"2023-09-08T11:00:01","guid":{"rendered":"https:\/\/www.agrobase.com.br\/concursos\/?p=229401"},"modified":"2023-09-06T12:05:07","modified_gmt":"2023-09-06T15:05:07","slug":"processo-seletivo-da-ufvjm-edital-072-2023","status":"publish","type":"post","link":"https:\/\/www.agrobase.com.br\/concursos\/2023\/processo-seletivo-da-ufvjm-edital-072-2023\/","title":{"rendered":"Processo Seletivo da UFVJM | Edital 072\/2023"},"content":{"rendered":"<p>A Universidade Federal dos Vales do Jequitinhonha e Mucuri (UFVJM) anunciou as inscri\u00e7\u00f5es para um novo Concurso P\u00fablico, que tem como objetivo preencher quatro vagas de Professor Substituto.<\/p>\n<p>Segundo o edital, as oportunidades s\u00e3o para candidatos com: Educa\u00e7\u00e3o\/Psicologia do Desenvolvimento, Hist\u00f3ria da Educa\u00e7\u00e3o Antiga e Medieval, Hist\u00f3ria da Educa\u00e7\u00e3o Moderna e Contempor\u00e2nea, Fundamentos e Did\u00e1tica da Geografia (1); Teoria Econ\u00f4mica (1); Educa\u00e7\u00e3o; Educa\u00e7\u00e3o Ambiental e Humanidades\/Quest\u00e3o socioambiental e sustentabilidade; Introdu\u00e7\u00e3o \u00e0 Ci\u00eancia, Tecnologia e Engenharias; Comunica\u00e7\u00e3o, Linguagens, Informa\u00e7\u00e3o e Humanidades (Quest\u00f5es de Hist\u00f3ria e Filosofia da Ci\u00eancia, Quest\u00f5es de Sociologia e Antropologia da Ci\u00eancia, Metodologia da Pesquisa Cient\u00edfica) (1); Ensino de Geografia\/Est\u00e1gios Supervisionados (Gest\u00e3o Escolar, Ensino Fundamental, Ensino M\u00e9dio, Espa\u00e7os n\u00e3o formais); Pr\u00e1ticas de Ensino (Sociedade e Natureza, Sociedade e Ambiente, Trabalho de Campo, Vale do Jequitinhonha); Fundamentos e Pr\u00e1ticas de Ensino em Geografia; Did\u00e1tica; Did\u00e1tica aplicada \u00e0 Geografia; Educa\u00e7\u00e3o Inclusiva e Especial; Eletivas da \u00e1rea de Ensino de Geografia. (1).<\/p>\n<p>Quando contratados, os profissionais dever\u00e3o atuar em jornada de 40 horas semanais de trabalho, referente remunera\u00e7\u00e3o mensal no valor de R$ 3.412,63 a R$ 6.356,02.<\/p>\n<p>Os interessados podem se inscrever via postal ou pessoalmente no per\u00edodo de 04 a 11 de setembro de 2023, nos seguintes endere\u00e7os:<\/p>\n<p>Campus de Diamantina: Pr\u00f3-Reitoria de Gest\u00e3o de Pessoas &#8211; Rodovia MGT 367, n.\u00ba 5000 &#8211; Alto da Jacuba &#8211; Diamantina\/MG, de segunda a sexta-feira, de 9h30 \u00e0s 11h30 e de 14h \u00e0s 16h30.<\/p>\n<p>Campus do Mucuri em Te\u00f3filo Otoni: Divis\u00e3o de Concursos\/PROGEP, localizada no Pr\u00e9dio Administrativo do Campus do Mucuri, Rua do Cruzeiro, n\u00ba 01 &#8211; Bairro: Jardim S\u00e3o Paulo, de segunda a sexta-feira, das 9h30 \u00e0s 11h30 e das 14h00 \u00e0s 16h30.<\/p>\n<p>Para validas as inscri\u00e7\u00f5es ser\u00e1 necess\u00e1rio fazer o pagamento de taxas nos valores de R$ 75,00 a R$ 200,00.<\/p>\n","protected":false},"excerpt":{"rendered":"<p>A Universidade Federal dos Vales do Jequitinhonha e Mucuri (UFVJM) anunciou as inscri\u00e7\u00f5es para um novo Concurso P\u00fablico, que tem como objetivo preencher quatro vagas de Professor Substituto.<\/p>\n","protected":false},"author":7,"featured_media":229406,"comment_status":"open","ping_status":"open","sticky":false,"template":"","format":"standard","meta":{"_acf_changed":false,"_breakdance_hide_in_design_set":false,"_breakdance_tags":"","footnotes":""},"categories":[3,6433,121,10,117,13,14,125,111,155,100,25,26,6435,101],"tags":[50],"_amplo":[],"destaque":[],"instituicoes":[507],"class_list":["post-229401","post","type-post","status-publish","format-standard","has-post-thumbnail","hentry","category-administracao","category-biologia-licenciatura","category-ciencias-sociais","category-direito","category-economia","category-engenharia-ambiental","category-engenharia","category-engenharia-producao","category-geografia","category-gestao-ambiental","category-historia","category-pedagogia","category-psicologia","category-quimica-licenciatura","category-servico-social","tag-minas-gerais","instituicoes-universidade-federal-dos-vales-do-jequitinhonha-e-mucuri-ufvjm"],"acf":{"_tipo_vagas":"vagas","_numero_vagas":4,"_quadro_vagas":229404,"_cargos":"professores","_cargos_especificos":"","_salario_max":"R$ 6.356,02","_abertura":"20230904","_encerramento":"20230911","_inscricoes":"","_executora_concurso":"","_instituicao_concurso":[507],"_link_adicional":null,"_anexos":[{"_arquivo_anexo":229403,"_titulo_anexo":"Edital 072\/2023"}],"_produtos":null,"_vagas":"","_salario_min":"","_instituicao":"","_edital":"","_anexos_edital":"","_fund_incompleto":"","_fund_completo":"","_medio":"","_superior":""},"_links":{"self":[{"href":"https:\/\/www.agrobase.com.br\/concursos\/wp-json\/wp\/v2\/posts\/229401","targetHints":{"allow":["GET"]}}],"collection":[{"href":"https:\/\/www.agrobase.com.br\/concursos\/wp-json\/wp\/v2\/posts"}],"about":[{"href":"https:\/\/www.agrobase.com.br\/concursos\/wp-json\/wp\/v2\/types\/post"}],"author":[{"embeddable":true,"href":"https:\/\/www.agrobase.com.br\/concursos\/wp-json\/wp\/v2\/users\/7"}],"replies":[{"embeddable":true,"href":"https:\/\/www.agrobase.com.br\/concursos\/wp-json\/wp\/v2\/comments?post=229401"}],"version-history":[{"count":0,"href":"https:\/\/www.agrobase.com.br\/concursos\/wp-json\/wp\/v2\/posts\/229401\/revisions"}],"acf:term":[{"embeddable":true,"taxonomy":"instituicoes","href":"https:\/\/www.agrobase.com.br\/concursos\/wp-json\/wp\/v2\/instituicoes\/507"}],"wp:featuredmedia":[{"embeddable":true,"href":"https:\/\/www.agrobase.com.br\/concursos\/wp-json\/wp\/v2\/media\/229406"}],"wp:attachment":[{"href":"https:\/\/www.agrobase.com.br\/concursos\/wp-json\/wp\/v2\/media?parent=229401"}],"wp:term":[{"taxonomy":"category","embeddable":true,"href":"https:\/\/www.agrobase.com.br\/concursos\/wp-json\/wp\/v2\/categories?post=229401"},{"taxonomy":"post_tag","embeddable":true,"href":"https:\/\/www.agrobase.com.br\/concursos\/wp-json\/wp\/v2\/tags?post=229401"},{"taxonomy":"_amplo","embeddable":true,"href":"https:\/\/www.agrobase.com.br\/concursos\/wp-json\/wp\/v2\/_amplo?post=229401"},{"taxonomy":"destaque","embeddable":true,"href":"https:\/\/www.agrobase.com.br\/concursos\/wp-json\/wp\/v2\/destaque?post=229401"},{"taxonomy":"instituicoes","embeddable":true,"href":"https:\/\/www.agrobase.com.br\/concursos\/wp-json\/wp\/v2\/instituicoes?post=229401"}],"curies":[{"name":"wp","href":"https:\/\/api.w.org\/{rel}","templated":true}]}}