{"id":229183,"date":"2023-09-05T07:20:55","date_gmt":"2023-09-05T10:20:55","guid":{"rendered":"https:\/\/www.agrobase.com.br\/concursos\/?p=229183"},"modified":"2023-09-04T11:53:55","modified_gmt":"2023-09-04T14:53:55","slug":"concurso-publico-de-serafina-correa-rs-edital-286-2023","status":"publish","type":"post","link":"https:\/\/www.agrobase.com.br\/concursos\/2023\/concurso-publico-de-serafina-correa-rs-edital-286-2023\/","title":{"rendered":"Concurso P\u00fablico de Serafina Corr\u00eaa &#8211; RS | Edital 286\/2023"},"content":{"rendered":"<p>Abertas as inscri\u00e7\u00f5es do Concurso P\u00fablico de <a href=\"http:\/\/www.serafinacorrea.rs.gov.br\/\" title=\"Prefeitura de Serafina Corr\u00eaa\" target=\"_blank\" rel=\"noopener\">Serafina Corr\u00eaa &#8211; RS<\/a>, o qual deve selecionar profissionais para mais de 130 vagas.<\/p>\n<h2>Cargos e Remunera\u00e7\u00e3o<\/h2>\n<p>Segundo o edital de abertura 286\/2023 visa preencher <strong>132 vagas<\/strong> para as seguintes escolaridades e cargos de atua\u00e7\u00e3o:<\/p>\n<p><strong>N\u00edvel Fundamental Completo e Incompleto:<\/strong> Auxiliar de Servi\u00e7os Gerais II (9), Caseiro (1), Cozinheiro\/Merendeira (1), Eletricista, Motorista (9), Operador de M\u00e1quinas e Equipamentos(4), Oper\u00e1rio;<br \/>\n<strong>N\u00edvel M\u00e9dio\/T\u00e9cnico:<\/strong> Agente de Combate \u00e0s Endemias (1), Almoxarife, Atendente de Consult\u00f3rio Dent\u00e1rio, Atendente de Educa\u00e7\u00e3o Infantil (16), Atendente de Farm\u00e1cia (3), Auxiliar de Biblioteca (2), Fiscal Ambiental (1), Fiscal Sanit\u00e1rio, Guia Tur\u00edstico, Monitor de Escola (5), Monitor de Inform\u00e1tica (1), Monitor de Transporte Escolar, Secret\u00e1rio de Escola (3), T\u00e9cnico em Agropecu\u00e1ria II, T\u00e9cnico em Enfermagem (1), T\u00e9cnico em Inform\u00e1tica, T\u00e9cnico em Radiologia, T\u00e9cnico em Seguran\u00e7a do Trabalho (1), Telefonista\/Recepcionista, Vigilante II;<br \/>\n<strong>N\u00edvel Superior:<\/strong> Agente Administrativo Especializado (1), Arquiteto, Assistente Social (1), Bi\u00f3logo (1), Contador, Coordenador de Controle Interno, Enfermeiro(2), Farmac\u00eautico (1), Fiscal de Obras e Postura (1), Fiscal Tribut\u00e1rio (1), M\u00e9dico Veterin\u00e1rio 20h (1), Nutricionista, Orientador Educacional &#8211; 40h (2), Procurador Jur\u00eddico, Professor de Arte, Professor de Ci\u00eancias (1), Professor de Educa\u00e7\u00e3o F\u00edsica (5), Professor de Educa\u00e7\u00e3o Infantil (18), Professor de Geografia (1), Professor de Hist\u00f3ria (1), Professor de Libras, Professor de L\u00edngua Inglesa (4), Professor de L\u00edngua Portuguesa (3), Professor de Matem\u00e1tica (3), Professor de M\u00fasica (3), Professor S\u00e9ries Iniciais (16), Psic\u00f3logo (4), Psicopedagogo, Supervisor Educacional &#8211; 40h (2) e Tesoureiro II.<\/p>\n<p>Os sal\u00e1rios podem variar de acordo com a fun\u00e7\u00e3o, os valores variam entre <strong>R$ 1.490,73<\/strong> a <strong>R$ 8.593,60<\/strong>, para atua\u00e7\u00e3o em jornadas de <strong>20h, 24h, 36h a 40 horas<\/strong>.<\/p>\n<h2>Inscri\u00e7\u00f5es<\/h2>\n<p>As inscri\u00e7\u00f5es ser\u00e3o realizadas, conforme o cronograma previsto &#8211; no per\u00edodo de <strong>31 de agosto de 2023<\/strong> a <strong>25 de setembro de 2023<\/strong>, exclusivamente, pelo endere\u00e7o eletr\u00f4nico da Funda\u00e7\u00e3o La Salle.<\/p>\n<p>Dos valores das taxas de inscri\u00e7\u00f5es: <\/p>\n<p>cargos p\u00fablicos de n\u00edvel escolar fundamental \u2013 <strong>R$ 77,57 (setenta e sete reais e cinquenta e sete centavos)<\/strong>;<br \/>\ncargos e empregos p\u00fablicos de n\u00edvel escolar m\u00e9dio\/t\u00e9cnico \u2013 <strong>R$ 100,83 (cem reais e oitenta e tr\u00eas centavos)<\/strong>;<br \/>\ncargos p\u00fablicos de n\u00edvel escolar superior \u2013 <strong>R$ 155,15 (cento e cinquenta e cinco reais e quinze centavos)<\/strong>.<\/p>\n<h2>Provas<\/h2>\n<ol>\n<li><strong>Prova Objetiva.<\/strong><\/li>\n<li><strong>Prova Pr\u00e1tica.<\/strong> Esta etapa ter\u00e1 car\u00e1ter eliminat\u00f3rio e classificat\u00f3rio, exclusivamente para os cargos de Motorista e Operador de M\u00e1quinas e Equipamentos.<\/li>\n<li><strong>Prova de T\u00edtulos,<\/strong> para cargos do magist\u00e9rio.<\/li>\n<\/ol>\n<h2>Resultado<\/h2>\n<p>Os resultados deste Edital ser\u00e3o divulgados e disponibilizados atrav\u00e9s dos sites www.fundacaolasalle.org.br\/concursos e www.serafinacorrea.rs.gov.br.<\/p>\n","protected":false},"excerpt":{"rendered":"<p>Abertas as inscri\u00e7\u00f5es do Concurso P\u00fablico de Serafina Corr\u00eaa &#8211; RS, o qual deve selecionar profissionais para mais de 130 vagas.<\/p>\n","protected":false},"author":7,"featured_media":229188,"comment_status":"open","ping_status":"open","sticky":false,"template":"","format":"standard","meta":{"_acf_changed":false,"_breakdance_hide_in_design_set":false,"_breakdance_tags":"","footnotes":""},"categories":[3,5,6,6433,9,10,117,141,6434,12,14,17,111,100,20,116,22,119,23,25,26,101,30,31,108,130,157,123],"tags":[58],"_amplo":[6427],"destaque":[],"instituicoes":[3134],"class_list":["post-229183","post","type-post","status-publish","format-standard","has-post-thumbnail","hentry","category-administracao","category-arquitetura","category-biologia","category-biologia-licenciatura","category-ciencias-contabeis","category-direito","category-economia","category-educacao-artistica","category-educacao-fisica-licenciatura","category-enfermagem","category-engenharia","category-farmacia","category-geografia","category-historia","category-letras","category-matematica","category-veterinaria","category-musica","category-nutricao","category-pedagogia","category-psicologia","category-servico-social","category-tecnico-agropecuaria","category-tecnico-ambiental","category-tecnico-enfermagem","category-tecnico-informatica","category-tecnico-seguranca-trabalho","category-turismo","tag-rio-grande-sul","_amplo-nivel-medio","instituicoes-prefeitura-municipal-de-serafina-correa-rs"],"acf":{"_tipo_vagas":"vagas","_numero_vagas":132,"_quadro_vagas":229186,"_cargos":"diversos","_cargos_especificos":"","_salario_max":"R$ 8.593,60","_abertura":"20230831","_encerramento":"20230925","_inscricoes":"https:\/\/fundacaolasalle.org.br\/concursos\/?filtro=inscricoes-abertas","_executora_concurso":39417,"_instituicao_concurso":[3134],"_link_adicional":null,"_anexos":[{"_arquivo_anexo":229185,"_titulo_anexo":"Edital 286\/2023"}],"_produtos":null,"_vagas":"","_salario_min":"","_instituicao":"","_edital":"","_anexos_edital":"","_fund_incompleto":"","_fund_completo":"","_medio":"","_superior":""},"_links":{"self":[{"href":"https:\/\/www.agrobase.com.br\/concursos\/wp-json\/wp\/v2\/posts\/229183","targetHints":{"allow":["GET"]}}],"collection":[{"href":"https:\/\/www.agrobase.com.br\/concursos\/wp-json\/wp\/v2\/posts"}],"about":[{"href":"https:\/\/www.agrobase.com.br\/concursos\/wp-json\/wp\/v2\/types\/post"}],"author":[{"embeddable":true,"href":"https:\/\/www.agrobase.com.br\/concursos\/wp-json\/wp\/v2\/users\/7"}],"replies":[{"embeddable":true,"href":"https:\/\/www.agrobase.com.br\/concursos\/wp-json\/wp\/v2\/comments?post=229183"}],"version-history":[{"count":0,"href":"https:\/\/www.agrobase.com.br\/concursos\/wp-json\/wp\/v2\/posts\/229183\/revisions"}],"acf:term":[{"embeddable":true,"taxonomy":"instituicoes","href":"https:\/\/www.agrobase.com.br\/concursos\/wp-json\/wp\/v2\/instituicoes\/3134"}],"acf:post":[{"embeddable":true,"href":"https:\/\/www.agrobase.com.br\/concursos\/wp-json\/wp\/v2\/executora\/39417"}],"wp:featuredmedia":[{"embeddable":true,"href":"https:\/\/www.agrobase.com.br\/concursos\/wp-json\/wp\/v2\/media\/229188"}],"wp:attachment":[{"href":"https:\/\/www.agrobase.com.br\/concursos\/wp-json\/wp\/v2\/media?parent=229183"}],"wp:term":[{"taxonomy":"category","embeddable":true,"href":"https:\/\/www.agrobase.com.br\/concursos\/wp-json\/wp\/v2\/categories?post=229183"},{"taxonomy":"post_tag","embeddable":true,"href":"https:\/\/www.agrobase.com.br\/concursos\/wp-json\/wp\/v2\/tags?post=229183"},{"taxonomy":"_amplo","embeddable":true,"href":"https:\/\/www.agrobase.com.br\/concursos\/wp-json\/wp\/v2\/_amplo?post=229183"},{"taxonomy":"destaque","embeddable":true,"href":"https:\/\/www.agrobase.com.br\/concursos\/wp-json\/wp\/v2\/destaque?post=229183"},{"taxonomy":"instituicoes","embeddable":true,"href":"https:\/\/www.agrobase.com.br\/concursos\/wp-json\/wp\/v2\/instituicoes?post=229183"}],"curies":[{"name":"wp","href":"https:\/\/api.w.org\/{rel}","templated":true}]}}