{"id":229170,"date":"2023-09-05T07:00:49","date_gmt":"2023-09-05T10:00:49","guid":{"rendered":"https:\/\/www.agrobase.com.br\/concursos\/?p=229170"},"modified":"2023-09-04T11:05:54","modified_gmt":"2023-09-04T14:05:54","slug":"processo-seletivo-da-uemg-edital-005-2023","status":"publish","type":"post","link":"https:\/\/www.agrobase.com.br\/concursos\/2023\/processo-seletivo-da-uemg-edital-005-2023\/","title":{"rendered":"Processo Seletivo da UEMG | Edital 005\/2023"},"content":{"rendered":"<p>A Universidade do Estado de Minas Gerais (UEMG) anuncia a realiza\u00e7\u00e3o de um novo Processo Seletivo, tendo como objetivo a contrata\u00e7\u00e3o de seis profissionais.<\/p>\n<p>Essa sele\u00e7\u00e3o oferece oportunidades aos cargos de Analista Universit\u00e1rio (3) e T\u00e9cnico Universit\u00e1rio (3).<\/p>\n<p>Os contratos no cargo de Analista Universit\u00e1rio v\u00e3o atuar junto \u00e0 Assessoria de Comunica\u00e7\u00e3o (1); Pr\u00f3-reitora de Planejamento, Gest\u00e3o e Finan\u00e7as &#8211; Ger\u00eancia de Tecnologia da Informa\u00e7\u00e3o e Comunica\u00e7\u00e3o (1) e na Pr\u00f3-reitora de Planejamento, Gest\u00e3o e Finan\u00e7as &#8211; Ger\u00eancia de Planejamento, Or\u00e7amento, Contabilidade, Finan\u00e7as e Presta\u00e7\u00e3o de Contas (1).<\/p>\n<p>J\u00e1 os admitidos na fun\u00e7\u00e3o de T\u00e9cnico Universit\u00e1rio v\u00e3o atuar na Pr\u00f3-reitora de Planejamento, Gest\u00e3o e Finan\u00e7as &#8211; Ger\u00eancia de Recursos Humanos (1) e na Ger\u00eancia de Planejamento, Or\u00e7amento, Contabilidade, Finan\u00e7as e Presta\u00e7\u00e3o de Contas (2).<\/p>\n<p>Para concorrer a uma das vagas \u00e9 necess\u00e1rio que o candidato tenha forma\u00e7\u00e3o no ensino m\u00e9dio ou seja graduado na \u00e1rea pleiteada.<\/p>\n<p>Ao ser admitido, o profissional dever\u00e1 cumprir jornadas de 40 horas semanais, fazendo jus \u00e0 remunera\u00e7\u00e3o mensal que varia de R$ 1.155,49 a R$ 2.522,69.<\/p>\n<p>Os interessados dever\u00e3o se inscrever a partir das 9h do dia 04 de setembro de 2023 at\u00e9 o dia 12 de setembro de 2023, de forma online, pelo site da UEMG.<\/p>\n","protected":false},"excerpt":{"rendered":"<p>A Universidade do Estado de Minas Gerais (UEMG) anuncia a realiza\u00e7\u00e3o de um novo Processo Seletivo, tendo como objetivo a contrata\u00e7\u00e3o de seis profissionais.<\/p>\n","protected":false},"author":7,"featured_media":229171,"comment_status":"open","ping_status":"open","sticky":false,"template":"","format":"standard","meta":{"_acf_changed":false,"_breakdance_hide_in_design_set":false,"_breakdance_tags":"","footnotes":""},"categories":[3,126,9,120,142,124,149],"tags":[50],"_amplo":[6427,6428],"destaque":[],"instituicoes":[610],"class_list":["post-229170","post","type-post","status-publish","format-standard","has-post-thumbnail","hentry","category-administracao","category-ciencia-computacao","category-ciencias-contabeis","category-comunicacao-social","category-engenharia-eletronica","category-publicidade","category-relacoes-internacionais","tag-minas-gerais","_amplo-nivel-medio","_amplo-nivel-superior","instituicoes-universidade-do-estado-de-minas-gerais-uemg"],"acf":{"_tipo_vagas":"vagas","_numero_vagas":6,"_quadro_vagas":"","_cargos":"professores","_cargos_especificos":"","_salario_max":"R$ 2.522,69","_abertura":"20230904","_encerramento":"20230912","_inscricoes":"https:\/\/www.uemg.br\/component\/phocadownload\/category\/300-pss-processo-seletivo-simplificado","_executora_concurso":"","_instituicao_concurso":[610],"_link_adicional":null,"_anexos":[{"_arquivo_anexo":229174,"_titulo_anexo":"Edital 005\/2023"}],"_produtos":null,"_vagas":"","_salario_min":"","_instituicao":"","_edital":"","_anexos_edital":"","_fund_incompleto":"","_fund_completo":"","_medio":"","_superior":""},"_links":{"self":[{"href":"https:\/\/www.agrobase.com.br\/concursos\/wp-json\/wp\/v2\/posts\/229170","targetHints":{"allow":["GET"]}}],"collection":[{"href":"https:\/\/www.agrobase.com.br\/concursos\/wp-json\/wp\/v2\/posts"}],"about":[{"href":"https:\/\/www.agrobase.com.br\/concursos\/wp-json\/wp\/v2\/types\/post"}],"author":[{"embeddable":true,"href":"https:\/\/www.agrobase.com.br\/concursos\/wp-json\/wp\/v2\/users\/7"}],"replies":[{"embeddable":true,"href":"https:\/\/www.agrobase.com.br\/concursos\/wp-json\/wp\/v2\/comments?post=229170"}],"version-history":[{"count":0,"href":"https:\/\/www.agrobase.com.br\/concursos\/wp-json\/wp\/v2\/posts\/229170\/revisions"}],"acf:term":[{"embeddable":true,"taxonomy":"instituicoes","href":"https:\/\/www.agrobase.com.br\/concursos\/wp-json\/wp\/v2\/instituicoes\/610"}],"wp:featuredmedia":[{"embeddable":true,"href":"https:\/\/www.agrobase.com.br\/concursos\/wp-json\/wp\/v2\/media\/229171"}],"wp:attachment":[{"href":"https:\/\/www.agrobase.com.br\/concursos\/wp-json\/wp\/v2\/media?parent=229170"}],"wp:term":[{"taxonomy":"category","embeddable":true,"href":"https:\/\/www.agrobase.com.br\/concursos\/wp-json\/wp\/v2\/categories?post=229170"},{"taxonomy":"post_tag","embeddable":true,"href":"https:\/\/www.agrobase.com.br\/concursos\/wp-json\/wp\/v2\/tags?post=229170"},{"taxonomy":"_amplo","embeddable":true,"href":"https:\/\/www.agrobase.com.br\/concursos\/wp-json\/wp\/v2\/_amplo?post=229170"},{"taxonomy":"destaque","embeddable":true,"href":"https:\/\/www.agrobase.com.br\/concursos\/wp-json\/wp\/v2\/destaque?post=229170"},{"taxonomy":"instituicoes","embeddable":true,"href":"https:\/\/www.agrobase.com.br\/concursos\/wp-json\/wp\/v2\/instituicoes?post=229170"}],"curies":[{"name":"wp","href":"https:\/\/api.w.org\/{rel}","templated":true}]}}