{"id":228756,"date":"2023-08-29T09:00:14","date_gmt":"2023-08-29T12:00:14","guid":{"rendered":"https:\/\/www.agrobase.com.br\/concursos\/?p=228756"},"modified":"2023-08-28T18:00:44","modified_gmt":"2023-08-28T21:00:44","slug":"concurso-publico-de-japeri-rj-edital-001-2023-e-002-2023","status":"publish","type":"post","link":"https:\/\/www.agrobase.com.br\/concursos\/2023\/concurso-publico-de-japeri-rj-edital-001-2023-e-002-2023\/","title":{"rendered":"Concurso P\u00fablico de Japeri &#8211; RJ | Edital 001\/2023 e 002\/2023"},"content":{"rendered":"<p>Foram abertos dois editais de Concurso P\u00fablico de <a href=\"https:\/\/www.japeri.rj.gov.br\/\" title=\"Prefeitura de Japeri\" target=\"_blank\" rel=\"noopener\">Japeri &#8211; RJ<\/a>, os quais preencher\u00e3o, juntos, 419 vagas de n\u00edvel m\u00e9dio e superior.<\/p>\n<h2>Cargos e Remunera\u00e7\u00e3o<\/h2>\n<p>Segundo o edital 001\/2023, ser\u00e3o preenchidas <strong>411 vagas<\/strong> nos cargos de: <em>Assistente Social (10); Fonoaudi\u00f3logo (1); Nutricionista (6); Orientador Educacional (13); Orientador Pedag\u00f3gico (8); PEB I &#8211; Artes (18); PEB I &#8211; Ci\u00eancias (18); PEB I &#8211; Educa\u00e7\u00e3o F\u00edsica (15); PEB I &#8211; Geografia (15); PEB I &#8211; Hist\u00f3ria (19); PEB I &#8211; Ingl\u00eas (10); PEB I &#8211; L\u00edngua Portuguesa (48); PEB I &#8211; Matem\u00e1tica (50); Professor de Educa\u00e7\u00e3o Especial &#8211; PEB II (5); Psic\u00f3logo (10); Psicopedagogo (1); Supervisor Educacional (3); Assistente de Creche (36); Cuidador de Alunos com Necessidades Especiais (25); Professor de Educa\u00e7\u00e3o B\u00e1sica &#8211; PEB II (100)<\/em>.<\/p>\n<p>De acordo com o edital 002\/2023 ser\u00e3o preenchidas <strong>oito vagas<\/strong> nos cargos seguintes: <em>Analista Ambiental &#8211; Engenharia Cartogr\u00e1fica (1), Analista Ambiental &#8211; Engenharia Florestal (1), Analista Ambiental &#8211; Engenharia Qu\u00edmica (1), Analista Ambiental &#8211; Geologia (1) e Guarda Ambiental (4)<\/em>.<\/p>\n<p>Os sal\u00e1rios podem variar de acordo com a fun\u00e7\u00e3o, sendo assim, os valores variam entre <strong>R$ 1.289,83<\/strong> a <strong>R$ 3.362,94<\/strong>, para atua\u00e7\u00f5es semanais em <strong>16h<\/strong>, <strong>20h<\/strong>, <strong>24h<\/strong>, <strong>30h<\/strong> ou <strong>40 horas<\/strong>.<\/p>\n<h2>Inscri\u00e7\u00f5es<\/h2>\n<p>Para poder participar dos dois concursos, os interessados poder\u00e3o se inscrever pelo site do IBAM, durante o per\u00edodo de <strong>28 de agosto de 2023<\/strong> a <strong>26 de setembro de 2023<\/strong>.<\/p>\n<p>As taxas de inscri\u00e7\u00e3o variam entre <strong>R$ 100,00 \u2013 cem reais<\/strong> &#8211; Ensino Superior; <strong>R$ 80,00 \u2013 oitenta reais<\/strong> &#8211; Ensino M\u00e9dio.<\/p>\n<h2>Provas<\/h2>\n<p>A previs\u00e3o \u00e9 de que sejam aplicadas as seguintes etapas avaliativas:<\/p>\n<ol>\n<li><strong>Prova Objetiva.<\/strong> Para todos os concorrentes em ambos os editais.<\/li>\n<li><strong>Prova de T\u00edtulos.<\/strong> A ser aplicada aos cargos de n\u00edvel superior.<\/li>\n<li><strong>Prova de Aptid\u00e3o F\u00edsica.<\/strong> Para Guarda Ambiental.<\/li>\n<\/ol>\n<p>O local da realiza\u00e7\u00e3o das provas, al\u00e9m de ser divulgado nos sites do IBAM (www.ibamconcursos.org.br) e da Prefeitura (www.japeri.rj.gov.br), constar\u00e1 do cart\u00e3o de confirma\u00e7\u00e3o dispon\u00edvel na op\u00e7\u00e3o \u00c1rea do Candidato.<\/p>\n<h2>Gabarito<\/h2>\n<p>Os gabaritos preliminares das provas objetivas ser\u00e3o divulgados no dia <strong>30 de outubro de 2023<\/strong>, no Mural Oficial de Atos da Prefeitura Municipal de Japeri, bem como nos sites do IBAM, (www.ibam-concursos.org.br) e da Prefeitura Municipal de Japeri (www.japeri.rj.gov.br).<\/p>\n<h2>Resultado<\/h2>\n<p>A publicidade de todos os atos relativos ao Concurso P\u00fablico, inclusive o resultado final &#8211;  a partir de <strong>12 de janeiro de 2024<\/strong>, ser\u00e1 feita nos sites do IBAM www.ibam-concursos.org.br e da Prefeitura Municipal de Japeri www.japeri.rj.gov.br e no Mural Oficial de Atos da Prefeitura de Japeri. <\/p>\n","protected":false},"excerpt":{"rendered":"<p>Foram abertos dois editais de Concurso P\u00fablico de Japeri &#8211; RJ, os quais preencher\u00e3o, juntos, 419 vagas de n\u00edvel m\u00e9dio e superior.<\/p>\n","protected":false},"author":7,"featured_media":228764,"comment_status":"open","ping_status":"open","sticky":false,"template":"","format":"standard","meta":{"_acf_changed":false,"_breakdance_hide_in_design_set":false,"_breakdance_tags":"","footnotes":""},"categories":[6433,141,6434,15,102,19,111,115,100,20,116,23,25,26,101],"tags":[56],"_amplo":[6427],"destaque":[],"instituicoes":[3693],"class_list":["post-228756","post","type-post","status-publish","format-standard","has-post-thumbnail","hentry","category-biologia-licenciatura","category-educacao-artistica","category-educacao-fisica-licenciatura","category-engenharia-florestal","category-engenharia-quimica","category-fonoaudiologia","category-geografia","category-geologia","category-historia","category-letras","category-matematica","category-nutricao","category-pedagogia","category-psicologia","category-servico-social","tag-rio-de-janeiro","_amplo-nivel-medio","instituicoes-prefeitura-municipal-de-japeri-rj"],"acf":{"_tipo_vagas":"vagas","_numero_vagas":419,"_quadro_vagas":"","_cargos":"diversos","_cargos_especificos":"","_salario_max":"R$ 3.362,94","_abertura":"20230828","_encerramento":"20230926","_inscricoes":"https:\/\/www.ibam-concursos.org.br\/default.asp","_executora_concurso":40070,"_instituicao_concurso":[3693],"_link_adicional":null,"_anexos":[{"_arquivo_anexo":228760,"_titulo_anexo":"Edital 001\/2023"},{"_arquivo_anexo":228761,"_titulo_anexo":"Quadro de Vagas Edital 001\/2023"},{"_arquivo_anexo":228759,"_titulo_anexo":"Retifica\u00e7\u00e3o - Edital 001\/2023 "},{"_arquivo_anexo":228758,"_titulo_anexo":"Edital 002\/2023"},{"_arquivo_anexo":228762,"_titulo_anexo":"Quadro de Vagas Edital 002\/2023"}],"_produtos":null,"_vagas":"","_salario_min":"","_instituicao":"","_edital":"","_anexos_edital":"","_fund_incompleto":"","_fund_completo":"","_medio":"","_superior":""},"_links":{"self":[{"href":"https:\/\/www.agrobase.com.br\/concursos\/wp-json\/wp\/v2\/posts\/228756","targetHints":{"allow":["GET"]}}],"collection":[{"href":"https:\/\/www.agrobase.com.br\/concursos\/wp-json\/wp\/v2\/posts"}],"about":[{"href":"https:\/\/www.agrobase.com.br\/concursos\/wp-json\/wp\/v2\/types\/post"}],"author":[{"embeddable":true,"href":"https:\/\/www.agrobase.com.br\/concursos\/wp-json\/wp\/v2\/users\/7"}],"replies":[{"embeddable":true,"href":"https:\/\/www.agrobase.com.br\/concursos\/wp-json\/wp\/v2\/comments?post=228756"}],"version-history":[{"count":0,"href":"https:\/\/www.agrobase.com.br\/concursos\/wp-json\/wp\/v2\/posts\/228756\/revisions"}],"acf:term":[{"embeddable":true,"taxonomy":"instituicoes","href":"https:\/\/www.agrobase.com.br\/concursos\/wp-json\/wp\/v2\/instituicoes\/3693"}],"acf:post":[{"embeddable":true,"href":"https:\/\/www.agrobase.com.br\/concursos\/wp-json\/wp\/v2\/executora\/40070"}],"wp:featuredmedia":[{"embeddable":true,"href":"https:\/\/www.agrobase.com.br\/concursos\/wp-json\/wp\/v2\/media\/228764"}],"wp:attachment":[{"href":"https:\/\/www.agrobase.com.br\/concursos\/wp-json\/wp\/v2\/media?parent=228756"}],"wp:term":[{"taxonomy":"category","embeddable":true,"href":"https:\/\/www.agrobase.com.br\/concursos\/wp-json\/wp\/v2\/categories?post=228756"},{"taxonomy":"post_tag","embeddable":true,"href":"https:\/\/www.agrobase.com.br\/concursos\/wp-json\/wp\/v2\/tags?post=228756"},{"taxonomy":"_amplo","embeddable":true,"href":"https:\/\/www.agrobase.com.br\/concursos\/wp-json\/wp\/v2\/_amplo?post=228756"},{"taxonomy":"destaque","embeddable":true,"href":"https:\/\/www.agrobase.com.br\/concursos\/wp-json\/wp\/v2\/destaque?post=228756"},{"taxonomy":"instituicoes","embeddable":true,"href":"https:\/\/www.agrobase.com.br\/concursos\/wp-json\/wp\/v2\/instituicoes?post=228756"}],"curies":[{"name":"wp","href":"https:\/\/api.w.org\/{rel}","templated":true}]}}