{"id":228714,"date":"2023-08-29T08:00:55","date_gmt":"2023-08-29T11:00:55","guid":{"rendered":"https:\/\/www.agrobase.com.br\/concursos\/?p=228714"},"modified":"2023-12-05T08:12:48","modified_gmt":"2023-12-05T11:12:48","slug":"processo-seletivo-da-unespar-pr-edital-035-2023","status":"publish","type":"post","link":"https:\/\/www.agrobase.com.br\/concursos\/2023\/processo-seletivo-da-unespar-pr-edital-035-2023\/","title":{"rendered":"Processo Seletivo da Unespar &#8211; PR | Edital 035\/2023"},"content":{"rendered":"<p>Abertas as inscri\u00e7\u00f5es do Processo Seletivo da <a title=\"Universidade Estadual do Paran\u00e1\" href=\"https:\/\/www.unespar.edu.br\/\" target=\"_blank\" rel=\"noopener\">Unespar (PR)<\/a>, o qual recrutar\u00e1 professores tempor\u00e1rios em 140 vagas, com lota\u00e7\u00e3o prevista nos Campi de Apucarana, Campo Mour\u00e3o, Curitiba I, Curitiba II, Paranagu\u00e1, Paranava\u00ed e Uni\u00e3o da Vit\u00f3ria.<\/p>\n<h2>Cargos e Remunera\u00e7\u00e3o<\/h2>\n<p>Ao todo, s\u00e3o ofertadas <strong>140 vagas<\/strong> para professores tempor\u00e1rios por meio do edital 035\/2023 da Universidade Estadual do Paran\u00e1 (Unespar). A lota\u00e7\u00e3o dos professores est\u00e1 prevista para os Campi de Apucarana, Campo Mour\u00e3o, Curitiba I, Curitiba II, Paranagu\u00e1, Paranava\u00ed e Uni\u00e3o da Vit\u00f3ria, nas seguintes \u00e1reas:<\/p>\n<p><em>Direito Penal (1); Direito Processual Penal (2); Direito Administrativo (1); Turismo e Gest\u00e3o (1); Turismo &#8211; Fundamentos (2); Fundamentos do Servi\u00e7o Social (1); Administra\u00e7\u00e3o &#8211; Planejamento Financeiro e Mercado de Capitais (1); Teoria Sociol\u00f3gica (1); Ci\u00eancia da Computa\u00e7\u00e3o &#8211; Processamento Gr\u00e1fico (Graphics) (1); Ci\u00eancia da Computa\u00e7\u00e3o- Sistemas de Informa\u00e7\u00e3o (1); Ci\u00eancia da Computa\u00e7\u00e3o- An\u00e1lise de Algoritmos e Complexidade de Computa\u00e7\u00e3o (1); Ci\u00eancia da Computa\u00e7\u00e3o &#8211; Linguagens Formais e Aut\u00f4matos (1); Secretariado executivo &#8211; Ingl\u00eas (1); Fundamentos do Secretariado (1); Ci\u00eancias Cont\u00e1beis &#8211; Contabilidade Geral (2); L\u00edngua Espanhola (1); Educa\u00e7\u00e3o Especial Atendimento Educacional Especializado (1); Ensino-Aprendizagem (1); F\u00edsica\/ F\u00edsica Geral (1); Geografia F\u00edsica (1); Educa\u00e7\u00e3o (3); Hist\u00f3ria do Brasil (2); Qu\u00edmica ou Engenharia Qu\u00edmica (1); Ci\u00eancias Cont\u00e1beis (3); Teoria Econ\u00f4mica (1); Turismo (2); Matem\u00e1tica (1); Ensino de Matem\u00e1tica (1); Letras\/Teoria Liter\u00e1ria (1); Letras\/L\u00edngua Portuguesa (1); Letras\/L\u00edngua Inglesa (2); Letras\/Libras (1); Educa\u00e7\u00e3o Musical (2); Arranjo, Instrumenta\u00e7\u00e3o e Orquestra\u00e7\u00e3o (1); Composi\u00e7\u00e3o Musical\/Contraponto (1); Canto\/Fisiologia da Voz (1); Guitarra el\u00e9trica (2); Canto Coral\/Reg\u00eancia Coral (1); Metodologias de ensino: t\u00f3picos espec\u00edficos de educa\u00e7\u00e3o (2); Piano Correpeti\u00e7\u00e3o (1); Gravura (1); Bateria (1); Hist\u00f3ria da M\u00fasica (2); Arte eletrodigital (2); Fotografia (1); Viola (1); Produ\u00e7\u00e3o Cultural (1); Museologia (1); Atendimento Educacional Especializado (3); Violino (1); Clarineta (1); Pr\u00e1ticas Corporais e Cria\u00e7\u00e3o em Dan\u00e7a (2); Canto e T\u00e9cnica Vocal (1); Percep\u00e7\u00e3o musical e r\u00edtmica (1); Musicoterapia: pr\u00e1tica profissional, pesquisa e orienta\u00e7\u00e3o de est\u00e1gio (1); Po\u00e9ticas Visuais (1); Pr\u00e1tica de ensino (1); Roteiro e Cr\u00edtica cinematogr\u00e1fica (1); Dire\u00e7\u00e3o de Som e Produ\u00e7\u00e3o Cultural (1); Produ\u00e7\u00e3o e Assist\u00eancia de Dire\u00e7\u00e3o (1); Fotografia 2 e Finaliza\u00e7\u00e3o de imagem (1); Pr\u00e1ticas Extensionistas em Cinema e Fotografia 3 (1); Percep\u00e7\u00e3o Musical e Canto (1); R\u00edtmica, Bateria e Percuss\u00e3o (1); Hist\u00f3ria da M\u00fasica (1); Piano, Harmonia e Improvisa\u00e7\u00e3o Musical (1); Pedagogia do Teatro (1); Hist\u00f3ria (1); Pr\u00e1tica Pedag\u00f3gica (1); Psicologia (1); Fundamentos da Educa\u00e7\u00e3o (1); Biologia Geral V (1); Biologia Geral VI (1); Lingu\u00edstica Aplicada (1); L\u00edngua Inglesa (1); Ensino de L\u00edngua e Literaturas de L\u00edngua Inglesa (1); L\u00edngua Portuguesa, Lingu\u00edstica e Produ\u00e7\u00e3o Textual (1); Contabilidade Societ\u00e1ria (1); Administra\u00e7\u00e3o Geral (1); Com\u00e9rcio Exterior (1); Estat\u00edstica (1); Ger\u00eancia de Produ\u00e7\u00e3o (1); Enfermagem (8); Psicologia (1); Educa\u00e7\u00e3o F\u00edsica (4); Agronomia (1); Ci\u00eancias Cont\u00e1beis (1); Engenharia de Produ\u00e7\u00e3o (1); Inform\u00e1tica (1); Matem\u00e1tica (1); Economia (1); Geografia (1); Hist\u00f3ria Antiga e Medieval\/ Hist\u00f3ria da Am\u00e9rica (1); Matem\u00e1tica Aplicada (1); Educa\u00e7\u00e3o Matem\u00e1tica (1); Fisico-Qu\u00edmica (1); Biologia Geral (1); Est\u00e1gio de L\u00edngua Portuguesa (1); Literaturas de L\u00edngua Portuguesa (1); Educa\u00e7\u00e3o Especial AEE (1); Fundamentos da Educa\u00e7\u00e3o (1); Geografia (1); Qu\u00edmica \/ Ensino de Qu\u00edmica (1); Est\u00e1gio e Metodologia do Ensino de L\u00edngua Espanhola (1); Lingu\u00edstica e Ensino de L\u00ednguas (1); Filosofia e Ensino de Filosofia (1); Filosofia Geral (1); Direito Penal (1); Direito Civil (1); Lingu\u00edstica e Ensino de L\u00ednguas (1); Literaturas (1)<\/em><\/p>\n<p>A remunera\u00e7\u00e3o poder\u00e1 oscilar conforme a titula\u00e7\u00e3o apresentada pelo profissional, assim os valores ficam entre de <strong>R$ 901,87<\/strong> e <strong>R$ 9.383,94<\/strong>. As jornadas de trabalho ser\u00e3o estipuladas em <strong>10h<\/strong> a <strong>40 horas<\/strong> por semana.<\/p>\n<h2>Como Participar<\/h2>\n<ul>\n<li><strong>Pela Internet:<\/strong> a ficha de inscri\u00e7\u00e3o deve ser preenchida no per\u00edodo de <strong>01 de setembro de 2023<\/strong> at\u00e9 o dia <strong>14 de setembro de 2023<\/strong>, mediante acesso dos interessados ao site da Universidade Estadual do Paran\u00e1.<\/li>\n<\/ul>\n<p>A taxa de inscri\u00e7\u00e3o cobrada para professores interessados nas vagas ser\u00e1 de <strong>R$ 120,00 (cento e vinte reais)<\/strong>.<\/p>\n<h2>Etapas Avaliativas<\/h2>\n<p>O processo de sele\u00e7\u00e3o da Unespar contar\u00e1 com as provas abaixo como forma de avaliar os professores participantes:<\/p>\n<ol>\n<li><strong>Prova Escrita.<\/strong> De car\u00e1ter eliminat\u00f3rio.<\/li>\n<li><strong>Prova Did\u00e1tica.<\/strong> De car\u00e1ter eliminat\u00f3rio.<\/li>\n<li><strong>Prova de T\u00edtulos.<\/strong><\/li>\n<\/ol>\n<h2>Resultado<\/h2>\n<p>O Edital de Resultado Final Preliminar ser\u00e1 publicado a partir do dia <strong>05 de dezembro de 2023<\/strong>, no site da Universidade.<\/p>\n","protected":false},"excerpt":{"rendered":"<p>Abertas as inscri\u00e7\u00f5es do Processo Seletivo da <a href=\"https:\/\/www.unespar.edu.br\/\" title=\"Universidade Estadual do Paran\u00e1\" target=\"_blank\" rel=\"noopener\">Unespar (PR)<\/a>, o qual recrutar\u00e1 professores tempor\u00e1rios em 140 vagas, com lota\u00e7\u00e3o prevista nos Campi de Apucarana, Campo Mour\u00e3o, Curitiba I, Curitiba II, Paranagu\u00e1, Paranava\u00ed e Uni\u00e3o da Vit\u00f3ria.<\/p>\n","protected":false},"author":7,"featured_media":228719,"comment_status":"open","ping_status":"open","sticky":false,"template":"","format":"standard","meta":{"_acf_changed":false,"_breakdance_hide_in_design_set":false,"_breakdance_tags":"","footnotes":""},"categories":[3,4,145,140,6433,106,8,126,9,121,10,97,117,141,6434,12,13,151,125,15,104,102,136,112,6436,19,111,100,20,116,119,25,26,6435,135,101,159,123],"tags":[52],"_amplo":[],"destaque":[],"instituicoes":[497],"class_list":["post-228714","post","type-post","status-publish","format-standard","has-post-thumbnail","hentry","category-administracao","category-agronomia","category-artes-cenicas","category-artes-plasticas","category-biologia-licenciatura","category-bioquimica","category-biotecnologia","category-ciencia-computacao","category-ciencias-contabeis","category-ciencias-sociais","category-direito","category-ecologia","category-economia","category-educacao-artistica","category-educacao-fisica-licenciatura","category-enfermagem","category-engenharia-ambiental","category-engenharia-computacao","category-engenharia-producao","category-engenharia-florestal","category-engenharia-mecanica","category-engenharia-quimica","category-estatistica","category-filosofia","category-fisica-licenciatura","category-fonoaudiologia","category-geografia","category-historia","category-letras","category-matematica","category-musica","category-pedagogia","category-psicologia","category-quimica-licenciatura","category-secretariado","category-servico-social","category-tecnologia-da-informacao","category-turismo","tag-parana","instituicoes-universidade-estadual-do-parana-unespar"],"acf":{"_tipo_vagas":"vagas","_numero_vagas":140,"_quadro_vagas":228717,"_cargos":"professores","_cargos_especificos":"","_salario_max":"R$ 9.383,94","_abertura":"20230901","_encerramento":"20230914","_inscricoes":"http:\/\/www.unespar.edu.br\/concursos","_executora_concurso":"","_instituicao_concurso":[497],"_link_adicional":null,"_anexos":[{"_arquivo_anexo":228716,"_titulo_anexo":"Edital 035\/2023"}],"_produtos":null,"_vagas":"","_salario_min":"","_instituicao":"","_edital":"","_anexos_edital":"","_fund_incompleto":"","_fund_completo":"","_medio":"","_superior":""},"_links":{"self":[{"href":"https:\/\/www.agrobase.com.br\/concursos\/wp-json\/wp\/v2\/posts\/228714","targetHints":{"allow":["GET"]}}],"collection":[{"href":"https:\/\/www.agrobase.com.br\/concursos\/wp-json\/wp\/v2\/posts"}],"about":[{"href":"https:\/\/www.agrobase.com.br\/concursos\/wp-json\/wp\/v2\/types\/post"}],"author":[{"embeddable":true,"href":"https:\/\/www.agrobase.com.br\/concursos\/wp-json\/wp\/v2\/users\/7"}],"replies":[{"embeddable":true,"href":"https:\/\/www.agrobase.com.br\/concursos\/wp-json\/wp\/v2\/comments?post=228714"}],"version-history":[{"count":0,"href":"https:\/\/www.agrobase.com.br\/concursos\/wp-json\/wp\/v2\/posts\/228714\/revisions"}],"acf:term":[{"embeddable":true,"taxonomy":"instituicoes","href":"https:\/\/www.agrobase.com.br\/concursos\/wp-json\/wp\/v2\/instituicoes\/497"}],"wp:featuredmedia":[{"embeddable":true,"href":"https:\/\/www.agrobase.com.br\/concursos\/wp-json\/wp\/v2\/media\/228719"}],"wp:attachment":[{"href":"https:\/\/www.agrobase.com.br\/concursos\/wp-json\/wp\/v2\/media?parent=228714"}],"wp:term":[{"taxonomy":"category","embeddable":true,"href":"https:\/\/www.agrobase.com.br\/concursos\/wp-json\/wp\/v2\/categories?post=228714"},{"taxonomy":"post_tag","embeddable":true,"href":"https:\/\/www.agrobase.com.br\/concursos\/wp-json\/wp\/v2\/tags?post=228714"},{"taxonomy":"_amplo","embeddable":true,"href":"https:\/\/www.agrobase.com.br\/concursos\/wp-json\/wp\/v2\/_amplo?post=228714"},{"taxonomy":"destaque","embeddable":true,"href":"https:\/\/www.agrobase.com.br\/concursos\/wp-json\/wp\/v2\/destaque?post=228714"},{"taxonomy":"instituicoes","embeddable":true,"href":"https:\/\/www.agrobase.com.br\/concursos\/wp-json\/wp\/v2\/instituicoes?post=228714"}],"curies":[{"name":"wp","href":"https:\/\/api.w.org\/{rel}","templated":true}]}}