{"id":228540,"date":"2023-08-28T07:00:57","date_gmt":"2023-08-28T10:00:57","guid":{"rendered":"https:\/\/www.agrobase.com.br\/concursos\/?p=228540"},"modified":"2023-08-25T11:03:53","modified_gmt":"2023-08-25T14:03:53","slug":"processo-seletivo-da-uft-to-edital-003-2023","status":"publish","type":"post","link":"https:\/\/www.agrobase.com.br\/concursos\/2023\/processo-seletivo-da-uft-to-edital-003-2023\/","title":{"rendered":"Processo Seletivo da UFT &#8211; TO | Edital 003\/2023"},"content":{"rendered":"<p>Aberto Processo Seletivo da <a target=\"_blank\" href=\"http:\/\/www.copese.uft.edu.br\/\" rel=\"noopener\">UFT<\/a> com a finalidade de preencher 24 vagas para professores substitutos.<\/p>\n<h2>Cargos e Remunera\u00e7\u00e3o<\/h2>\n<p>As <strong>24 vagas<\/strong> dispostas no edital 003\/2023 da Universidade Federal do Tocantins (UFT) s\u00e3o destinadas a suprir a falta de professores nos Campi de Aragua\u00edna, Arraias, Gurupi, Miracema, Palmas, Porto Nacional e Tocantin\u00f3polis, nas seguintes \u00e1reas:<\/p>\n<p><em>Bases pedag\u00f3gicas do basquetebol e handebol \/ Bases pedag\u00f3gicas do voleibol \/ Bases pedag\u00f3gicas do futebol e futsal\/\u00c1reas afins; Antropologia I \/ Antropologia II \/ Antropologia III \/ Estudos sobre \u00c1frica e Brasil \u2013 \u00c1frica; Introdu\u00e7\u00e3o \u00e0s Rela\u00e7\u00f5es Internacionais \/ Pol\u00edtica Ambiental Internacional \/ Pr\u00e1ticas em Extens\u00e3o \/Mudan\u00e7as Clim\u00e1ticas e Desenvolvimento Sustent\u00e1vel no Antropoceno \/ \u00c1reas afins; Economia Pol\u00edtica Internacional \/ Introdu\u00e7\u00e3o \u00e0 Economia \/ Com\u00e9rcio Exterior\/Internacionaliza\u00e7\u00e3o de empresas \/ \u00c1reas afins; Escrita Acad\u00eamica em L\u00edngua Inglesa\/Estudos Tem\u00e1ticos em L\u00edngua Inglesa e\/ou em Literaturas de L\u00edngua Inglesa\/ Estrat\u00e9gias de Leitura em L\u00edngua Inglesa\/ Leitura e Introdu\u00e7\u00e3o \u00e0 Produ\u00e7\u00e3o Textual em L\u00edngua Inglesa \/\u00c1reas afins; Est\u00e1gio Supervisionado III \/\u00c1reas afins; Sociologia I, II, III e IV \/ Sociologia, Pensamento Social no Brasil \/ Metodologia da pesquisa em Ci\u00eancias Sociais \/Pr\u00e1ticas de Pesquisa em Sociologia \/\u00c1reas afins; Geologia e Paleontologia \/Evolu\u00e7\u00e3o \/ \u00c1reas afins; Circuitos digitais \/ Geometria Anal\u00edtica \/ \u00c1lgebra Linear\/ Fen\u00f4meno de Transportes \/ \u00c1reas afins; Planejamento Urbano e Transportes \/ Portos e Aeroportos \/ Mobilidade Urbana; Sa\u00fade da pessoa idosa \/ A\u00e7\u00f5es Ambulatoriais e Hospitalares \/ Semiologia \/ Centro Cir\u00fargico; Assist\u00eancia de Enfermagem nas Urg\u00eancias e Emerg\u00eancias; Projeto de Urbanismo I\/ Infraestrutura urbana\/ Introdu\u00e7\u00e3o ao projeto de urbanismo\/ Sistema de informa\u00e7\u00e3o geogr\u00e1fica aplicado ao urbanismo; Est\u00e1gio I \/ Servi\u00e7o Social e Processo de Trabalho; T\u00e9cnicas de Avalia\u00e7\u00e3o Psicol\u00f3gica \/ Interven\u00e7\u00e3o em Situa\u00e7\u00f5es de Crise I \/ Interven\u00e7\u00f5es em Situa\u00e7\u00f5es de Crise II\/ Semin\u00e1rios Tem\u00e1ticos I; Cultura Brasileira e Quest\u00e3o \u00c9tnico-Racial \/ Antropologia \/ Metodologia do Trabalho Cient\u00edfico \/ Sociologia; Psicologia da Personalidade III: Abordagens Neo-Psicanal\u00edticasPsicologia da Personalidade II: Freud e a Psican\u00e1lise \/ Introdu\u00e7\u00e3o \u00e0 Psicologia como Ci\u00eancia e Profiss\u00e3o; Fundamentos e Metodologia do Ensino de Matem\u00e1tica \/ Semin\u00e1rios de Pesquisa II\/Estat\u00edstica Aplicada \u00e0 Educa\u00e7\u00e3o; Educa\u00e7\u00e3o Especial \/ Libras; Matem\u00e1tica I\/ Matem\u00e1tica II \/ F\u00edsica; Fitopatologia Geral \/ Patologia Florestal; Eixo inicia\u00e7\u00e3o ao Turismo: pr\u00e1ticas de laborat\u00f3rios \/ Eixo estrutura\u00e7\u00e3o do Turismo: Territorialidade e Atores Sociais \/ Eixo estrutura\u00e7\u00e3o do Turismo: Inst\u00e2ncia de governan\u00e7a local\/regional e governan\u00e7a em Rede \/ Eixo consolida\u00e7\u00e3o do Turismo: Cadeia Produtiva do Turismo; Did\u00e1tica Geral \/ Laborat\u00f3rio de Ensino de Matem\u00e1tica I \/ Laborat\u00f3rio de Ensino de Matem\u00e1tica II \/ Est\u00e1gio Supervisionado; Educa\u00e7\u00e3o e Meio Ambiente \/ Estado Sociedade e Quest\u00f5es Agr\u00e1rias \/ Teoria Pol\u00edtica \/ Est\u00e9tica e Filosofia da Arte II; Direito p\u00fablico (processual civil) \/N\u00facleo de Pr\u00e1ticas Jur\u00eddicas \/ Direito Processual Civil I \/ Direito Processual Civil II \/ Laborat\u00f3rio de Pr\u00e1ticas Jur\u00eddicas I \/ Laborat\u00f3rio de Pr\u00e1ticas Jur\u00eddicas III \/ Pr\u00e1ticas Jur\u00eddicas Supervisionadas I \/ Direito Processual Civil III\/ Pr\u00e1ticas Jur\u00eddicas Supervisionadas II\/ Pr\u00e1ticas Jur\u00eddicas Supervisionadas V; Pr\u00e1tica Supervisionada III (turma A) \/ Pr\u00e1tica Supervisionada III (turma B \/ Direito Processual Penal II\/ Extens\u00e3o universit\u00e1ria; Economia e Mercado\/ Direito e Legisla\u00e7\u00e3o para Gest\u00e3o\/ Gest\u00e3o da Cadeia de Suprimentos\/Contabilidade Geral \/ Contabilidade de Custos \/ Atividades Interdisciplinares Orientadas I; Cl\u00ednica m\u00e9dica de ruminantes I Cl\u00ednica m\u00e9dica de ruminantes II \/ Semiologia Veterin\u00e1ria; Pr\u00e1ticas em Sa\u00fade: Pediatria; Literatura Brasileira: Modernismo e precursores\/ Literatura Brasileira: Manifesta\u00e7\u00f5es Liter\u00e1rias &#8211; Per\u00edodo Colonial\/ Literatura Brasileira Regional: Norte e Nordeste \/ Literatura Brasileira do s\u00e9culo XIX: do Romantismo ao Simbolismo; e Educa\u00e7\u00e3o ambiental\/ Produ\u00e7\u00e3o de texto\/ Escrita Acad\u00eamica\/ Educa\u00e7\u00e3o escolar ind\u00edgena\/ \u00c1reas afins.<\/em><\/p>\n<p>Ser\u00e3o admitidos servidores com gradua\u00e7\u00e3o, especializa\u00e7\u00e3o, mestrado ou doutorado na \u00e1rea de saber de interesse, e far\u00e3o jus \u00e0 remunera\u00e7\u00f5es entre <strong>R$ 2.437,59<\/strong> e <strong>R$ 6.356,02<\/strong>, de acordo com a titula\u00e7\u00e3o apresentada.<\/p>\n<p>O regime de trabalho est\u00e1 fixado em jornadas de <strong>20h<\/strong> ou <strong>40 horas<\/strong> semanais.<\/p>\n<h2>Inscri\u00e7\u00e3o<\/h2>\n<ul>\n<li><strong>Internet:<\/strong> A solicita\u00e7\u00e3o de inscri\u00e7\u00e3o ser\u00e1 realizada, exclusivamente, via internet, no endere\u00e7o eletr\u00f4nico da UFT, os per\u00edodos de inscri\u00e7\u00e3o s\u00e3o os seguintes:<\/li>\n<\/ul>\n<ol>\n<li><strong>Vagas que exigem titula\u00e7\u00e3o de Doutor:<\/strong> de 29 a 31 de agosto de 2023;<\/li>\n<li><strong>Vagas que exigem titula\u00e7\u00e3o de Mestre:<\/strong> no per\u00edodo de 04 a 05 de setembro de 2023;<\/li>\n<li><strong>Vagas que exigem titula\u00e7\u00e3o de Especialista:<\/strong> per\u00edodo de 11 e 12 de setembro de 2023;<\/li>\n<li><strong>Vagas que exigem titula\u00e7\u00e3o de Gradua\u00e7\u00e3o:<\/strong> per\u00edodo de 14 e 15 de setembro de 2023.<\/li>\n<\/ol>\n<p>Ser\u00e1 recolhido de todos os candidatos a import\u00e2ncia de <strong>R$ 120,00 (cento e vinte reais)<\/strong> referente a taxa de inscri\u00e7\u00e3o.<\/p>\n<h2>Provas<\/h2>\n<p>As etapas citadas abaixo ser\u00e3o parte do processo de avalia\u00e7\u00e3o dos inscritos no processo seletivo da UFT:<\/p>\n<ol>\n<li><strong>Entrevista e An\u00e1lise de Curriculum Vitae ou Lattes.<\/strong> De car\u00e1ter eliminat\u00f3rio e classificat\u00f3rio.<\/li>\n<li><strong>Prova Did\u00e1tica.<\/strong> De car\u00e1ter eliminat\u00f3rio e classificat\u00f3rio.<\/li>\n<li><strong>Prova de T\u00edtulos.<\/strong> De car\u00e1ter apenas classificat\u00f3rio.<\/li>\n<\/ol>\n<h2>Resultado<\/h2>\n<p>O resultado final ser\u00e1 publicado pela universidade no endere\u00e7o eletr\u00f4nico selecao.uft.edu.br, na data prov\u00e1vel de <strong>20 de outubro de 2023<\/strong>.<\/p>\n","protected":false},"excerpt":{"rendered":"<p>Aberto Processo Seletivo da <a target=\"_blank\" href=\"http:\/\/www.copese.uft.edu.br\/\" rel=\"noopener\">UFT<\/a> com a finalidade de preencher 24 vagas para professores substitutos.<\/p>\n","protected":false},"author":7,"featured_media":228545,"comment_status":"open","ping_status":"open","sticky":false,"template":"","format":"standard","meta":{"_acf_changed":false,"_breakdance_hide_in_design_set":false,"_breakdance_tags":"","footnotes":""},"categories":[3,4,5,6433,9,121,113,10,97,117,6434,12,14,125,103,15,112,6436,111,100,20,116,21,22,26,149,101,118,123],"tags":[64],"_amplo":[],"destaque":[],"instituicoes":[699],"class_list":["post-228540","post","type-post","status-publish","format-standard","has-post-thumbnail","hentry","category-administracao","category-agronomia","category-arquitetura","category-biologia-licenciatura","category-ciencias-contabeis","category-ciencias-sociais","category-desenho-industrial","category-direito","category-ecologia","category-economia","category-educacao-fisica-licenciatura","category-enfermagem","category-engenharia","category-engenharia-producao","category-engenharia-eletrica","category-engenharia-florestal","category-filosofia","category-fisica-licenciatura","category-geografia","category-historia","category-letras","category-matematica","category-medicina","category-veterinaria","category-psicologia","category-relacoes-internacionais","category-servico-social","category-sociologia","category-turismo","tag-tocantins","instituicoes-universidade-federal-do-tocantins-uft"],"acf":{"_tipo_vagas":"vagas + cadastro de reserva","_numero_vagas":24,"_quadro_vagas":228542,"_cargos":"professores","_cargos_especificos":"","_salario_max":"R$ 6.356,02","_abertura":"20230829","_encerramento":null,"_inscricoes":"","_executora_concurso":"","_instituicao_concurso":[699],"_link_adicional":null,"_anexos":[{"_arquivo_anexo":228543,"_titulo_anexo":"Edital 003\/2023"}],"_produtos":null,"_vagas":"","_salario_min":"","_instituicao":"","_edital":"","_anexos_edital":"","_fund_incompleto":"","_fund_completo":"","_medio":"","_superior":""},"_links":{"self":[{"href":"https:\/\/www.agrobase.com.br\/concursos\/wp-json\/wp\/v2\/posts\/228540","targetHints":{"allow":["GET"]}}],"collection":[{"href":"https:\/\/www.agrobase.com.br\/concursos\/wp-json\/wp\/v2\/posts"}],"about":[{"href":"https:\/\/www.agrobase.com.br\/concursos\/wp-json\/wp\/v2\/types\/post"}],"author":[{"embeddable":true,"href":"https:\/\/www.agrobase.com.br\/concursos\/wp-json\/wp\/v2\/users\/7"}],"replies":[{"embeddable":true,"href":"https:\/\/www.agrobase.com.br\/concursos\/wp-json\/wp\/v2\/comments?post=228540"}],"version-history":[{"count":0,"href":"https:\/\/www.agrobase.com.br\/concursos\/wp-json\/wp\/v2\/posts\/228540\/revisions"}],"acf:term":[{"embeddable":true,"taxonomy":"instituicoes","href":"https:\/\/www.agrobase.com.br\/concursos\/wp-json\/wp\/v2\/instituicoes\/699"}],"wp:featuredmedia":[{"embeddable":true,"href":"https:\/\/www.agrobase.com.br\/concursos\/wp-json\/wp\/v2\/media\/228545"}],"wp:attachment":[{"href":"https:\/\/www.agrobase.com.br\/concursos\/wp-json\/wp\/v2\/media?parent=228540"}],"wp:term":[{"taxonomy":"category","embeddable":true,"href":"https:\/\/www.agrobase.com.br\/concursos\/wp-json\/wp\/v2\/categories?post=228540"},{"taxonomy":"post_tag","embeddable":true,"href":"https:\/\/www.agrobase.com.br\/concursos\/wp-json\/wp\/v2\/tags?post=228540"},{"taxonomy":"_amplo","embeddable":true,"href":"https:\/\/www.agrobase.com.br\/concursos\/wp-json\/wp\/v2\/_amplo?post=228540"},{"taxonomy":"destaque","embeddable":true,"href":"https:\/\/www.agrobase.com.br\/concursos\/wp-json\/wp\/v2\/destaque?post=228540"},{"taxonomy":"instituicoes","embeddable":true,"href":"https:\/\/www.agrobase.com.br\/concursos\/wp-json\/wp\/v2\/instituicoes?post=228540"}],"curies":[{"name":"wp","href":"https:\/\/api.w.org\/{rel}","templated":true}]}}