{"id":228504,"date":"2023-08-25T08:20:09","date_gmt":"2023-08-25T11:20:09","guid":{"rendered":"https:\/\/www.agrobase.com.br\/concursos\/?p=228504"},"modified":"2023-08-26T12:30:39","modified_gmt":"2023-08-26T15:30:39","slug":"processo-seletivo-da-ufv-mg-edital-067-2023","status":"publish","type":"post","link":"https:\/\/www.agrobase.com.br\/concursos\/2023\/processo-seletivo-da-ufv-mg-edital-067-2023\/","title":{"rendered":"Processo Seletivo da UFV &#8211; MG | Edital 067\/2023"},"content":{"rendered":"<p>No estado de Minas Gerais, a Universidade Federal de Vi\u00e7osa (UFV &#8211; MG) anuncia a abertura das inscri\u00e7\u00f5es de um novo Processo Seletivo, destinado a contrata\u00e7\u00e3o de um professor substituto.<\/p>\n<p>De acordo com o edital, a vaga \u00e9 ofertada ao docente da \u00e1rea de Biologia e Manejo Integrado de Plantas Daninhas, no Departamento de Agronomia, do Centro de Ci\u00eancias Agr\u00e1rias.<\/p>\n<p>Para se inscrever, \u00e9 necess\u00e1rio possuir gradua\u00e7\u00e3o completa em n\u00edvel superior, com mestrado ou doutorado, bem como disponibilidade de 20 horas semanais para o exerc\u00edcio das fun\u00e7\u00f5es estipuladas ao cargo. Quando contratado, o sal\u00e1rio ofertado ao docente ser\u00e1 compat\u00edvel com a titula\u00e7\u00e3o solicitada no pre\u00e2mbulo do edital.<\/p>\n<p>As inscri\u00e7\u00f5es tiveram in\u00edcio no dia 22 de agosto de 2023 e ser\u00e3o recebidas at\u00e9 01 de setembro de 2023, \u00e0s 23h30, exclusivamente via internet, no site Gest\u00e3o de Pessoas da UFV, mediante o pagamento de R$ 120,75 de taxa de participa\u00e7\u00e3o.<\/p>\n","protected":false},"excerpt":{"rendered":"<p>No estado de Minas Gerais, a Universidade Federal de Vi\u00e7osa (UFV &#8211; MG) anuncia a abertura das inscri\u00e7\u00f5es de um novo Processo Seletivo, destinado a contrata\u00e7\u00e3o de um professor substituto.<\/p>\n","protected":false},"author":7,"featured_media":228508,"comment_status":"open","ping_status":"open","sticky":false,"template":"","format":"standard","meta":{"_acf_changed":false,"_breakdance_hide_in_design_set":false,"_breakdance_tags":"","footnotes":""},"categories":[4],"tags":[50],"_amplo":[],"destaque":[],"instituicoes":[301],"class_list":["post-228504","post","type-post","status-publish","format-standard","has-post-thumbnail","hentry","category-agronomia","tag-minas-gerais","instituicoes-universidade-federal-de-vicosa-ufv"],"acf":{"_tipo_vagas":"vagas","_numero_vagas":1,"_quadro_vagas":"","_cargos":"professores","_cargos_especificos":"","_salario_max":"","_abertura":"20230822","_encerramento":"20230901","_inscricoes":"https:\/\/www2.gps.ufv.br\/gps-web\/editais\/635\/","_executora_concurso":"","_instituicao_concurso":[301],"_link_adicional":null,"_anexos":[{"_arquivo_anexo":228506,"_titulo_anexo":"Edital 067\/2023"}],"_produtos":null,"_vagas":"","_salario_min":"","_instituicao":"","_edital":"","_anexos_edital":"","_fund_incompleto":"","_fund_completo":"","_medio":"","_superior":""},"_links":{"self":[{"href":"https:\/\/www.agrobase.com.br\/concursos\/wp-json\/wp\/v2\/posts\/228504","targetHints":{"allow":["GET"]}}],"collection":[{"href":"https:\/\/www.agrobase.com.br\/concursos\/wp-json\/wp\/v2\/posts"}],"about":[{"href":"https:\/\/www.agrobase.com.br\/concursos\/wp-json\/wp\/v2\/types\/post"}],"author":[{"embeddable":true,"href":"https:\/\/www.agrobase.com.br\/concursos\/wp-json\/wp\/v2\/users\/7"}],"replies":[{"embeddable":true,"href":"https:\/\/www.agrobase.com.br\/concursos\/wp-json\/wp\/v2\/comments?post=228504"}],"version-history":[{"count":0,"href":"https:\/\/www.agrobase.com.br\/concursos\/wp-json\/wp\/v2\/posts\/228504\/revisions"}],"acf:term":[{"embeddable":true,"taxonomy":"instituicoes","href":"https:\/\/www.agrobase.com.br\/concursos\/wp-json\/wp\/v2\/instituicoes\/301"}],"wp:featuredmedia":[{"embeddable":true,"href":"https:\/\/www.agrobase.com.br\/concursos\/wp-json\/wp\/v2\/media\/228508"}],"wp:attachment":[{"href":"https:\/\/www.agrobase.com.br\/concursos\/wp-json\/wp\/v2\/media?parent=228504"}],"wp:term":[{"taxonomy":"category","embeddable":true,"href":"https:\/\/www.agrobase.com.br\/concursos\/wp-json\/wp\/v2\/categories?post=228504"},{"taxonomy":"post_tag","embeddable":true,"href":"https:\/\/www.agrobase.com.br\/concursos\/wp-json\/wp\/v2\/tags?post=228504"},{"taxonomy":"_amplo","embeddable":true,"href":"https:\/\/www.agrobase.com.br\/concursos\/wp-json\/wp\/v2\/_amplo?post=228504"},{"taxonomy":"destaque","embeddable":true,"href":"https:\/\/www.agrobase.com.br\/concursos\/wp-json\/wp\/v2\/destaque?post=228504"},{"taxonomy":"instituicoes","embeddable":true,"href":"https:\/\/www.agrobase.com.br\/concursos\/wp-json\/wp\/v2\/instituicoes?post=228504"}],"curies":[{"name":"wp","href":"https:\/\/api.w.org\/{rel}","templated":true}]}}