{"id":227912,"date":"2023-08-17T07:20:41","date_gmt":"2023-08-17T10:20:41","guid":{"rendered":"https:\/\/www.agrobase.com.br\/concursos\/?p=227912"},"modified":"2023-12-05T08:12:53","modified_gmt":"2023-12-05T11:12:53","slug":"concurso-publico-de-primavera-do-leste-mt-edital-001-2023","status":"publish","type":"post","link":"https:\/\/www.agrobase.com.br\/concursos\/2023\/concurso-publico-de-primavera-do-leste-mt-edital-001-2023\/","title":{"rendered":"Concurso P\u00fablico de Primavera do Leste &#8211; MT | Edital 001\/2023"},"content":{"rendered":"<p>Divulga-se a abertura das inscri\u00e7\u00f5es ao Concurso P\u00fablico de <a title=\"Prefeitura de Primavera do Leste\" href=\"https:\/\/primaveradoleste.mt.gov.br\/g\" target=\"_blank\" rel=\"noopener\">Primavera do Leste &#8211; MT<\/a>, destinado ao preenchimento efetivo de mais de 150 vagas.<\/p>\n<h2>Cargos e Remunera\u00e7\u00e3o<\/h2>\n<p>De acordo com o edital n\u00famero 001\/2023, ser\u00e3o, nesse caso, preenchidas <strong>153 vagas<\/strong>, divididas entre as seguintes fun\u00e7\u00f5es de n\u00edvel fundamental, m\u00e9dio\/t\u00e9cnico e superior, nas seguintes fun\u00e7\u00f5es:<\/p>\n<p><em>Agente Administrativo (22); Agente de Administrativo da Sa\u00fade (16); Agente de Monitoramento (8); Agente de Tr\u00e2nsito; Almoxarife (2); Analista de Licita\u00e7\u00e3o; Analista de Sistemas; Arquiteto; Assistente de Farm\u00e1cia (2); Assistente Financeiro; Assistente Social; Assistente Social Educacional (1); Assistente T\u00e9cnico; Auxiliar de Consult\u00f3rio Dent\u00e1rio (2); Auxiliar de Mec\u00e2nica; Auxiliar Educacional (11); Auxiliar Jur\u00eddico (2); Bibliotec\u00e1rio; Bi\u00f3logo; Bioqu\u00edmico; Borracheiro; Cirurgi\u00e3o Dentista 20h Buco-Maxilo; Cirurgi\u00e3o Dentista 20h Endodontia; Cirurgi\u00e3o Dentista 20h Pacientes PNE; Cirurgi\u00e3o Dentista 20h Periodontia; Cirurgi\u00e3o Dentista 20h Pr\u00f3tese Dent\u00e1ria; Cirurgi\u00e3o Dentista 40h; Contador (1); Controlador Interno; Coveiro; Cozinheiro; Cozinheiro para Alimenta\u00e7\u00e3o Escolar (8); Desenhista T\u00e9cnico Predial; Designer e Analista de Comunica\u00e7\u00e3o (1); Eletricista; Enfermeiro Intervencionista SAMU; Enfermeiro Padr\u00e3o; Engenheiro Agr\u00f4nomo; Engenheiro Ambiental; Engenheiro Civil; Engenheiro Eletricista; Farmac\u00eautico; Fiscal de Obras e Posturas (2); Fiscal Sanit\u00e1rio; Fiscal Tribut\u00e1rio (5); Fisioterapeuta; Fonoaudi\u00f3logo (1); Fonoaudi\u00f3logo Educacional (1); Instrutor de Inform\u00e1tica (2); Int\u00e9rprete de Libras Lubrificador; Maqueiro; Mec\u00e2nico; M\u00e9dico 20h Especialista em Alergia; M\u00e9dico 20h Especialista em Anestesia; M\u00e9dico 20h Especialista em Cardiologia (1); M\u00e9dico 20h Especialista em Cirurgia Geral; M\u00e9dico 20h Especialista em Cirurgia Oncol\u00f3gica; M\u00e9dico 20h Especialista em Cirurgia Vascular; M\u00e9dico 20h Especialista em Dermatologia; M\u00e9dico 20h Especialista em Endocrinologia; M\u00e9dico 20h Especialista em Ginecologia; M\u00e9dico 20h Especialista em Infectologia; M\u00e9dico 20h Especialista em Mastologia; M\u00e9dico 20h Especialista em Neurologia; M\u00e9dico 20h Especialista em Oncologia Cl\u00ednica; M\u00e9dico 20h Especialista em Otorrinolaringologista; M\u00e9dico 20h Especialista em Pediatria; M\u00e9dico 20h Especialista em Psiquiatria; M\u00e9dico 20h Especialista em Radiologia; M\u00e9dico 20h Especialista em Reumatologia; M\u00e9dico 20h Especialista em Urologia; M\u00e9dico 40h Cl\u00ednico Geral; M\u00e9dico Intervencionista SAMU; Monitor para Servi\u00e7os Educacionais (22); Monitor Social (2); Motorista D; Motorista E; Motorista do Transporte Escolar (1); Nutricionista; Nutricionista Educacional (1); Operador de M\u00e1quina Escavadeira Hidr\u00e1ulica; Operador de M\u00e1quina P\u00e1 Carregadeira; Operador de M\u00e1quina Motoniveladora; Operador de M\u00e1quina Bobcat (1); Operador de M\u00e1quina Trator de Esteira; Operador de M\u00e1quina Rolo Compactador; Operador de M\u00e1quina Retroescavadeira; Padeiro; Procurador Municipal (2); Professor de Artes; Professor de Ci\u00eancias F\u00edsicas e Biol\u00f3gicas; Professor de Educa\u00e7\u00e3o Especial &#8211; Defici\u00eancia Intelectual (1); Professor de Educa\u00e7\u00e3o F\u00edsica; Professor de Ensino Religioso; Professor de Geografia; Professor de Hist\u00f3ria; Professor de L\u00edngua Inglesa; Professor de L\u00edngua Portuguesa; Professor de Matem\u00e1tica; Professor Pedagogo; Psic\u00f3logo; Psic\u00f3logo Educacional (1); Sanitarista; Secret\u00e1rio Escolar; T\u00e9cnico Agr\u00edcola; T\u00e9cnico de Imobiliza\u00e7\u00e3o Ortop\u00e9dica; T\u00e9cnico de Manuten\u00e7\u00e3o; T\u00e9cnico de Enfermagem (33); T\u00e9cnico de Enfermagem SAMU; T\u00e9cnico em Higiene Dental; T\u00e9cnico em Inform\u00e1tica; T\u00e9cnico em Laborat\u00f3rio (1); T\u00e9cnico em Meio Ambiente; T\u00e9cnico em Radiologia; T\u00e9cnico em Seguran\u00e7a do Trabalho; T\u00e9cnico Esportivo Atletismo; T\u00e9cnico Esportivo Modalidade Basquetebol; T\u00e9cnico Esportivo Modalidade Canoagem; T\u00e9cnico Esportivo Modalidade Capoeira; T\u00e9cnico Esportivo Modalidade Futebol de Campo; T\u00e9cnico Esportivo Modalidade Futsal; T\u00e9cnico Esportivo Modalidade Handebol; T\u00e9cnico Esportivo Modalidade Jiu-Jitsu; T\u00e9cnico Esportivo Modalidade Jud\u00f4; T\u00e9cnico Esportivo Modalidade T\u00eanis de Mesa; T\u00e9cnico Esportivo Modalidade Voleibol; Top\u00f3grafo; Veterin\u00e1rio<\/em><\/p>\n<p>As jornadas de trabalho podem ir de <strong>20h<\/strong> a <strong>40 horas<\/strong> por semana, e os sal\u00e1rios ser\u00e3o de <strong>R$ 1.639.09<\/strong> a <strong>R$ 14.272,51<\/strong>, dependendo do cargo.<\/p>\n<h2>Inscri\u00e7\u00f5es<\/h2>\n<p>as inscri\u00e7\u00f5es podem ser feitas durante o per\u00edodo de <strong>15 de agosto de 2023<\/strong> at\u00e9 <strong>17 de setembro de 2023<\/strong>, por meio do endere\u00e7o eletr\u00f4nico da Organizadora &#8211; o Instituto Selecon.<\/p>\n<p>O valor de inscri\u00e7\u00e3o ser\u00e1 de <strong>R$ 55,00 (cinquenta e cinco reais)<\/strong> para os cargos de N\u00edvel Alfabetizado; de <strong>R$ 65,00 (sessenta e cinco reais)<\/strong> para os cargos de N\u00edvel Fundamental; de <strong>R$ 90,00 (noventa reais)<\/strong> para os cargos de N\u00edvel M\u00e9dio e N\u00edvel M\u00e9dio T\u00e9cnico; de <strong>R$ 120,00 (cento e vinte reais)<\/strong> para cargos de N\u00edvel Superior e de <strong>R$ 180,00 (cento e oitenta reais)<\/strong> para o cargo de M\u00e9dico.<\/p>\n<h2>Provas<\/h2>\n<ol>\n<li><strong>Prova Objetiva<\/strong>.<\/li>\n<li><strong>Prova Pr\u00e1tica,<\/strong> para o cargo de Desenhista T\u00e9cnico Predial.<\/li>\n<li><strong>Prova discursiva,<\/strong> para procurador.<\/li>\n<li><strong>An\u00e1lise de t\u00edtulos,<\/strong> para os cargos de n\u00edvel superior.<\/li>\n<\/ol>\n<p>O Cart\u00e3o de Convoca\u00e7\u00e3o de Etapa (CCE) para as provas, contendo o local, a sala e o hor\u00e1rio de realiza\u00e7\u00e3o estar\u00e3o dispon\u00edveis no site do Instituto Selecon &#8211; www.selecon.org.br, a partir de <strong>09 de outubro de 2023<\/strong>.<\/p>\n<h2>Resultado<\/h2>\n<p>O Resultado Final deste Concurso P\u00fablico ser\u00e1 publicado Di\u00e1rio Oficial do Munic\u00edpio de Primavera do Leste &#8211; DIOPRIMA, e nos sites www.primaveradoleste.mt.gov.br e www.selecon.org.br, em <strong>05 de janeiro de 2024<\/strong>.<\/p>\n","protected":false},"excerpt":{"rendered":"<p>Divulga-se a abertura das inscri\u00e7\u00f5es ao Concurso P\u00fablico de Primavera do Leste &#8211; MT, destinado ao preenchimento efetivo de mais de 150 vagas.<\/p>\n","protected":false},"author":7,"featured_media":227916,"comment_status":"open","ping_status":"open","sticky":false,"template":"","format":"standard","meta":{"_acf_changed":false,"_breakdance_hide_in_design_set":false,"_breakdance_tags":"","footnotes":""},"categories":[3,4,5,94,6,6433,106,126,9,10,141,11,6434,12,13,14,151,103,16,17,18,19,111,100,20,116,21,22,23,24,25,26,101,29,31,128,108,130,161,143,157],"tags":[47],"_amplo":[6427,6428],"destaque":[],"instituicoes":[1542],"class_list":["post-227912","post","type-post","status-publish","format-standard","has-post-thumbnail","hentry","category-administracao","category-agronomia","category-arquitetura","category-biblioteconomia","category-biologia","category-biologia-licenciatura","category-bioquimica","category-ciencia-computacao","category-ciencias-contabeis","category-direito","category-educacao-artistica","category-educacao-fisica","category-educacao-fisica-licenciatura","category-enfermagem","category-engenharia-ambiental","category-engenharia","category-engenharia-computacao","category-engenharia-eletrica","category-engenharia-sanitaria","category-farmacia","category-fisioterapia","category-fonoaudiologia","category-geografia","category-historia","category-letras","category-matematica","category-medicina","category-veterinaria","category-nutricao","category-odontologia","category-pedagogia","category-psicologia","category-servico-social","category-tecnico-agricola","category-tecnico-ambiental","category-tecnico-em-contabilidade","category-tecnico-enfermagem","category-tecnico-informatica","category-tecnico-laboratorio","category-tecnico-odontologia","category-tecnico-seguranca-trabalho","tag-mato-grosso","_amplo-nivel-medio","_amplo-nivel-superior","instituicoes-prefeitura-municipal-de-primavera-do-leste-mt"],"acf":{"_tipo_vagas":"vagas","_numero_vagas":153,"_quadro_vagas":227918,"_cargos":"diversos","_cargos_especificos":"","_salario_max":"R$ 14.272,51","_abertura":"20230815","_encerramento":"20230917","_inscricoes":"https:\/\/selecon.selecao.net.br\/informacoes\/19\/","_executora_concurso":80233,"_instituicao_concurso":[1542],"_link_adicional":null,"_anexos":[{"_arquivo_anexo":227914,"_titulo_anexo":"Edital 001\/2023"}],"_produtos":[{"imagem_produto":228367,"_titulo_produto":"Apostila Professor Pedagogo","url_produto":"https:\/\/www.apostilasopcao.com.br\/apostila\/prefeitura-primavera-leste-mt-professor-pedagogo?afiliado=9896"},{"imagem_produto":228366,"_titulo_produto":"Apostila Fiscal de Posturas","url_produto":"https:\/\/www.apostilasopcao.com.br\/apostila\/prefeitura-primavera-leste-mt-fiscal-obras-posturas?afiliado=9896"},{"imagem_produto":228365,"_titulo_produto":"Apostila Agente Administrativo","url_produto":"https:\/\/www.apostilasopcao.com.br\/apostila\/prefeitura-primavera-leste-mt-agente-adm?afiliado=9896"}],"_vagas":"","_salario_min":"","_instituicao":"","_edital":"","_anexos_edital":"","_fund_incompleto":"","_fund_completo":"","_medio":"","_superior":""},"_links":{"self":[{"href":"https:\/\/www.agrobase.com.br\/concursos\/wp-json\/wp\/v2\/posts\/227912","targetHints":{"allow":["GET"]}}],"collection":[{"href":"https:\/\/www.agrobase.com.br\/concursos\/wp-json\/wp\/v2\/posts"}],"about":[{"href":"https:\/\/www.agrobase.com.br\/concursos\/wp-json\/wp\/v2\/types\/post"}],"author":[{"embeddable":true,"href":"https:\/\/www.agrobase.com.br\/concursos\/wp-json\/wp\/v2\/users\/7"}],"replies":[{"embeddable":true,"href":"https:\/\/www.agrobase.com.br\/concursos\/wp-json\/wp\/v2\/comments?post=227912"}],"version-history":[{"count":0,"href":"https:\/\/www.agrobase.com.br\/concursos\/wp-json\/wp\/v2\/posts\/227912\/revisions"}],"acf:term":[{"embeddable":true,"taxonomy":"instituicoes","href":"https:\/\/www.agrobase.com.br\/concursos\/wp-json\/wp\/v2\/instituicoes\/1542"}],"acf:post":[{"embeddable":true,"href":"https:\/\/www.agrobase.com.br\/concursos\/wp-json\/wp\/v2\/executora\/80233"}],"wp:featuredmedia":[{"embeddable":true,"href":"https:\/\/www.agrobase.com.br\/concursos\/wp-json\/wp\/v2\/media\/227916"}],"wp:attachment":[{"href":"https:\/\/www.agrobase.com.br\/concursos\/wp-json\/wp\/v2\/media?parent=227912"}],"wp:term":[{"taxonomy":"category","embeddable":true,"href":"https:\/\/www.agrobase.com.br\/concursos\/wp-json\/wp\/v2\/categories?post=227912"},{"taxonomy":"post_tag","embeddable":true,"href":"https:\/\/www.agrobase.com.br\/concursos\/wp-json\/wp\/v2\/tags?post=227912"},{"taxonomy":"_amplo","embeddable":true,"href":"https:\/\/www.agrobase.com.br\/concursos\/wp-json\/wp\/v2\/_amplo?post=227912"},{"taxonomy":"destaque","embeddable":true,"href":"https:\/\/www.agrobase.com.br\/concursos\/wp-json\/wp\/v2\/destaque?post=227912"},{"taxonomy":"instituicoes","embeddable":true,"href":"https:\/\/www.agrobase.com.br\/concursos\/wp-json\/wp\/v2\/instituicoes?post=227912"}],"curies":[{"name":"wp","href":"https:\/\/api.w.org\/{rel}","templated":true}]}}