{"id":227370,"date":"2023-08-08T08:10:38","date_gmt":"2023-08-08T11:10:38","guid":{"rendered":"https:\/\/www.agrobase.com.br\/concursos\/?p=227370"},"modified":"2023-08-07T16:36:12","modified_gmt":"2023-08-07T19:36:12","slug":"processo-seletivo-da-ses-mt-edital-004-2023","status":"publish","type":"post","link":"https:\/\/www.agrobase.com.br\/concursos\/2023\/processo-seletivo-da-ses-mt-edital-004-2023\/","title":{"rendered":"Processo Seletivo da SES &#8211; MT | Edital 004\/2023"},"content":{"rendered":"<p>A Secretaria de Estado de Sa\u00fade de Mato Grosso (SES &#8211; MT) abre inscri\u00e7\u00f5es de um Processo Seletivo para forma\u00e7\u00e3o de cadastro reserva de profissionais para atender a demanda das Unidades Especializadas, Regionalizadas e de N\u00edvel Central.<\/p>\n<p>Confira os perfis profissionais:<\/p>\n<p>N\u00edvel Superior Assistencial: M\u00e9dico, M\u00e9dico Auditor, M\u00e9dico do Trabalho, Enfermeiro, Fisioterapeuta, Psic\u00f3logo, Farmac\u00eautico, Nutricionista, Assistente Social, Fonoaudi\u00f3logo, Enfermeiro Auditor, Biom\u00e9dico, Terapeuta Ocupacional;<br \/>\nN\u00edvel T\u00e9cnico Assistencial: T\u00e9cnico em Enfermagem, T\u00e9cnico de Laborat\u00f3rio, T\u00e9cnico de Patologia;<br \/>\nN\u00edvel Superior Administrativo: Administrador, Contador, Engenheiro do Trabalho, Engenheiro, Arquiteto, Analista Administrativo, Analista de TI &#8211; Suporte de Rede, Analista de TI &#8211; Sistema Operacional, Secret\u00e1ria Executiva;<br \/>\nN\u00edvel M\u00e9dio Administrativo: Assistente Administrativo, T\u00e9cnico de Seguran\u00e7a do Trabalho, T\u00e9cnico de Inform\u00e1tica, Condutor de Ambul\u00e2ncia, Auxiliar de Farm\u00e1cia, Secret\u00e1ria;<br \/>\nN\u00edvel Fundamental Administrativo: Maqueiro, Recepcionista.<\/p>\n<p>Quando contratados, os profissionais dever\u00e3o desempenhar atividades em Unidades Especializadas: Hemocentro de Mato Grosso, Superintend\u00eancia de Assist\u00eancia Farmac\u00eautica (Saf), Centro Estadual de Refer\u00eancia de M\u00e9dia e Alta Complexidades de Mato Grosso (Cermac), Centro de Reabilita\u00e7\u00e3o Integral Dom Aquino Corr\u00eaa do Sistema \u00danico de Sa\u00fade (Cridac), Centro Estadual de Odontologia para Pacientes Especiais (Ceope) e Centro Integrado de Aten\u00e7\u00e3o Psicossocial Adauto Botelho (Ciaps); em Unidades Regionalizadas: \u00c1gua Boa, Alta Floresta, Baixada Cuiabana, Barra do Gar\u00e7as, C\u00e1ceres, Col\u00edder, Diamantino, Juara, Ju\u00edna, Peixoto de Azevedo, Pontes e Lacerda, Porto Alegre do Norte, Rondon\u00f3polis, S\u00e3o F\u00e9lix do Araguaia, Sinop e Tangar\u00e1 da Serra;, em Unidades Desconcentradas: Laborat\u00f3rio Central de Sa\u00fade P\u00fablica do Estado de Mato Grosso (Lacen &#8211; MT), Servi\u00e7o de Atendimento M\u00f3vel de Urg\u00eancia (Samu), Servi\u00e7o de Verifica\u00e7\u00e3o de \u00d3bitos (Svo) e Complexo Regulador e em N\u00edvel Central.<\/p>\n<p>A carga hor\u00e1ria semanal ser\u00e1 de 20 a 40 horas e far\u00e3o jus \u00e0 remunera\u00e7\u00e3o mensal que alterna de R$ 1.740,46 a R$ 9.371,70.<\/p>\n<p>De forma gratuita, os interessados em participar devem efetuar as inscri\u00e7\u00f5es a partir do dia 03 ao dia 17 de agosto de 2023, exclusivamente, por meio do endere\u00e7o eletr\u00f4nico da Seplag, mediante anexo e envio de toda documenta\u00e7\u00e3o especificada no edital em formato PDF.<\/p>\n<p>A classifica\u00e7\u00e3o dos participantes inscritos ser\u00e1 caracterizada em avalia\u00e7\u00e3o de t\u00edtulos e experi\u00eancia profissional, de car\u00e1ter eliminat\u00f3rio e classificat\u00f3rio, prevista para ocorrer no per\u00edodo de 21 de agosto de 2023 a 01 de setembro de 2023.<\/p>\n","protected":false},"excerpt":{"rendered":"<p>A Secretaria de Estado de Sa\u00fade de Mato Grosso (SES &#8211; MT) abre inscri\u00e7\u00f5es de um Processo Seletivo para forma\u00e7\u00e3o de cadastro reserva de profissionais para atender a demanda das Unidades Especializadas, Regionalizadas e de N\u00edvel Central.<\/p>\n","protected":false},"author":7,"featured_media":227374,"comment_status":"open","ping_status":"open","sticky":false,"template":"","format":"standard","meta":{"_acf_changed":false,"_breakdance_hide_in_design_set":false,"_breakdance_tags":"","footnotes":""},"categories":[3,5,7,9,12,14,17,18,19,21,23,26,101,108,130,161,157,134],"tags":[47],"_amplo":[6427],"destaque":[],"instituicoes":[5334],"class_list":["post-227370","post","type-post","status-publish","format-standard","has-post-thumbnail","hentry","category-administracao","category-arquitetura","category-biomedicina","category-ciencias-contabeis","category-enfermagem","category-engenharia","category-farmacia","category-fisioterapia","category-fonoaudiologia","category-medicina","category-nutricao","category-psicologia","category-servico-social","category-tecnico-enfermagem","category-tecnico-informatica","category-tecnico-laboratorio","category-tecnico-seguranca-trabalho","category-terapia-ocupacional","tag-mato-grosso","_amplo-nivel-medio","instituicoes-secretaria-de-estado-de-saude-ses-mt"],"acf":{"_tipo_vagas":"cadastro de reserva","_numero_vagas":"","_quadro_vagas":"","_cargos":"diversos","_cargos_especificos":"","_salario_max":"R$ 9.371,70","_abertura":"20230803","_encerramento":"20230817","_inscricoes":"http:\/\/seplag.mt.gov.br\/processo-seletivo\/SES\/004\/","_executora_concurso":"","_instituicao_concurso":[5334],"_link_adicional":null,"_anexos":[{"_arquivo_anexo":227372,"_titulo_anexo":"Edital 004\/2023"}],"_produtos":null,"_vagas":"","_salario_min":"","_instituicao":"","_edital":"","_anexos_edital":"","_fund_incompleto":"","_fund_completo":"","_medio":"","_superior":""},"_links":{"self":[{"href":"https:\/\/www.agrobase.com.br\/concursos\/wp-json\/wp\/v2\/posts\/227370","targetHints":{"allow":["GET"]}}],"collection":[{"href":"https:\/\/www.agrobase.com.br\/concursos\/wp-json\/wp\/v2\/posts"}],"about":[{"href":"https:\/\/www.agrobase.com.br\/concursos\/wp-json\/wp\/v2\/types\/post"}],"author":[{"embeddable":true,"href":"https:\/\/www.agrobase.com.br\/concursos\/wp-json\/wp\/v2\/users\/7"}],"replies":[{"embeddable":true,"href":"https:\/\/www.agrobase.com.br\/concursos\/wp-json\/wp\/v2\/comments?post=227370"}],"version-history":[{"count":0,"href":"https:\/\/www.agrobase.com.br\/concursos\/wp-json\/wp\/v2\/posts\/227370\/revisions"}],"acf:term":[{"embeddable":true,"taxonomy":"instituicoes","href":"https:\/\/www.agrobase.com.br\/concursos\/wp-json\/wp\/v2\/instituicoes\/5334"}],"wp:featuredmedia":[{"embeddable":true,"href":"https:\/\/www.agrobase.com.br\/concursos\/wp-json\/wp\/v2\/media\/227374"}],"wp:attachment":[{"href":"https:\/\/www.agrobase.com.br\/concursos\/wp-json\/wp\/v2\/media?parent=227370"}],"wp:term":[{"taxonomy":"category","embeddable":true,"href":"https:\/\/www.agrobase.com.br\/concursos\/wp-json\/wp\/v2\/categories?post=227370"},{"taxonomy":"post_tag","embeddable":true,"href":"https:\/\/www.agrobase.com.br\/concursos\/wp-json\/wp\/v2\/tags?post=227370"},{"taxonomy":"_amplo","embeddable":true,"href":"https:\/\/www.agrobase.com.br\/concursos\/wp-json\/wp\/v2\/_amplo?post=227370"},{"taxonomy":"destaque","embeddable":true,"href":"https:\/\/www.agrobase.com.br\/concursos\/wp-json\/wp\/v2\/destaque?post=227370"},{"taxonomy":"instituicoes","embeddable":true,"href":"https:\/\/www.agrobase.com.br\/concursos\/wp-json\/wp\/v2\/instituicoes?post=227370"}],"curies":[{"name":"wp","href":"https:\/\/api.w.org\/{rel}","templated":true}]}}