{"id":227162,"date":"2023-08-04T07:30:08","date_gmt":"2023-08-04T10:30:08","guid":{"rendered":"https:\/\/www.agrobase.com.br\/concursos\/?p=227162"},"modified":"2023-08-03T12:48:30","modified_gmt":"2023-08-03T15:48:30","slug":"concurso-publico-da-ufv-mg-edital-059-2023","status":"publish","type":"post","link":"https:\/\/www.agrobase.com.br\/concursos\/2023\/concurso-publico-da-ufv-mg-edital-059-2023\/","title":{"rendered":"Concurso P\u00fablico da UFV &#8211; MG | Edital 059\/2023"},"content":{"rendered":"<p>No estado de Minas Gerais, a Universidade Federal de Vi\u00e7osa (UFV) anunciou um novo Concurso P\u00fablico, que tem como objetivo preencher uma vaga de Professor Adjunto A, no Centro de Ci\u00eancias Agr\u00e1rias.<\/p>\n<p>Segundo o edital, a oportunidade \u00e9 junto ao Departamento de Agronomia, na \u00e1rea de Biologia e Manejo Integrado de Plantas Daninhas, com a seguinte titula\u00e7\u00e3o: <a href=\"https:\/\/www.agrobase.com.br\/concursos\/vagas\/agronomia\/\" target=\"_blank\" rel=\"noopener\">Engenheiro Agr\u00f4nomo<\/a>, Doutorado em Fitotecnia ou \u00e1reas afins.<\/p>\n<p>Quando contratado, o profissional dever\u00e1 atuar em regime de trabalho de dedica\u00e7\u00e3o exclusiva, referente remunera\u00e7\u00e3o mensal no valor de R$ 4.875,18, al\u00e9m de retribui\u00e7\u00e3o por titula\u00e7\u00e3o de R$ 5.606,46.<\/p>\n<p>Os interessados podem se inscrever, exclusivamente, pela internet, no per\u00edodo de 01 de agosto de 2023 a 15 de setembro de 2023, no site da UFV. A taxa de inscri\u00e7\u00e3o cobrada ser\u00e1 de R$ 120,75.<\/p>\n<p>A Prova de Conhecimento ser\u00e1 aferida por meio de prova escrita, de car\u00e1ter eliminat\u00f3rio e classificat\u00f3rio, a ser aplicada no dia 27 de novembro de 2023, \u00e0s 08:30h (oito horas e trinta minutos), no Departamento de Agronomia. A Prova de Did\u00e1tica, a ser aplicada na data prov\u00e1vel de 29 de novembro de 2023. A Prova de Defesa de Projeto em Ensino, Pesquisa e Extens\u00e3o, a ser aplicada na data prov\u00e1vel de 30 de novembro de 2023. E Prova de T\u00edtulos.<\/p>\n","protected":false},"excerpt":{"rendered":"<p>No estado de Minas Gerais, a Universidade Federal de Vi\u00e7osa (UFV) anunciou um novo Concurso P\u00fablico, que tem como objetivo preencher uma vaga de Professor Adjunto A, no Centro de Ci\u00eancias Agr\u00e1rias.<\/p>\n","protected":false},"author":7,"featured_media":227166,"comment_status":"open","ping_status":"open","sticky":false,"template":"","format":"standard","meta":{"_acf_changed":false,"_breakdance_hide_in_design_set":false,"_breakdance_tags":"","footnotes":""},"categories":[4],"tags":[50],"_amplo":[],"destaque":[],"instituicoes":[301],"class_list":["post-227162","post","type-post","status-publish","format-standard","has-post-thumbnail","hentry","category-agronomia","tag-minas-gerais","instituicoes-universidade-federal-de-vicosa-ufv"],"acf":{"_tipo_vagas":"vagas","_numero_vagas":1,"_quadro_vagas":"","_cargos":"professores","_cargos_especificos":"","_salario_max":"R$ 5.606,46","_abertura":"20230801","_encerramento":"20230915","_inscricoes":"https:\/\/www2.gps.ufv.br\/gps-web\/editais\/627\/","_executora_concurso":"","_instituicao_concurso":[301],"_link_adicional":null,"_anexos":[{"_arquivo_anexo":227164,"_titulo_anexo":"Edital 059\/2023"}],"_produtos":null,"_vagas":"","_salario_min":"","_instituicao":"","_edital":"","_anexos_edital":"","_fund_incompleto":"","_fund_completo":"","_medio":"","_superior":""},"_links":{"self":[{"href":"https:\/\/www.agrobase.com.br\/concursos\/wp-json\/wp\/v2\/posts\/227162","targetHints":{"allow":["GET"]}}],"collection":[{"href":"https:\/\/www.agrobase.com.br\/concursos\/wp-json\/wp\/v2\/posts"}],"about":[{"href":"https:\/\/www.agrobase.com.br\/concursos\/wp-json\/wp\/v2\/types\/post"}],"author":[{"embeddable":true,"href":"https:\/\/www.agrobase.com.br\/concursos\/wp-json\/wp\/v2\/users\/7"}],"replies":[{"embeddable":true,"href":"https:\/\/www.agrobase.com.br\/concursos\/wp-json\/wp\/v2\/comments?post=227162"}],"version-history":[{"count":0,"href":"https:\/\/www.agrobase.com.br\/concursos\/wp-json\/wp\/v2\/posts\/227162\/revisions"}],"acf:term":[{"embeddable":true,"taxonomy":"instituicoes","href":"https:\/\/www.agrobase.com.br\/concursos\/wp-json\/wp\/v2\/instituicoes\/301"}],"wp:featuredmedia":[{"embeddable":true,"href":"https:\/\/www.agrobase.com.br\/concursos\/wp-json\/wp\/v2\/media\/227166"}],"wp:attachment":[{"href":"https:\/\/www.agrobase.com.br\/concursos\/wp-json\/wp\/v2\/media?parent=227162"}],"wp:term":[{"taxonomy":"category","embeddable":true,"href":"https:\/\/www.agrobase.com.br\/concursos\/wp-json\/wp\/v2\/categories?post=227162"},{"taxonomy":"post_tag","embeddable":true,"href":"https:\/\/www.agrobase.com.br\/concursos\/wp-json\/wp\/v2\/tags?post=227162"},{"taxonomy":"_amplo","embeddable":true,"href":"https:\/\/www.agrobase.com.br\/concursos\/wp-json\/wp\/v2\/_amplo?post=227162"},{"taxonomy":"destaque","embeddable":true,"href":"https:\/\/www.agrobase.com.br\/concursos\/wp-json\/wp\/v2\/destaque?post=227162"},{"taxonomy":"instituicoes","embeddable":true,"href":"https:\/\/www.agrobase.com.br\/concursos\/wp-json\/wp\/v2\/instituicoes?post=227162"}],"curies":[{"name":"wp","href":"https:\/\/api.w.org\/{rel}","templated":true}]}}