{"id":226544,"date":"2023-07-26T09:00:14","date_gmt":"2023-07-26T12:00:14","guid":{"rendered":"https:\/\/www.agrobase.com.br\/concursos\/?p=226544"},"modified":"2023-12-05T08:13:49","modified_gmt":"2023-12-05T11:13:49","slug":"concurso-publico-da-ufsc-edital-036-2023","status":"publish","type":"post","link":"https:\/\/www.agrobase.com.br\/concursos\/2023\/concurso-publico-da-ufsc-edital-036-2023\/","title":{"rendered":"Concurso P\u00fablico da UFSC | Edital 036\/2023"},"content":{"rendered":"<p>Divulgado novo edital de Concurso P\u00fablico da <a title=\"Universidade Federal de Santa Catarina\" href=\"https:\/\/www.ufsc.br\/\" target=\"_blank\" rel=\"noopener\">UFSC<\/a>, que preencher\u00e1 por meio dessa sele\u00e7\u00e3o mais de 50 vagas de professores.<\/p>\n<h2>Cargos e Vagas<\/h2>\n<p>As <strong>53 vagas<\/strong> s\u00e3o divididas entre os Campi de Ararangu\u00e1, Curitibanos, Joinville e Florian\u00f3polis, no cargo de professores do magist\u00e9rio superior, nas seguintes \u00e1reas e Campi, Centro ou Departamento de atua\u00e7\u00e3o:<\/p>\n<p><strong>Campus Ararangu\u00e1 &#8211; Centro de Ci\u00eancias, Tecnologias e Sa\u00fade &#8211; Coordenadoria Especial Interdisciplinar de Tecnologias da Informa\u00e7\u00e3o e Comunica\u00e7\u00e3o:<\/strong> Engenharia\/Tecnologia\/Gest\u00e3o (1);<br \/>\n<strong>Campus Ararangu\u00e1 &#8211; Departamento de Ci\u00eancias da Sa\u00fade:<\/strong> Cardiologia\/Reumatologia\/Infectologia\/Endocrinologia e Metabologia\/Geriatria\/Oncologia Cl\u00ednica\/Ensino tutorial\/Comunidades\/Integra\u00e7\u00e3o Ensino-Servi\u00e7o\/Habilidades M\u00e9dicas\/Simula\u00e7\u00e3o\/Fundamentos do SUS (4); Fisioterapia e Terapia ocupacional\/Fisioterapia Cardiovascular\/Fisioterapia Respirat\u00f3ria\/Fisiologia de \u00d3rg\u00e3os e Sistemas\/Morfologia (1); Ginecologia e Obstetr\u00edcia\/Ensino tutorial\/Comunidades\/Integra\u00e7\u00e3o Ensino-Servi\u00e7o\/Habilidades M\u00e9dicas\/Simula\u00e7\u00e3o\/Fundamentos do SUS (2); Medicina da Fam\u00edlia e Comunidade\/Ensino tutorial\/Comunidades\/Integra\u00e7\u00e3o Ensino-Servi\u00e7o\/Habilidades M\u00e9dicas\/Simula\u00e7\u00e3o\/Fundamentos do SUS (4); Morfologia\/Anatomia Humana\/Citologia e Biologia Celular\/Embriologia\/Histologia\/Fisiologia de \u00d3rg\u00e3o e sistemas\/Anatomia Patol\u00f3gica e Patologia Cl\u00ednica (1); Sa\u00fade Coletiva\/Sa\u00fade P\u00fablica\/Medicina Preventiva\/Ensino Tutorial\/Comunidades\/Integrac\u0327\u00e3o Ensino-Servic\u0327o\/Fundamentos do SUS (1);<br \/>\n<strong>Campus Ararangu\u00e1 &#8211; Departamento de Computa\u00e7\u00e3o:<\/strong> Hardware (1);<br \/>\n<strong>Campus Ararangu\u00e1 &#8211; Departamento de Energia e Sustentabilidade:<\/strong> Engenharia Sanit\u00e1ria (1);<br \/>\n<strong>Campus de Curitibanos &#8211; Centro de Ci\u00eancias Rurais\/Coordenaria Especial de Bioci\u00eancias e Sa\u00fade \u00danica:<\/strong> Cl\u00ednica M\u00e9dica\/Educa\u00e7\u00e3o na Comunidade\/Semiologia\/Ensino Tutorial\/Habilidades M\u00e9dicas\/Fundamentos do SUS (1); Medicina de Fam\u00edlia e Comunidade\/Educa\u00e7\u00e3o na Comunidade\/Integra\u00e7\u00e3o Ensino Servi\u00e7o\/Semiologia\/Ensino Tutorial\/Habilidades M\u00e9dicas (2); Medicina Veterin\u00e1ria\/Cl\u00ednica e Cirurgia Animal\/Cl\u00ednica Cir\u00fargica Animal &#8211; Grandes Animais (1); Pediatria\/Semiologia\/Ensino Tutorial\/Habilidades M\u00e9dicas\/Fundamentos do SUS (1);<br \/>\n<strong>Campus de Curitibanos &#8211; Departamento de Ci\u00eancias Naturais e Sociais:<\/strong> Probabilidade e Estat\u00edstica Aplicadas\/Experimenta\u00e7\u00e3o Agropecu\u00e1ria e em Engenharia Florestal (1);<br \/>\n<strong>Campus de Joinville &#8211; Centro Tecnol\u00f3gico de Joinville\/Departamento de Engenharias da Mobilidade:<\/strong> Arquitetura de Sistemas de Computa\u00e7\u00e3o Processo (1); Usinagem (1);<br \/>\n<strong>Campus Universit\u00e1rio Reitor Jo\u00e3o David Ferreira Lima &#8211; Florian\u00f3polis &#8211; Centro de Ci\u00eancias Biol\u00f3gicas\/Departamento de Biologia Celular, Embriologia e Gen\u00e9tica:<\/strong> Gen\u00e9tica Humana e M\u00e9dica (1);<br \/>\n<strong>Campus Universit\u00e1rio Reitor Jo\u00e3o David Ferreira Lima &#8211; Florian\u00f3polis &#8211; Centro Tecnol\u00f3gico de Joinville\/Departamento de Ci\u00eancias Fisiol\u00f3gicas:<\/strong> Neurofisiologia (1);<br \/>\n<strong>Campus Universit\u00e1rio Reitor Jo\u00e3o David Ferreira Lima &#8211; Florian\u00f3polis &#8211; Centro Tecnol\u00f3gico de Joinville\/Departamento de Microbiologia, Imunologia e Parasitologia:<\/strong> Imunologia Humana\/Imunometabolismo (1);<br \/>\n<strong>Campus Universit\u00e1rio Reitor Jo\u00e3o David Ferreira Lima &#8211; Florian\u00f3polis &#8211; Centro de Ci\u00eancias da Educa\u00e7\u00e3o\/Departamento de Educa\u00e7\u00e3o do Campo:<\/strong> Ensino\/Ensino de Ci\u00eancias e Biologia\/Educa\u00e7\u00e3o do Campo (1);<br \/>\n<strong>Campus Universit\u00e1rio Reitor Jo\u00e3o David Ferreira Lima &#8211; Florian\u00f3polis &#8211; Centro de Ci\u00eancias da Educa\u00e7\u00e3o\/Departamento de Metodologia de Ensino:<\/strong> Artes\/Educa\u00e7\u00e3o\/Educa\u00e7\u00e3o e Inf\u00e2ncia (1); Educa\u00e7\u00e3o\/Ensino &#8211; Aprendizagem\/Educa\u00e7\u00e3o e Inf\u00e2ncia: Anos Iniciais do Ensino Fundamental (1);<br \/>\n<strong>Campus Universit\u00e1rio Reitor Jo\u00e3o David Ferreira Lima &#8211; Florian\u00f3polis &#8211; Centro de Ci\u00eancias da Sa\u00fade\/Departamento de Ci\u00eancias Farmac\u00eauticas:<\/strong> Farm\u00e1cia\/Qu\u00edmica Farmac\u00eautica Medicinal (1);<br \/>\n<strong>Campus Universit\u00e1rio Reitor Jo\u00e3o David Ferreira Lima &#8211; Florian\u00f3polis &#8211; Centro de Ci\u00eancias da Sa\u00fade\/Departamento de Cl\u00ednica M\u00e9dica:<\/strong> Medicina Intensiva\/Medicina de Emerg\u00eancia (1);<br \/>\n<strong>Campus Universit\u00e1rio Reitor Jo\u00e3o David Ferreira Lima &#8211; Florian\u00f3polis &#8211; Centro de Ci\u00eancias da Sa\u00fade\/Departamento de Fonoaudiologia:<\/strong> Fonoaudiologia\/Disfagia (1);<br \/>\n<strong>Campus Universit\u00e1rio Reitor Jo\u00e3o David Ferreira Lima &#8211; Florian\u00f3polis &#8211; &#8211; Centro de Ci\u00eancias da Sa\u00fade\/Departamento de Ginecologia e Obstetr\u00edcia:<\/strong> Ginecologia e Obstetr\u00edcia (2);<br \/>\n<strong>Campus Universit\u00e1rio Reitor Jo\u00e3o David Ferreira Lima &#8211; Florian\u00f3polis &#8211; Centro de Ci\u00eancias da Sa\u00fade\/Departamento de Odontologia:<\/strong> Odontologia\/Cirurgia Bucomaxilofacial (1);<br \/>\n<strong>Campus Universit\u00e1rio Reitor Jo\u00e3o David Ferreira Lima &#8211; Florian\u00f3polis &#8211; Centro de Ci\u00eancias da Sa\u00fade\/Departamento de Patologia:<\/strong> Medicina\/Anatomia Patol\u00f3gica e Patologia Cl\u00ednica (1);<br \/>\n<strong>Campus Universit\u00e1rio Reitor Jo\u00e3o David Ferreira Lima &#8211; Florian\u00f3polis &#8211; Centro de Ci\u00eancias Jur\u00eddicas\/Departamento de Direito:<\/strong> Direito Constitucional\/Direito Administrativo (1); Direito Penal\/Direito Processual Penal (1); Direitos Especiais &#8211; Pr\u00e1tica Jur\u00eddica Civil e Meios Consensuais de Solu\u00e7\u00e3o de Conflitos (1);<br \/>\n<strong>Campus Universit\u00e1rio Reitor Jo\u00e3o David Ferreira Lima &#8211; Florian\u00f3polis &#8211; Centro de Ci\u00eancias F\u00edsicas e Matem\u00e1ticas\/Departamento de Qu\u00edmica:<\/strong> F\u00edsico-Qu\u00edmica\/Espectroscopia (1); Qu\u00edmica Anal\u00edtica (1);<br \/>\n<strong>Campus Universit\u00e1rio Reitor Jo\u00e3o David Ferreira Lima &#8211; Florian\u00f3polis &#8211; Centro de Filosofia e Ci\u00eancias Humanas\/Departamento de Psicologia:<\/strong> Psicologia do Desenvolvimento Humano (1);<br \/>\n<strong>Campus Universit\u00e1rio Reitor Jo\u00e3o David Ferreira Lima &#8211; Florian\u00f3polis &#8211; Centro Socioecon\u00f4mico\/Departamento de Ci\u00eancias Cont\u00e1beis:<\/strong> Ci\u00eancias Cont\u00e1beis\/Contabilidade e Ci\u00eancias de Dados (1);<br \/>\n<strong>Campus Universit\u00e1rio Reitor Jo\u00e3o David Ferreira Lima &#8211; Florian\u00f3polis &#8211; Centro Socioecon\u00f4mico\/Departamento de Servi\u00e7o Social:<\/strong> Fundamentos do Servi\u00e7o Social (1);<br \/>\n<strong>Campus Universit\u00e1rio Reitor Jo\u00e3o David Ferreira Lima &#8211; Florian\u00f3polis &#8211; Centro Tecnol\u00f3gico\/Departamento de Arquitetura e Urbanismo:<\/strong> Arquitetura e Urbanismo\/Projeto\/Arquitetura das Edifica\u00e7\u00f5es\/Sistemas Construtivos e Estruturais (1);<br \/>\n<strong>Campus Universit\u00e1rio Reitor Jo\u00e3o David Ferreira Lima &#8211; Florian\u00f3polis &#8211; Centro Tecnol\u00f3gico\/Departamento de Automa\u00e7\u00e3o e Sistemas:<\/strong> Sistemas embarcados para a Ind\u00fastria 4.0 e Internet das Coisas Industriais (1);<br \/>\n<strong>Campus Universit\u00e1rio Reitor Jo\u00e3o David Ferreira Lima &#8211; Florian\u00f3polis &#8211; Centro Tecnol\u00f3gico\/ Departamento de Engenharia de Produ\u00e7\u00e3o e Sistemas:<\/strong> Engenharia de Produ\u00e7\u00e3o\/Engenharia Econ\u00f4mica (1); Engenharia de Produ\u00e7\u00e3o\/Pesquisa Operacional\/Estat\u00edstica (2);<br \/>\n<strong>Campus Universit\u00e1rio Reitor Jo\u00e3o David Ferreira Lima &#8211; Florian\u00f3polis &#8211; Centro Tecnol\u00f3gico\/Departamento de Engenharia Mec\u00e2nica:<\/strong> Engenharia T\u00e9rmica\/Energia Solar (1); Metrologia de Grandezas Mec\u00e2nicas (1);<br \/>\n<strong>Campus Universit\u00e1rio Reitor Jo\u00e3o David Ferreira Lima &#8211; Florian\u00f3polis &#8211; Centro Tecnol\u00f3gico\/Departamento de Inform\u00e1tica e Estat\u00edstica:<\/strong> Machine Learning &#8211; Aprendizado de M\u00e1quina (1);<\/p>\n<h2>Remunera\u00e7\u00e3o<\/h2>\n<p>Os sal\u00e1rios s\u00e3o conforme o cargo ocupado, ficando entre os valores de <strong>R$ 2.681,35<\/strong> a <strong>R$ 10.481,64<\/strong>, considerando atua\u00e7\u00f5es semanais de <strong>20h<\/strong> a <strong>40 horas<\/strong>, em regime de dedica\u00e7\u00e3o exclusiva.<\/p>\n<h2>Inscri\u00e7\u00f5es<\/h2>\n<p>Para concorrer \u00e9 necess\u00e1rio preencher inscri\u00e7\u00e3o das 14h de <strong>02 de agosto de 2023<\/strong> at\u00e9 o dia <strong>04 de setembro de 2023<\/strong>, no endere\u00e7o eletr\u00f4nico da Universidade &#8211; link ao lado.<\/p>\n<p>S\u00e3o cobradas taxas de inscri\u00e7\u00e3o de <strong>R$ 100,86 (cem reais e oitenta e seis centavos)<\/strong> a <strong>R$ 422,38 (quatrocentos e vinte e dois reais e trinta e oito centavos)<\/strong>.<\/p>\n<h2>Provas<\/h2>\n<ol>\n<li><strong>Prova Escrita.<\/strong><\/li>\n<li><strong>Avalia\u00e7\u00e3o Did\u00e1tica.<\/strong><\/li>\n<li><strong>Projeto de atividades acad\u00eamicas.<\/strong><\/li>\n<li><strong>Prova de T\u00edtulos.<\/strong><\/li>\n<\/ol>\n<p>O DDP publicar\u00e1 no site http:\/\/036ddp2023.concursos.ufsc.br\/, na op\u00e7\u00e3o do menu \u201cCronogramas de Provas\u201d, edital complementar com o cronograma de provas para cada campo de conhecimento, contendo as informa\u00e7\u00f5es referentes aos locais, dias e hor\u00e1rios de realiza\u00e7\u00e3o de todas as atividades.<\/p>\n<h2>Resultados<\/h2>\n<p>A publica\u00e7\u00e3o do resultado final do concurso p\u00fablico ser\u00e1 feita no Di\u00e1rio Oficial da Uni\u00e3o.<\/p>\n","protected":false},"excerpt":{"rendered":"<p>Divulgado novo edital de Concurso P\u00fablico da UFSC, que preencher\u00e1 por meio dessa sele\u00e7\u00e3o mais de 50 vagas de professores.<\/p>\n","protected":false},"author":7,"featured_media":226549,"comment_status":"open","ping_status":"open","sticky":false,"template":"","format":"standard","meta":{"_acf_changed":false,"_breakdance_hide_in_design_set":false,"_breakdance_tags":"","footnotes":""},"categories":[3,4,5,6,6433,126,9,10,117,6434,12,151,125,103,142,15,104,133,136,17,112,18,19,116,21,22,23,24,25,26,6435,101,118,159],"tags":[61],"_amplo":[],"destaque":[],"instituicoes":[286],"class_list":["post-226544","post","type-post","status-publish","format-standard","has-post-thumbnail","hentry","category-administracao","category-agronomia","category-arquitetura","category-biologia","category-biologia-licenciatura","category-ciencia-computacao","category-ciencias-contabeis","category-direito","category-economia","category-educacao-fisica-licenciatura","category-enfermagem","category-engenharia-computacao","category-engenharia-producao","category-engenharia-eletrica","category-engenharia-eletronica","category-engenharia-florestal","category-engenharia-mecanica","category-engenharia-mecatronica","category-estatistica","category-farmacia","category-filosofia","category-fisioterapia","category-fonoaudiologia","category-matematica","category-medicina","category-veterinaria","category-nutricao","category-odontologia","category-pedagogia","category-psicologia","category-quimica-licenciatura","category-servico-social","category-sociologia","category-tecnologia-da-informacao","tag-santa-catarina","instituicoes-universidade-federal-de-santa-catarina-ufsc"],"acf":{"_tipo_vagas":"vagas","_numero_vagas":53,"_quadro_vagas":226547,"_cargos":"professores","_cargos_especificos":"","_salario_max":"R$ 10.481,64","_abertura":"20230802","_encerramento":"20230904","_inscricoes":"https:\/\/036ddp2023.concursos.ufsc.br\/","_executora_concurso":"","_instituicao_concurso":[286],"_link_adicional":null,"_anexos":[{"_arquivo_anexo":226546,"_titulo_anexo":"Edital 036\/2023"}],"_produtos":null,"_vagas":"","_salario_min":"","_instituicao":"","_edital":"","_anexos_edital":"","_fund_incompleto":"","_fund_completo":"","_medio":"","_superior":""},"_links":{"self":[{"href":"https:\/\/www.agrobase.com.br\/concursos\/wp-json\/wp\/v2\/posts\/226544","targetHints":{"allow":["GET"]}}],"collection":[{"href":"https:\/\/www.agrobase.com.br\/concursos\/wp-json\/wp\/v2\/posts"}],"about":[{"href":"https:\/\/www.agrobase.com.br\/concursos\/wp-json\/wp\/v2\/types\/post"}],"author":[{"embeddable":true,"href":"https:\/\/www.agrobase.com.br\/concursos\/wp-json\/wp\/v2\/users\/7"}],"replies":[{"embeddable":true,"href":"https:\/\/www.agrobase.com.br\/concursos\/wp-json\/wp\/v2\/comments?post=226544"}],"version-history":[{"count":0,"href":"https:\/\/www.agrobase.com.br\/concursos\/wp-json\/wp\/v2\/posts\/226544\/revisions"}],"acf:term":[{"embeddable":true,"taxonomy":"instituicoes","href":"https:\/\/www.agrobase.com.br\/concursos\/wp-json\/wp\/v2\/instituicoes\/286"}],"wp:featuredmedia":[{"embeddable":true,"href":"https:\/\/www.agrobase.com.br\/concursos\/wp-json\/wp\/v2\/media\/226549"}],"wp:attachment":[{"href":"https:\/\/www.agrobase.com.br\/concursos\/wp-json\/wp\/v2\/media?parent=226544"}],"wp:term":[{"taxonomy":"category","embeddable":true,"href":"https:\/\/www.agrobase.com.br\/concursos\/wp-json\/wp\/v2\/categories?post=226544"},{"taxonomy":"post_tag","embeddable":true,"href":"https:\/\/www.agrobase.com.br\/concursos\/wp-json\/wp\/v2\/tags?post=226544"},{"taxonomy":"_amplo","embeddable":true,"href":"https:\/\/www.agrobase.com.br\/concursos\/wp-json\/wp\/v2\/_amplo?post=226544"},{"taxonomy":"destaque","embeddable":true,"href":"https:\/\/www.agrobase.com.br\/concursos\/wp-json\/wp\/v2\/destaque?post=226544"},{"taxonomy":"instituicoes","embeddable":true,"href":"https:\/\/www.agrobase.com.br\/concursos\/wp-json\/wp\/v2\/instituicoes?post=226544"}],"curies":[{"name":"wp","href":"https:\/\/api.w.org\/{rel}","templated":true}]}}