{"id":226266,"date":"2023-07-24T08:10:16","date_gmt":"2023-07-24T11:10:16","guid":{"rendered":"https:\/\/www.agrobase.com.br\/concursos\/?p=226266"},"modified":"2023-07-21T13:56:03","modified_gmt":"2023-07-21T16:56:03","slug":"concurso-publico-da-ufjf-edital-094-2023","status":"publish","type":"post","link":"https:\/\/www.agrobase.com.br\/concursos\/2023\/concurso-publico-da-ufjf-edital-094-2023\/","title":{"rendered":"Concurso P\u00fablico da UFJF | Edital 094\/2023"},"content":{"rendered":"<p>O Concurso P\u00fablico da UFJF, em Minas Gerais, abre 10 vagas para professores do Magist\u00e9rio Superior, nos Campi de Juiz de Fora e Governador Valadares.<\/p>\n<h2>Cargos e Vagas<\/h2>\n<p><strong>Campus de Juiz de Fora: Faculdade de Comunica\u00e7\u00e3o\/Departamento de M\u00e9todos Aplicados e Pr\u00e1ticas Laboratoriais &#8211;<\/strong> Produ\u00e7\u00e3o Multim\u00eddia e Dire\u00e7\u00e3o de Arte (1); <\/p>\n<p><strong>Faculdade de Medicina \/Departamento de Cl\u00ednica M\u00e9dica &#8211;<\/strong> Dermatologia e Temas Integradores de Cl\u00ednica Ampliada (1); Psiquiatria, Antropologia, Psicologia M\u00e9dica, Est\u00e1gio de Aplica\u00e7\u00e3o em Cl\u00ednica M\u00e9dica, Est\u00e1gio de Aplica\u00e7\u00e3o em Sa\u00fade Mental e Cl\u00ednica M\u00e9dica, Temas Integradores de Cl\u00ednica Ampliada (2); <strong>Departamento Materno Infantil &#8211;<\/strong> Pediatria: Introdu\u00e7\u00e3o \u00e0 Pr\u00e1tica M\u00e9dica (IPM), Temas Integradores da Cl\u00ednica Ampliada (TICA), Semiologia Pedi\u00e1trica, Medicina da Crian\u00e7a I, Medicina da Crian\u00e7a II, Est\u00e1gios em Pediatria (1); <strong>Departamento de Patologia &#8211;<\/strong> Patologia Cir\u00fargica, Citopatologia, Preceptoria em Resid\u00eancia M\u00e9dica em Anatomia Patol\u00f3gica, Preceptoria nos Est\u00e1gios de Aplica\u00e7\u00e3o em Medicina Ambulatorial Multidisciplinar, Temas Integradores de Cl\u00ednica Ampliada (TICA) (1); <strong>Instituto de Artes e Design\/ Departamento de Artes e Design &#8211;<\/strong> Ilustra\u00e7\u00e3o de moda; Desenho de moda manual e digital; Desenho t\u00e9cnico de moda manual e digital; Ergonomia do vestu\u00e1rio (1);<\/p>\n<p><strong>Campus de Governador Valadares: Instituto de Ci\u00eancias da Vida\/ Departamento de Farm\u00e1cia &#8211;<\/strong> Qu\u00edmica e Qu\u00edmica Farmac\u00eautica (1); <strong>Departamento de Medicina<\/strong> &#8211; Psiquiatria (1); <strong>Departamento de Odontologia<\/strong> &#8211; Dent\u00edstica, Materiais Odontol\u00f3gicos, Car\u00edologia e Cl\u00ednica Integrada (1).<\/p>\n<h2>Remunera\u00e7\u00e3o<\/h2>\n<p>Os valores dos sal\u00e1rios para os professores na institui\u00e7\u00e3o federal varia de <strong>R$ 2.437,59<\/strong> a <strong>R$ 10.481,64<\/strong>, a jornada de trabalho ser\u00e1 de <strong>40 horas semanais<\/strong>.<\/p>\n<h2>Inscri\u00e7\u00f5es<\/h2>\n<p>As inscri\u00e7\u00f5es agora ser\u00e3o recebidas das 14h do dia <strong>03 de agosto de 2023<\/strong> at\u00e9 o dia <strong>31 de agosto de 2023<\/strong>, exclusivamente via internet, no site da Universidade Federal de Juiz de Fora.<\/p>\n<p>Vai ser cobrada taxa de inscri\u00e7\u00e3o para participa\u00e7\u00e3o no concurso. O valor referente a taxa \u00e9 de <strong>R$ 150,00 (cento e cinquenta reais)<\/strong>.<\/p>\n<h2>Provas<\/h2>\n<p>Os candidatos ser\u00e3o submetidos a cinco etapas de avalia\u00e7\u00e3o, composta por:<\/p>\n<ol>\n<li><strong>Prova escrita dissertativa<\/strong>.<\/li>\n<li><strong>Exame pr\u00e1tico (se houver previs\u00e3o).<\/strong><\/li>\n<li><strong>Avalia\u00e7\u00e3o Did\u00e1tica.<\/strong><\/li>\n<li><strong>Prova de Memorial e plano de atua\u00e7\u00e3o profissional.<\/strong><\/li>\n<li><strong>Avalia\u00e7\u00e3o de t\u00edtulos.<\/strong><\/li>\n<\/ol>\n<p>O in\u00edcio das provas est\u00e1 previsto para ocorrer a partir do dia <strong>06 de novembro de 2023<\/strong>, nos campi citados.<\/p>\n<h2>Resultado<\/h2>\n<p>O Resultado do concurso ser\u00e1 publicado eletronicamente no s\u00edtio www.concurso.ufjf.br no dia <strong>08 de dezembro de 2023<\/strong>, a partir das 16h.<\/p>\n","protected":false},"excerpt":{"rendered":"<p>O Concurso P\u00fablico da UFJF, em Minas Gerais, abre 10 vagas para professores do Magist\u00e9rio Superior, nos Campi de Juiz de Fora e Governador Valadares.<\/p>\n","protected":false},"author":7,"featured_media":226269,"comment_status":"open","ping_status":"open","sticky":false,"template":"","format":"standard","meta":{"_acf_changed":false,"_breakdance_hide_in_design_set":false,"_breakdance_tags":"","footnotes":""},"categories":[21,120,141,17,154,24],"tags":[50],"_amplo":[],"destaque":[],"instituicoes":[707],"class_list":["post-226266","post","type-post","status-publish","format-standard","has-post-thumbnail","hentry","category-medicina","category-comunicacao-social","category-educacao-artistica","category-farmacia","category-moda","category-odontologia","tag-minas-gerais","instituicoes-universidade-federal-de-juiz-de-fora-ufjf"],"acf":{"_tipo_vagas":"vagas","_numero_vagas":10,"_quadro_vagas":"","_cargos":"professores","_cargos_especificos":"","_salario_max":"R$ 10.481,64","_abertura":"20230803","_encerramento":"20230831","_inscricoes":"https:\/\/www2.ufjf.br\/concursos\/concursos-publicos-efetivos\/concurso-docentes\/editais-2023\/94-2023-campi-juiz-de-fora-e-governador-valadares\/","_executora_concurso":"","_instituicao_concurso":[707],"_link_adicional":null,"_anexos":[{"_arquivo_anexo":226268,"_titulo_anexo":"Edital 094\/2023"}],"_produtos":null,"_vagas":"","_salario_min":"","_instituicao":"","_edital":"","_anexos_edital":"","_fund_incompleto":"","_fund_completo":"","_medio":"","_superior":""},"_links":{"self":[{"href":"https:\/\/www.agrobase.com.br\/concursos\/wp-json\/wp\/v2\/posts\/226266","targetHints":{"allow":["GET"]}}],"collection":[{"href":"https:\/\/www.agrobase.com.br\/concursos\/wp-json\/wp\/v2\/posts"}],"about":[{"href":"https:\/\/www.agrobase.com.br\/concursos\/wp-json\/wp\/v2\/types\/post"}],"author":[{"embeddable":true,"href":"https:\/\/www.agrobase.com.br\/concursos\/wp-json\/wp\/v2\/users\/7"}],"replies":[{"embeddable":true,"href":"https:\/\/www.agrobase.com.br\/concursos\/wp-json\/wp\/v2\/comments?post=226266"}],"version-history":[{"count":0,"href":"https:\/\/www.agrobase.com.br\/concursos\/wp-json\/wp\/v2\/posts\/226266\/revisions"}],"acf:term":[{"embeddable":true,"taxonomy":"instituicoes","href":"https:\/\/www.agrobase.com.br\/concursos\/wp-json\/wp\/v2\/instituicoes\/707"}],"wp:featuredmedia":[{"embeddable":true,"href":"https:\/\/www.agrobase.com.br\/concursos\/wp-json\/wp\/v2\/media\/226269"}],"wp:attachment":[{"href":"https:\/\/www.agrobase.com.br\/concursos\/wp-json\/wp\/v2\/media?parent=226266"}],"wp:term":[{"taxonomy":"category","embeddable":true,"href":"https:\/\/www.agrobase.com.br\/concursos\/wp-json\/wp\/v2\/categories?post=226266"},{"taxonomy":"post_tag","embeddable":true,"href":"https:\/\/www.agrobase.com.br\/concursos\/wp-json\/wp\/v2\/tags?post=226266"},{"taxonomy":"_amplo","embeddable":true,"href":"https:\/\/www.agrobase.com.br\/concursos\/wp-json\/wp\/v2\/_amplo?post=226266"},{"taxonomy":"destaque","embeddable":true,"href":"https:\/\/www.agrobase.com.br\/concursos\/wp-json\/wp\/v2\/destaque?post=226266"},{"taxonomy":"instituicoes","embeddable":true,"href":"https:\/\/www.agrobase.com.br\/concursos\/wp-json\/wp\/v2\/instituicoes?post=226266"}],"curies":[{"name":"wp","href":"https:\/\/api.w.org\/{rel}","templated":true}]}}