{"id":225306,"date":"2023-07-11T09:00:02","date_gmt":"2023-07-11T12:00:02","guid":{"rendered":"https:\/\/www.agrobase.com.br\/concursos\/?p=225306"},"modified":"2023-07-10T20:06:40","modified_gmt":"2023-07-10T23:06:40","slug":"concurso-publico-da-ufpb-edital-061-2023","status":"publish","type":"post","link":"https:\/\/www.agrobase.com.br\/concursos\/2023\/concurso-publico-da-ufpb-edital-061-2023\/","title":{"rendered":"Concurso P\u00fablico da UFPB | Edital 061\/2023"},"content":{"rendered":"<p>Para contratar 30 professores a UFPB realizar\u00e1 seu novo Concurso P\u00fablico em diversas unidades.<\/p>\n<h2>Cargo e \u00c1reas<\/h2>\n<p>O cargo \u00e9 Professor do Magist\u00e9rio Superior, com um total de 30 vagas, sendo elas divididas entre as seguintes Campi, departamentos e \u00e1reas de atua\u00e7\u00e3o:<\/p>\n<p>Centro de Ci\u00eancias Exatas e da Natureza &#8211; Departamento de Matem\u00e1tica: \u00c1lgebra\/An\u00e1lise\/Geometria\/Sistemas Din\u00e2micos\/Probabilidade (2);<br \/>\nCentro de Ci\u00eancias Exatas e da Natureza &#8211; Departamento de Sistem\u00e1tica e Ecologia: Macroecologia (1);<br \/>\nCentro de Ci\u00eancias Humanas, Letras e Artes &#8211; Departamento de Ci\u00eancias Sociais: G\u00eanero e Teoria Sociol\u00f3gica (1) e Teoria Antropol\u00f3gica (1);<br \/>\nCentro de Ci\u00eancias Humanas, Letras e Artes &#8211; Departamento de Letras Cl\u00e1ssicas e Vern\u00e1culas: Literaturas Comparadas de L\u00edngua Portuguesa e Ensino (1) e L\u00edngua Inglesa (2);<br \/>\nCentro de Ci\u00eancias M\u00e9dicas &#8211; Departamento de Medicina Interna: Nefrologia\/Internato (1) e Psiquiatria\/Internato (1);<br \/>\nCentro de Educa\u00e7\u00e3o &#8211; Departamento de Metodologia da Educa\u00e7\u00e3o: Linguagens e Ensino (2);<br \/>\nCentro de Educa\u00e7\u00e3o &#8211; Departamento de Psicopedagogia: Pr\u00e1ticas Psicopedag\u00f3gicas (1);<br \/>\nCentro de Tecnologia &#8211; Departamento de Arquitetura e Urbanismo: Projeto e Representa\u00e7\u00e3o Gr\u00e1fica (1) e Representa\u00e7\u00e3o e Express\u00e3o em Arquitetura e Urbanismo e Engenharias (1);<br \/>\nCentro de Tecnologia &#8211; Departamento de Engenharia Qu\u00edmica: Processos Qu\u00edmicos Inorg\u00e2nicos, Termodin\u00e2mica e Estequiometria Industrial (2);<br \/>\nCentro de Ci\u00eancias da Sa\u00fade &#8211; Departamento de Cl\u00ednica e Odontologia Social: Odontologia\/Estomatologia (1);<br \/>\nCentro de Ci\u00eancias da Sa\u00fade &#8211; Departamento de Enfermagem em Sa\u00fade Coletiva: Sa\u00fade da Crian\u00e7a e do Adolescente (1);<br \/>\nCentro de Ci\u00eancias da Sa\u00fade &#8211; Departamento de Fonoaudiologia: Voz (1);<br \/>\nCentro de Comunica\u00e7\u00e3o, Turismo e Artes &#8211; Departamento de Artes Visuais: Artes Visuais &#8211; Teoria, Cr\u00edtica e Hist\u00f3ria da arte (1) e Educa\u00e7\u00e3o Musical Infantil (1);<br \/>\nCentro de Comunica\u00e7\u00e3o, Turismo e Artes &#8211; Departamento de M\u00fasica: Canto L\u00edrico (1) e Reg\u00eancia (1);<br \/>\nCentro de Inform\u00e1tica &#8211; Departamento de Sistemas de Computa\u00e7\u00e3o: Engenharias (1) e Sistemas Rob\u00f3ticos Aut\u00f4nomos (1);<br \/>\nCentro de Ci\u00eancias Agr\u00e1rias &#8211; Departamento de Fitotecnia e Ci\u00eancias Ambientais: Silvicultura (1);<br \/>\nCentro de Ci\u00eancias Aplicadas e Educa\u00e7\u00e3o &#8211; Departamento de Ci\u00eancias Exatas: Gest\u00e3o de Tecnologia da Informa\u00e7\u00e3o e Inova\u00e7\u00e3o (1);<br \/>\nCentro de Ci\u00eancias Aplicadas e Educa\u00e7\u00e3o &#8211; Departamento de Design: Design Gr\u00e1fico e Digital (1);<br \/>\nCentro de Ci\u00eancias Aplicadas e Educa\u00e7\u00e3o &#8211; Departamento de Educa\u00e7\u00e3o: Organiza\u00e7\u00e3o do Trabalho Pedag\u00f3gico (1).<\/p>\n<h2>Remunera\u00e7\u00f5es<\/h2>\n<p>Os valores salariais podem ir desde <strong>R$ 3.839,21<\/strong> at\u00e9 <strong>R$ 10.481,64<\/strong>, de acordo com a titula\u00e7\u00e3o, para regime de trabalho de 20 horas semanais ou em Dedica\u00e7\u00e3o Exclusiva (atentem para o edital para mais detalhes).<\/p>\n<h2>Inscri\u00e7\u00f5es<\/h2>\n<p>Dado interesse, os professores podem realizar suas inscri\u00e7\u00f5es entre os dias <strong>24 de julho<\/strong> e <strong>10 de agosto de 2023<\/strong>, de forma presencial, na secretaria do departamento respons\u00e1vel pela vaga, ou via servi\u00e7o postal, al\u00e9m de realizar o pagamento de R$ 80,00 ou R$ 200,00 como taxa de participa\u00e7\u00e3o.<\/p>\n<h2>Etapas<\/h2>\n<p>Ser\u00e3o tr\u00eas provas, s\u00e3o elas:<\/p>\n<ol>\n<li><strong>Prova Escrita.<\/strong><\/li>\n<li><strong>Avalia\u00e7\u00e3o Did\u00e1tica.<\/strong><\/li>\n<li><strong>An\u00e1lise de T\u00edtulos.<\/strong><\/li>\n<\/ol>\n<h2>Datas das provas<\/h2>\n<p>Veja baixo as datas previstas para aplica\u00e7\u00e3o das etapas acima:<\/p>\n<p>Centro de Ci\u00eancias Exatas e da Natureza &#8211; Departamento de Matem\u00e1tica &#8211; \u00c1lgebra\/An\u00e1lise\/Geometria\/Sistemas Din\u00e2micos\/Probabilidade: Prova escrita: 6 de novembro de 2023; Prova did\u00e1tica: 10 a 14 de novembro de 2023; Plano de trabalho: 20 a 21 de novembro de 2023; Exame de t\u00edtulos: 24 de novembro de 2023;<br \/>\nCentro de Ci\u00eancias Exatas e da Natureza &#8211; Departamento de Sistem\u00e1tica e Ecologia- Macroecologia: Prova escrita: 4 de mar\u00e7o de 2024; Prova did\u00e1tica: 9 de mar\u00e7o de 2024; Plano de trabalho: 14 de mar\u00e7o de 2024; Exame de t\u00edtulos: 20 de mar\u00e7o de 2024;<br \/>\nCentro de Ci\u00eancias Humanas, Letras e Artes &#8211; Departamento de Ci\u00eancias Sociais &#8211; G\u00eanero e Teoria Sociol\u00f3gica: Prova escrita: 7 de novembro de 2023; Prova did\u00e1tica: 10 de novembro de 2023; Plano de trabalho: 13 de novembro de 2023; Exame de t\u00edtulos: 16 de novembro de 2023;<br \/>\nCentro de Ci\u00eancias Humanas, Letras e Artes &#8211; Departamento de Ci\u00eancias Sociais- G\u00eanero Teoria Antropol\u00f3gica: Prova escrita: 7 de novembro de 2023; Prova did\u00e1tica: 13 a 14 de novembro de 2023; Plano de trabalho: 17 de novembro de 2023; Exame de t\u00edtulos: 20 de novembro de 2023;<br \/>\nCentro de Ci\u00eancias Humanas, Letras e Artes &#8211; Departamento de Letras Cl\u00e1ssicas e Vern\u00e1culas: Literaturas Comparadas de L\u00edngua Portuguesa e Ensino: Prova escrita: 11 de setembro de 2023; Prova did\u00e1tica: 14 de setembro de 2023; Plano de trabalho: 18 de setembro de 2023; Exame de t\u00edtulos: 19 de setembro de 2023;<br \/>\nCentro de Ci\u00eancias Humanas, Letras e Artes &#8211; Departamento de Letras Cl\u00e1ssicas e Vern\u00e1culas &#8211; L\u00edngua Inglesa: Prova escrita: 11 de setembro de 2023; Prova did\u00e1tica: 15 de setembro de 2023; Plano de trabalho: 19 de setembro de 2023; Exame de t\u00edtulos: 21 de setembro de 2023;<br \/>\nCentro de Ci\u00eancias M\u00e9dicas &#8211; Departamento de Medicina Interna &#8211; Nefrologia\/Internato: Prova escrita: 24 de agosto de 2023; Prova did\u00e1tica: 31 de agosto de 2023; Plano de trabalho: 14 de setembro de 2023; Exame de t\u00edtulos: 19 de setembro de 2023;<br \/>\nCentro de Ci\u00eancias M\u00e9dicas &#8211; Departamento de Medicina Interna &#8211; Psiquiatria\/Internato: Prova escrita: 11 de setembro de 2023; Prova did\u00e1tica: 14 de setembro de 2023; Plano de trabalho: 15 de setembro de 2023; Exame de t\u00edtulos: 20 de setembro de 2023;<br \/>\nCentro de Educa\u00e7\u00e3o &#8211; Departamento de Metodologia da Educa\u00e7\u00e3o -Linguagens e Ensino: Prova escrita: 18 de setembro de 2023; Prova did\u00e1tica: 21 de setembro de 2023; Plano de trabalho: 25 de setembro de 2023; Exame de t\u00edtulos: 27 de setembro de 2023;<br \/>\nCentro de Educa\u00e7\u00e3o &#8211; Departamento de Psicopedagogia -Pr\u00e1ticas Psicopedag\u00f3gicas: Prova escrita: 6 de novembro de 2023; Prova did\u00e1tica: 8 e 9 de novembro de 2023; Plano de trabalho: 10 de novembro de 2023; Exame de t\u00edtulos: 13 de novembro de 2023;<br \/>\nCentro de Tecnologia &#8211; Departamento de Arquitetura e Urbanismo -Projeto e Representa\u00e7\u00e3o Gr\u00e1fica: Prova escrita: 28 de agosto de 2023; Prova did\u00e1tica: 30 de agosto de 2023; Plano de trabalho: 31 de agosto de 2023; Exame de t\u00edtulos: 1 de setembro de 2023;<br \/>\nCentro de Tecnologia &#8211; Departamento de Arquitetura e Urbanismo -Representa\u00e7\u00e3o e Express\u00e3o em Arquitetura e Urbanismo e Engenharias: Prova escrita: 28 de agosto de 2023; Prova did\u00e1tica: 30 de agosto de 2023; Plano de trabalho: 31 de agosto de 2023; Exame de t\u00edtulos: 1 de setembro de 2023;<br \/>\nCentro de Tecnologia &#8211; Departamento de Engenharia Qu\u00edmica &#8211; Processos Qu\u00edmicos Inorg\u00e2nicos, Termodin\u00e2mica e Estequiometria Industrial: Prova escrita: 11 de setembro de 2023; Prova did\u00e1tica: 18 de setembro de 2023; Plano de trabalho: 25 de setembro de 2023; Exame de t\u00edtulos: 28 de setembro de 2023;<br \/>\nCentro de Ci\u00eancias da Sa\u00fade &#8211; Departamento de Cl\u00ednica e Odontologia Social -Odontologia\/Estomatologia: Prova escrita: 2 de outubro de 2023; Prova did\u00e1tica: 5 de outubro de 2023; Plano de trabalho: 9 de outubro de 2023; Exame de t\u00edtulos: 13 de outubro de 2023;<br \/>\nCentro de Ci\u00eancias da Sa\u00fade &#8211; Departamento de Enfermagem em Sa\u00fade Coletiva -Sa\u00fade da Crian\u00e7a e do Adolescente: Prova escrita: 29 de agosto de 2023; Prova did\u00e1tica: 12 a 14 de setembro de 2023; Plano de trabalho: 22 a 25 de setembro de 2023; Exame de t\u00edtulos: 3 a 5 de outubro de 2023<br \/>\nCentro de Ci\u00eancias da Sa\u00fade &#8211; Departamento de Fonoaudiologia &#8211; Voz: Prova escrita: 21 de setembro de 2023; Prova did\u00e1tica: 26 de setembro de 2023; Plano de trabalho: 27 de setembro de 2023; Exame de t\u00edtulos: 28 de setembro de 2023;<br \/>\nCentro de Comunica\u00e7\u00e3o, Turismo e Artes &#8211; Departamento de Artes Visuais &#8211; Artes Visuais &#8211; Teoria, Cr\u00edtica e Hist\u00f3ria da arte: Prova escrita: 25 de setembro de 2023; Prova did\u00e1tica: 27 de setembro de 2023; Plano de trabalho: 28 de setembro de 2023; Exame de t\u00edtulos: 28 de setembro de 2023;<br \/>\nCentro de Comunica\u00e7\u00e3o, Turismo e Artes &#8211; Departamento de Artes Visuais &#8211; Educa\u00e7\u00e3o Musical Infantil: 18 de setembro de 2023; Prova did\u00e1tica: 20 de setembro de 2023; Plano de trabalho: 21 de setembro de 2023; Exame de t\u00edtulos: 22 de setembro de 2023;<br \/>\nCentro de Comunica\u00e7\u00e3o, Turismo e Artes &#8211; Departamento de M\u00fasica -Canto L\u00edrico: Prova escrita: 16 de outubro de 2023; Prova did\u00e1tica: 17 de outubro de 2023; Plano de trabalho: 19 de outubro de 2023; Exame de t\u00edtulos: 19 de outubro de 2023;<br \/>\nCentro de Comunica\u00e7\u00e3o, Turismo e Artes &#8211; Departamento de M\u00fasica -Reg\u00eancia: Prova escrita: 2 de outubro de 2023; Prova did\u00e1tica: 3 de outubro de 2023; Plano de trabalho: 5 de outubro de 2023; Exame de t\u00edtulos: 5 de outubro de 2023;<br \/>\nCentro de Inform\u00e1tica &#8211; Departamento de Sistemas de Computa\u00e7\u00e3o -Engenharias: Prova escrita: 25 de setembro de 2023; Prova did\u00e1tica: 27 de setembro de 2023; Plano de trabalho: 28 de setembro de 2023; Exame de t\u00edtulos: 29 de setembro de 2023;<br \/>\nCentro de Inform\u00e1tica &#8211; Departamento de Sistemas de Computa\u00e7\u00e3o &#8211; Sistemas Rob\u00f3ticos Aut\u00f4nomos: Prova escrita: 11 de setembro de 2023; Prova did\u00e1tica: 14 e 15 de setembro de 2023; Plano de trabalho: 20 de setembro de 2023; Exame de t\u00edtulos: 21 de setembro de 2023;<br \/>\nCentro de Ci\u00eancias Agr\u00e1rias &#8211; Departamento de Fitotecnia e Ci\u00eancias Ambientais -Silvicultura: Prova escrita: 18 de setembro de 2023; Prova did\u00e1tica: 21 de setembro de 2023; Plano de trabalho: 26 de setembro de 2023; Exame de t\u00edtulos: 29 de setembro de 2023;<br \/>\nCentro de Ci\u00eancias Aplicadas e Educa\u00e7\u00e3o &#8211; Departamento de Ci\u00eancias Exatas -Gest\u00e3o de Tecnologia da Informa\u00e7\u00e3o e Inova\u00e7\u00e3o: Prova escrita: 12 de setembro de 2023; Prova did\u00e1tica: 18 e 19 de setembro de 2023; Plano de trabalho: 22 de setembro de 2023; Exame de t\u00edtulos: 28 de setembro de 2023;<br \/>\nCentro de Ci\u00eancias Aplicadas e Educa\u00e7\u00e3o &#8211; Departamento de Design -Design Gr\u00e1fico e Digital: Prova escrita: 12 de setembro de 2023; Prova did\u00e1tica: 18 e 19 de setembro de 2023; Plano de trabalho: 25 de setembro de 2023; Exame de t\u00edtulos: 29 de setembro de 2023;<br \/>\nCentro de Ci\u00eancias Aplicadas e Educa\u00e7\u00e3o &#8211; Departamento de Educa\u00e7\u00e3o &#8211; Organiza\u00e7\u00e3o do Trabalho Pedag\u00f3gico: Prova escrita: 18 de setembro de 2023; Prova did\u00e1tica: 22 de setembro de 2023; Plano de trabalho: 28 de setembro de 2023; Exame de t\u00edtulos: 4 de outubro de 2023.<\/p>\n","protected":false},"excerpt":{"rendered":"<p>Para contratar 30 professores a UFPB realizar\u00e1 seu novo Concurso P\u00fablico em diversas unidades.<\/p>\n","protected":false},"author":7,"featured_media":225310,"comment_status":"open","ping_status":"open","sticky":false,"template":"","format":"standard","meta":{"_acf_changed":false,"_breakdance_hide_in_design_set":false,"_breakdance_tags":"","footnotes":""},"categories":[4,5,140,126,121,113,97,12,151,103,15,133,19,20,116,21,119,24,25,26,27,118],"tags":[53],"_amplo":[],"destaque":[],"instituicoes":[438],"class_list":["post-225306","post","type-post","status-publish","format-standard","has-post-thumbnail","hentry","category-agronomia","category-arquitetura","category-artes-plasticas","category-ciencia-computacao","category-ciencias-sociais","category-desenho-industrial","category-ecologia","category-enfermagem","category-engenharia-computacao","category-engenharia-eletrica","category-engenharia-florestal","category-engenharia-mecatronica","category-fonoaudiologia","category-letras","category-matematica","category-medicina","category-musica","category-odontologia","category-pedagogia","category-psicologia","category-quimica","category-sociologia","tag-paraiba","instituicoes-universidade-federal-da-paraiba-ufpb"],"acf":{"_tipo_vagas":"vagas","_numero_vagas":30,"_quadro_vagas":null,"_cargos":"professores","_cargos_especificos":"","_salario_max":"R$","_abertura":"20230724","_encerramento":"20230810","_inscricoes":"","_executora_concurso":"","_instituicao_concurso":[438],"_link_adicional":null,"_anexos":[{"_arquivo_anexo":225309,"_titulo_anexo":"Edital 061\/2023"}],"_produtos":null,"_vagas":"","_salario_min":"","_instituicao":"","_edital":"","_anexos_edital":"","_fund_incompleto":"","_fund_completo":"","_medio":"","_superior":""},"_links":{"self":[{"href":"https:\/\/www.agrobase.com.br\/concursos\/wp-json\/wp\/v2\/posts\/225306","targetHints":{"allow":["GET"]}}],"collection":[{"href":"https:\/\/www.agrobase.com.br\/concursos\/wp-json\/wp\/v2\/posts"}],"about":[{"href":"https:\/\/www.agrobase.com.br\/concursos\/wp-json\/wp\/v2\/types\/post"}],"author":[{"embeddable":true,"href":"https:\/\/www.agrobase.com.br\/concursos\/wp-json\/wp\/v2\/users\/7"}],"replies":[{"embeddable":true,"href":"https:\/\/www.agrobase.com.br\/concursos\/wp-json\/wp\/v2\/comments?post=225306"}],"version-history":[{"count":0,"href":"https:\/\/www.agrobase.com.br\/concursos\/wp-json\/wp\/v2\/posts\/225306\/revisions"}],"acf:term":[{"embeddable":true,"taxonomy":"instituicoes","href":"https:\/\/www.agrobase.com.br\/concursos\/wp-json\/wp\/v2\/instituicoes\/438"}],"wp:featuredmedia":[{"embeddable":true,"href":"https:\/\/www.agrobase.com.br\/concursos\/wp-json\/wp\/v2\/media\/225310"}],"wp:attachment":[{"href":"https:\/\/www.agrobase.com.br\/concursos\/wp-json\/wp\/v2\/media?parent=225306"}],"wp:term":[{"taxonomy":"category","embeddable":true,"href":"https:\/\/www.agrobase.com.br\/concursos\/wp-json\/wp\/v2\/categories?post=225306"},{"taxonomy":"post_tag","embeddable":true,"href":"https:\/\/www.agrobase.com.br\/concursos\/wp-json\/wp\/v2\/tags?post=225306"},{"taxonomy":"_amplo","embeddable":true,"href":"https:\/\/www.agrobase.com.br\/concursos\/wp-json\/wp\/v2\/_amplo?post=225306"},{"taxonomy":"destaque","embeddable":true,"href":"https:\/\/www.agrobase.com.br\/concursos\/wp-json\/wp\/v2\/destaque?post=225306"},{"taxonomy":"instituicoes","embeddable":true,"href":"https:\/\/www.agrobase.com.br\/concursos\/wp-json\/wp\/v2\/instituicoes?post=225306"}],"curies":[{"name":"wp","href":"https:\/\/api.w.org\/{rel}","templated":true}]}}