{"id":225165,"date":"2023-07-07T08:50:59","date_gmt":"2023-07-07T11:50:59","guid":{"rendered":"https:\/\/www.agrobase.com.br\/concursos\/?p=225165"},"modified":"2023-07-06T13:00:40","modified_gmt":"2023-07-06T16:00:40","slug":"concurso-publico-do-ufrj-edital-491-2023-tecnicos-administrativos","status":"publish","type":"post","link":"https:\/\/www.agrobase.com.br\/concursos\/2023\/concurso-publico-do-ufrj-edital-491-2023-tecnicos-administrativos\/","title":{"rendered":"Concurso P\u00fablico do UFRJ | Edital 491\/2023 &#8211; T\u00e9cnicos Administrativos"},"content":{"rendered":"<p>\u00c9 promovido o edital de Concurso P\u00fablico pela <a href=\"https:\/\/ufrj.br\/\" title=\"Universidade Federal do Rio de Janeiro\" target=\"_blank\" rel=\"noopener\">UFRJ<\/a>, a qual realizar\u00e1 a contrata\u00e7\u00e3o de 88 T\u00e9cnicos Administrativos para os Campi do Rio de Janeiro, Duque de Caxias e Maca\u00e9.<\/p>\n<h2>Cargos e Remunera\u00e7\u00e3o<\/h2>\n<p>Conforme informa\u00e7\u00f5es obtidas por meio da leitura do edital 491\/2023, as <strong>88 vagas<\/strong> de trabalho s\u00e3o destinadas a suprir necessidades de profissionais t\u00e9cnicos-administrativo para as Unidades do Rio de Janeiro, Maca\u00e9 e Duque de Caxias. Existem vagas dispon\u00edveis nos seguintes cargos:<\/p>\n<p><em>assistente de alunos (2); assistente em administra\u00e7\u00e3o (26); t\u00e9cnicos de tecnologia da informa\u00e7\u00e3o nas \u00e1reas de an\u00e1lise de redes (2), desenvolvimento (2), projeto de redes (2), seguran\u00e7a (2) e suporte de infraestrutura (6); t\u00e9cnico em enfermagem &#8211; geral (13); t\u00e9cnico em enfermagem &#8211; pedi\u00e1trica (2); t\u00e9cnico em farm\u00e1cia (10); t\u00e9cnico em radiologia &#8211; geral (8); t\u00e9cnico em radiologia &#8211; radioterapia (2); t\u00e9cnicos de laborat\u00f3rio nas \u00e1reas de acessibilidade (1), alimentos (1), biomedicina (1), edifica\u00e7\u00f5es (1), el\u00e9trica (1), eletr\u00f4nica (1), f\u00edsica (1), projetos mec\u00e2nicos (1) e qu\u00edmica (3).<\/em><\/p>\n<p>Contudo, a jornada de trabalho semanal pode ser de <strong>24h<\/strong> a <strong>40 horas<\/strong> e a remunera\u00e7\u00e3o poder\u00e1 chegar ao valor de <strong>R$ 2.120,13<\/strong> e de <strong>R$ 2.667,19<\/strong>.<\/p>\n<p>De acordo com o edital de abertura, a seguir destacamos os requisitos de todas as oportunidades:<\/p>\n<p><strong>Clique abaixo para exibir o quadro de vagas do Concurso da UFRJ (Edital 491\/2023)<\/strong><br \/>\n<a target=\"_blank\" href=\"https:\/\/www.agrobase.com.br\/concursos\/wp-content\/uploads\/sites\/4\/2023\/07\/quadro-de-vagas-edital-491-2023-ufrj.pdf\" rel=\"noopener\"><img loading=\"lazy\" decoding=\"async\" src=\"https:\/\/www.agrobase.com.br\/concursos\/wp-content\/uploads\/sites\/4\/2017\/08\/quadro-de-vagas-do-concurso-publico-da-ufrj.png\" alt=\"Vagas Concurso P\u00fablico da Universidade Federal do Rio de Janeiro (PDF)\" width=\"570\" height=\"160\" class=\"aligncenter size-full\" \/><\/a><\/p>\n<h2>Inscri\u00e7\u00e3o<\/h2>\n<ul>\n<li><strong>Internet:<\/strong> as inscri\u00e7\u00f5es ser\u00e3o recebidas exclusivamente pela internet atrav\u00e9s do endere\u00e7o eletr\u00f4nico <a href=\"https:\/\/concursos.pr4.ufrj.br\/index.php\/61-concursos\/concursos-em-andamento\/edital-491-de-29-de-abril-de-2023\/635-edital-n-491-de-29-de-abril-de-2023\" rel=\"noopener\" target=\"_blank\">concursos.pr4.ufrj.br<\/a>, no per\u00edodo das 10h do dia <strong>14 de junho de 2023<\/strong> at\u00e9 \u00e0s 23h59 do dia <strong>16 de julho de 2023<\/strong>.<\/li>\n<\/ul>\n<p>O valor da taxa de inscri\u00e7\u00e3o ser\u00e1 de <strong>R$ 80,00 (oitenta reais)<\/strong> para o cargo de Assistente de Alunos e <strong>R$ 100,00 (cem reais)<\/strong> para os cargos de Assistente em Administra\u00e7\u00e3o, T\u00e9cnico de Tecnologia da Informa\u00e7\u00e3o, T\u00e9cnico em Enfermagem, T\u00e9cnico em Farm\u00e1cia, T\u00e9cnico em Radiologia e T\u00e9cnico de Laborat\u00f3rio.<\/p>\n<h2>Provas<\/h2>\n<p>O processo de sele\u00e7\u00e3o efetivo para T\u00e9cnicos Administrativos da UFRJ prev\u00ea as etapas, a saber:<\/p>\n<ol>\n<li><strong>Prova Objetiva.<\/strong> Prevista para ser aplicada no dia <strong>03 de setembro de 2023<\/strong>.<\/li>\n<li><strong>Prova Pr\u00e1tica.<\/strong> Somente aos empregos de t\u00e9cnicos em enfermagem, em farm\u00e1cia, em radiologia e de laborat\u00f3rio.<\/li>\n<\/ol>\n<h2>Resultado<\/h2>\n<p>Por fim, o resultado final do Certame para t\u00e9cnicos administrativos da UFRJ ser\u00e1 publicado no Di\u00e1rio Oficial da Uni\u00e3o e divulgado no endere\u00e7o eletr\u00f4nico do concurso.<\/p>\n","protected":false},"excerpt":{"rendered":"<p>\u00c9 promovido o edital de Concurso P\u00fablico da UFRJ, a qual realizar\u00e1 a contrata\u00e7\u00e3o de 88 T\u00e9cnicos Administrativos para os Campi do Rio de Janeiro, Duque de Caxias e Maca\u00e9.<\/p>\n","protected":false},"author":7,"featured_media":225167,"comment_status":"open","ping_status":"open","sticky":false,"template":"","format":"standard","meta":{"_acf_changed":false,"_breakdance_hide_in_design_set":false,"_breakdance_tags":"","footnotes":""},"categories":[108,161,159],"tags":[56],"_amplo":[],"destaque":[],"instituicoes":[209],"class_list":["post-225165","post","type-post","status-publish","format-standard","has-post-thumbnail","hentry","category-tecnico-enfermagem","category-tecnico-laboratorio","category-tecnologia-da-informacao","tag-rio-de-janeiro","instituicoes-universidade-federal-do-rio-de-janeiro-ufrj"],"acf":{"_tipo_vagas":"vagas","_numero_vagas":88,"_quadro_vagas":null,"_cargos":"t\u00e9cnicos administrativos","_cargos_especificos":"","_salario_max":"R$","_abertura":"20230614","_encerramento":"20230716","_inscricoes":"","_executora_concurso":"","_instituicao_concurso":[209],"_link_adicional":null,"_anexos":[{"_arquivo_anexo":225171,"_titulo_anexo":"Edital 491\/2023"},{"_arquivo_anexo":225168,"_titulo_anexo":"Cronograma"},{"_arquivo_anexo":225169,"_titulo_anexo":"Retifica\u00e7\u00e3o I"},{"_arquivo_anexo":225170,"_titulo_anexo":"Retifica\u00e7\u00e3o II"}],"_produtos":null,"_vagas":"","_salario_min":"","_instituicao":"","_edital":"","_anexos_edital":"","_fund_incompleto":"","_fund_completo":"","_medio":"","_superior":""},"_links":{"self":[{"href":"https:\/\/www.agrobase.com.br\/concursos\/wp-json\/wp\/v2\/posts\/225165","targetHints":{"allow":["GET"]}}],"collection":[{"href":"https:\/\/www.agrobase.com.br\/concursos\/wp-json\/wp\/v2\/posts"}],"about":[{"href":"https:\/\/www.agrobase.com.br\/concursos\/wp-json\/wp\/v2\/types\/post"}],"author":[{"embeddable":true,"href":"https:\/\/www.agrobase.com.br\/concursos\/wp-json\/wp\/v2\/users\/7"}],"replies":[{"embeddable":true,"href":"https:\/\/www.agrobase.com.br\/concursos\/wp-json\/wp\/v2\/comments?post=225165"}],"version-history":[{"count":0,"href":"https:\/\/www.agrobase.com.br\/concursos\/wp-json\/wp\/v2\/posts\/225165\/revisions"}],"acf:term":[{"embeddable":true,"taxonomy":"instituicoes","href":"https:\/\/www.agrobase.com.br\/concursos\/wp-json\/wp\/v2\/instituicoes\/209"}],"wp:featuredmedia":[{"embeddable":true,"href":"https:\/\/www.agrobase.com.br\/concursos\/wp-json\/wp\/v2\/media\/225167"}],"wp:attachment":[{"href":"https:\/\/www.agrobase.com.br\/concursos\/wp-json\/wp\/v2\/media?parent=225165"}],"wp:term":[{"taxonomy":"category","embeddable":true,"href":"https:\/\/www.agrobase.com.br\/concursos\/wp-json\/wp\/v2\/categories?post=225165"},{"taxonomy":"post_tag","embeddable":true,"href":"https:\/\/www.agrobase.com.br\/concursos\/wp-json\/wp\/v2\/tags?post=225165"},{"taxonomy":"_amplo","embeddable":true,"href":"https:\/\/www.agrobase.com.br\/concursos\/wp-json\/wp\/v2\/_amplo?post=225165"},{"taxonomy":"destaque","embeddable":true,"href":"https:\/\/www.agrobase.com.br\/concursos\/wp-json\/wp\/v2\/destaque?post=225165"},{"taxonomy":"instituicoes","embeddable":true,"href":"https:\/\/www.agrobase.com.br\/concursos\/wp-json\/wp\/v2\/instituicoes?post=225165"}],"curies":[{"name":"wp","href":"https:\/\/api.w.org\/{rel}","templated":true}]}}