{"id":225139,"date":"2023-07-07T09:00:47","date_gmt":"2023-07-07T12:00:47","guid":{"rendered":"https:\/\/www.agrobase.com.br\/concursos\/?p=225139"},"modified":"2023-07-06T10:58:40","modified_gmt":"2023-07-06T13:58:40","slug":"concurso-publico-da-ufba-edital-001-2023-professores","status":"publish","type":"post","link":"https:\/\/www.agrobase.com.br\/concursos\/2023\/concurso-publico-da-ufba-edital-001-2023-professores\/","title":{"rendered":"Concurso P\u00fablico da UFBA | Edital 001\/2023 &#8211; Professores"},"content":{"rendered":"<p>Lan\u00e7ado edital de abertura para um novo Concurso P\u00fablico da <a href=\"https:\/\/www.ufba.br\/\" title=\"Universidade Federal da Bahia\" target=\"_blank\" rel=\"noopener\">UFBA<\/a>, que conta com 33 vagas para professores do Magist\u00e9rio Superior.<\/p>\n<h2>Cargos e Remunera\u00e7\u00e3o<\/h2>\n<p>O Edital de abertura n\u00famero 001\/2023 da Universidade Federal da Bahia (UFBA) realiza sele\u00e7\u00e3o para <strong>33<\/strong> professores do magist\u00e9rio superior nas \u00e1reas de atua\u00e7\u00e3o e Departamentos abaixo:<\/p>\n<p><strong>Departamento: Instituto de Ci\u00eancia, Tecnologia e Inova\u00e7\u00e3o\/Ci\u00eancia, Tecnologia e Inova\u00e7\u00e3o:<\/strong> Engenharia do Produto (1);<br \/>\n<strong>Escola de Belas Artes \/ Hist\u00f3ria da Arte e Pintura:<\/strong> Pintura (1);<br \/>\n<strong>Departamento: Escola de M\u00fasica \/ M\u00fasica:<\/strong> \u00c1udio e Tecnologias Aplicadas \u00e0 M\u00fasica (1); Baixo El\u00e9trico, Baixo Ac\u00fastico, Harmonia, Improvisa\u00e7\u00e3o e Pr\u00e1ticas de Conjunto (1); Educa\u00e7\u00e3o Musical Especial\/Inclusiva (1); Educa\u00e7\u00e3o Musical para as Rela\u00e7\u00f5es \u00c9tnicoraciais (1) e Musicologias Tradicionais e Contempor\u00e2neas (1);<br \/>\n<strong>Departamento: Escola de Nutri\u00e7\u00e3o \/ Ci\u00eancia dos Alimentos:<\/strong> Ci\u00eancia da Nutri\u00e7\u00e3o e Alimenta\u00e7\u00e3o &#8211; T\u00e9cnica Diet\u00e9tica (1);<br \/>\n<strong>Departamento: Escola Polit\u00e9cnica \/ Ci\u00eancia e Tecnologia dos Materiais:<\/strong> Lavra de Mina a C\u00e9u Aberto (1);<br \/>\n<strong>Departamento: Faculdade de Farm\u00e1cia \/ An\u00e1lises Bromatol\u00f3gicas:<\/strong> M\u00e9todos F\u00edsicos de An\u00e1lises Aplicadas (1);<br \/>\n<strong>Departamento: Faculdade de Farm\u00e1cia \/ An\u00e1lises Cl\u00ednicas e Toxicol\u00f3gicas:<\/strong> Toxicologia (1);<br \/>\n<strong>Departamento: Faculdade de Filosofia e Ci\u00eancias Humanas \/ Estudos de G\u00eanero e Feminismo:<\/strong> G\u00eanero, Poder e Pol\u00edticas P\u00fablicas (1);<br \/>\n<strong>Departamento: Faculdade de Filosofia e Ci\u00eancias Humanas\/Hist\u00f3ria:<\/strong> Hist\u00f3ria Antiga (1);<br \/>\n<strong>Departamento: Faculdade de Filosofia e Ci\u00eancias Humanas\/Sociologia:<\/strong> Sociologia das Rela\u00e7\u00f5es \u00c9tnico-Raciais (1);<br \/>\n<strong>Departamento: Faculdade de Medicina da Bahia\/Cirurgia Experimental e Especialidades Cir\u00fargicas:<\/strong> MEDE12 &#8211; Otorrinolaringologia, MEDE51 &#8211; Internato em especialidades cir\u00fargicas, MED915 &#8211; Programa de Resid\u00eancia M\u00e9dica em Otorrinolaringologia, MED238 &#8211; Introdu\u00e7\u00e3o \u00e0 patologia dos \u00f3rg\u00e3os da audi\u00e7\u00e3o e fona\u00e7\u00e3o (1);<br \/>\n<strong>Departamento: Faculdade de Medicina da Bahia\/Medicina Interna e Apoio Diagn\u00f3stico:<\/strong> Cl\u00ednica M\u00e9dica com \u00eanfase em Onco-Hematologia: MEDD91 &#8211; Cl\u00ednica M\u00e9dica 1A, MEDD98 &#8211; Cl\u00ednica M\u00e9dica 2A, MEDE16 &#8211; Cl\u00ednica M\u00e9dica 3A, MEDE24 &#8211; Trabalho de Conclus\u00e3o de Curso II, MEDE25 &#8211; Internato em Cl\u00ednica M\u00e9dica IA e MEDE31 &#8211; Internato em Cl\u00ednica M\u00e9dica IIA (1), MEDD91 &#8211; Cl\u00ednica M\u00e9dica 1A, MEDD98 &#8211; Cl\u00ednica M\u00e9dica 2A, MEDE16 &#8211; Cl\u00ednica M\u00e9dica 3A, MEDE24 &#8211; Trabalho de Conclus\u00e3o de Curso II, MEDE25 &#8211; Internato em Cl\u00ednica M\u00e9dica IA e MEDE31 &#8211; Internato em Cl\u00ednica M\u00e9dica IIA (1);<br \/>\n<strong>Departamento: Faculdade de Medicina da Bahia\/Medicina Preventiva e Social:<\/strong> MEDE29 &#8211; Internato em Medicina Social I, MEDD80 &#8211; Medicina Social e Cl\u00ednica I, MEDD86 &#8211; M\u00f3dulo de Medicina Social (1);<br \/>\n<strong>Departamento: Faculdade de Medicina da Bahia\/Pediatria:<\/strong> MEDE27 &#8211; Internato I em Pediatria; MEDE33 &#8211; Internato II em Pediatria; MEDD82 &#8211; Pediatria; MEDE10 &#8211; Pediatria II e MEDE15 &#8211; Trabalho de Conclus\u00e3o de Curso I A (1);<br \/>\n<strong>Departamento: Faculdade de Medicina da Bahia\/Patologia e Medicina Legal:<\/strong> MEDD94 &#8211; Patologia Humana I; MEDE04 &#8211; Patologia Humana II; MEDE13 &#8211; Patologia Humana III; MEDD76 &#8211; Patologia geral para Terapia Ocupacional; MEDC75 &#8211; T\u00f3picos em Patologia; MED956 &#8211; Resid\u00eancia M\u00e9dica em Patologia (2), MED 142 &#8211; Medicina Legal, MED146 &#8211; Odontologia Legal, MED E01 &#8211; Medicina Legal e Per\u00edcia M\u00e9dica, MEDB56 &#8211; Medicina Legal (1);<br \/>\n<strong>Departamento: Instituto de Ci\u00eancia da Computa\u00e7\u00e3o\/Fundamentos e Processos Informacionais:<\/strong> Gest\u00e3o da Informa\u00e7\u00e3o e de Unidade de Informa\u00e7\u00e3o (2);<br \/>\n<strong>Departamento: Instituto de F\u00edsica \/ F\u00edsica do Estado S\u00f3lido:<\/strong> F\u00edsica At\u00f4mica e Molecular Experimental (2);<br \/>\n<strong>Departamento: Instituto de F\u00edsica \/ F\u00edsica Geral:<\/strong> Hist\u00f3ria e Filosofia da F\u00edsica (1);<br \/>\n<strong>Departamento: Instituto de Letras \/ Coordena\u00e7\u00e3o Acad\u00eamica de Ensino de Letras:<\/strong> L\u00edngua, Literatura e Forma\u00e7\u00e3o de Professores de L\u00edngua Alem\u00e3 e suas Literaturas (1), L\u00edngua Portuguesa com \u00eanfase em Dialetologia e Sociolingu\u00edstica (1), L\u00edngua Portuguesa com \u00eanfase em Estudos Lexicais e Sem\u00e2nticos (1), Lingu\u00edstica com \u00eanfase em L\u00ednguas Africanas Aut\u00f3ctones (1);<br \/>\n<strong>Departamento: Instituto de Matem\u00e1tica e Estat\u00edstica\/Estat\u00edstica:<\/strong> M\u00e9todos Estat\u00edsticos e Computacionais (1);<br \/>\n<strong>Departamento: Instituto de Qu\u00edmica\/F\u00edsico-Qu\u00edmica:<\/strong> F\u00edsico-Qu\u00edmica (1).<\/p>\n<p>As vagas acima devem ser lotadas nos Campi de Cama\u00e7ari e Salvador.<\/p>\n<p>Os valores remunerat\u00f3rios situam-se entre <strong>R$ 2.437,57<\/strong> a <strong>R$ 10.481,64<\/strong>, para jornadas de trabalho de <strong>20h<\/strong> ou <strong>40 horas<\/strong>.<\/p>\n<p>Confiram os requisitos para concorrer \u00e0s vagas no quadro de vagas abaixo:<\/p>\n<p><strong>Clique abaixo para exibir o quadro de vagas do Concurso P\u00fablico da UFBA (Edital 001\/2023)<\/strong><br \/>\n<a target=\"_blank\" href=\"https:\/\/www.agrobase.com.br\/concursos\/wp-content\/uploads\/sites\/4\/2023\/07\/quadro-de-vagas-edital-001-2023-ufba.pdf\" rel=\"noopener\"><img loading=\"lazy\" decoding=\"async\" src=\"https:\/\/www.agrobase.com.br\/concursos\/wp-content\/uploads\/sites\/4\/2023\/07\/quadro-de-vagas-ufba.png\" alt=\"Vagas Concurso P\u00fablico Universidade Federal da Bahia (PDF)\" width=\"570\" height=\"160\" class=\"aligncenter size-full\" \/><\/a><\/p>\n<h2>Inscri\u00e7\u00f5es<\/h2>\n<ul>\n<li><strong>Internet:<\/strong> as inscri\u00e7\u00f5es estar\u00e3o abertas no per\u00edodo de <strong>04 de julho de 2023<\/strong> at\u00e9 \u00e0s 12h do dia <strong>18 de agosto de 2023<\/strong>. A ficha de inscri\u00e7\u00e3o fica dispon\u00edvel atrav\u00e9s do endere\u00e7o eletr\u00f4nico <a href=\"https:\/\/siscon.ufba.br\/siscon\/Welcome.do\" rel=\"noopener\" target=\"_blank\">siscon.ufba.br<\/a>.<\/li>\n<\/ul>\n<p>Valor da taxa de inscri\u00e7\u00e3o da Classe A, com denomina\u00e7\u00f5es de:<\/p>\n<p>Professor Auxiliar: <strong>R$ 150,00 (cento e cinquenta reais)<\/strong>;<br \/>\nProfessor Assistente \u201cA\u201d: <strong>R$ 180,00 (cento e oitenta reais)<\/strong>;<br \/>\nProfessor Adjunto \u201cA\u201d: <strong>R$ 200,00 (duzentos reais)<\/strong>.<\/p>\n<h2>Provas<\/h2>\n<p>Com rela\u00e7\u00e3o ao processo de sele\u00e7\u00e3o e a realiza\u00e7\u00e3o das provas que o comp\u00f5em, observem:<\/p>\n<ol>\n<li><strong>Prova Te\u00f3rico-pr\u00e1tica ou Escrita.<\/strong> De car\u00e1ter eliminat\u00f3rio e classificat\u00f3rio.<\/li>\n<li><strong>Prova Did\u00e1tica.<\/strong> De car\u00e1ter classificat\u00f3rio.<\/li>\n<li><strong>Prova de T\u00edtulos.<\/strong> De car\u00e1ter classificat\u00f3rio.<\/li>\n<li><strong>Prova de Defesa de Memorial.<\/strong> De car\u00e1ter classificat\u00f3rio.<\/li>\n<\/ol>\n<h2>Resultado<\/h2>\n<p>A UFBA homologar\u00e1 e publicar\u00e1 no Di\u00e1rio Oficial da Uni\u00e3o a rela\u00e7\u00e3o dos candidatos aprovados no Concurso.<\/p>\n","protected":false},"excerpt":{"rendered":"<p>Lan\u00e7ado edital de abertura para um novo Concurso P\u00fablico da UFBA, que conta com 33 vagas para professores do Magist\u00e9rio Superior.<\/p>\n","protected":false},"author":7,"featured_media":225141,"comment_status":"open","ping_status":"open","sticky":false,"template":"","format":"standard","meta":{"_acf_changed":false,"_breakdance_hide_in_design_set":false,"_breakdance_tags":"","footnotes":""},"categories":[140,79,125,136,17,112,122,100,20,116,21,119,23,27,118],"tags":[42],"_amplo":[],"destaque":[],"instituicoes":[790],"class_list":["post-225139","post","type-post","status-publish","format-standard","has-post-thumbnail","hentry","category-artes-plasticas","category-engenharia-alimentos","category-engenharia-producao","category-estatistica","category-farmacia","category-filosofia","category-fisica","category-historia","category-letras","category-matematica","category-medicina","category-musica","category-nutricao","category-quimica","category-sociologia","tag-bahia","instituicoes-universidade-federal-da-bahia-ufba"],"acf":{"_tipo_vagas":"vagas","_numero_vagas":33,"_quadro_vagas":null,"_cargos":"professores","_cargos_especificos":"","_salario_max":"R$","_abertura":"20230704","_encerramento":"20230818","_inscricoes":"","_executora_concurso":"","_instituicao_concurso":[790],"_link_adicional":null,"_anexos":[{"_arquivo_anexo":225142,"_titulo_anexo":"Edital 001\/2023"}],"_produtos":null,"_vagas":"","_salario_min":"","_instituicao":"","_edital":"","_anexos_edital":"","_fund_incompleto":"","_fund_completo":"","_medio":"","_superior":""},"_links":{"self":[{"href":"https:\/\/www.agrobase.com.br\/concursos\/wp-json\/wp\/v2\/posts\/225139","targetHints":{"allow":["GET"]}}],"collection":[{"href":"https:\/\/www.agrobase.com.br\/concursos\/wp-json\/wp\/v2\/posts"}],"about":[{"href":"https:\/\/www.agrobase.com.br\/concursos\/wp-json\/wp\/v2\/types\/post"}],"author":[{"embeddable":true,"href":"https:\/\/www.agrobase.com.br\/concursos\/wp-json\/wp\/v2\/users\/7"}],"replies":[{"embeddable":true,"href":"https:\/\/www.agrobase.com.br\/concursos\/wp-json\/wp\/v2\/comments?post=225139"}],"version-history":[{"count":0,"href":"https:\/\/www.agrobase.com.br\/concursos\/wp-json\/wp\/v2\/posts\/225139\/revisions"}],"acf:term":[{"embeddable":true,"taxonomy":"instituicoes","href":"https:\/\/www.agrobase.com.br\/concursos\/wp-json\/wp\/v2\/instituicoes\/790"}],"wp:featuredmedia":[{"embeddable":true,"href":"https:\/\/www.agrobase.com.br\/concursos\/wp-json\/wp\/v2\/media\/225141"}],"wp:attachment":[{"href":"https:\/\/www.agrobase.com.br\/concursos\/wp-json\/wp\/v2\/media?parent=225139"}],"wp:term":[{"taxonomy":"category","embeddable":true,"href":"https:\/\/www.agrobase.com.br\/concursos\/wp-json\/wp\/v2\/categories?post=225139"},{"taxonomy":"post_tag","embeddable":true,"href":"https:\/\/www.agrobase.com.br\/concursos\/wp-json\/wp\/v2\/tags?post=225139"},{"taxonomy":"_amplo","embeddable":true,"href":"https:\/\/www.agrobase.com.br\/concursos\/wp-json\/wp\/v2\/_amplo?post=225139"},{"taxonomy":"destaque","embeddable":true,"href":"https:\/\/www.agrobase.com.br\/concursos\/wp-json\/wp\/v2\/destaque?post=225139"},{"taxonomy":"instituicoes","embeddable":true,"href":"https:\/\/www.agrobase.com.br\/concursos\/wp-json\/wp\/v2\/instituicoes?post=225139"}],"curies":[{"name":"wp","href":"https:\/\/api.w.org\/{rel}","templated":true}]}}