{"id":225108,"date":"2023-08-07T08:20:27","date_gmt":"2023-08-07T11:20:27","guid":{"rendered":"https:\/\/www.agrobase.com.br\/concursos\/?p=225108"},"modified":"2023-08-04T16:32:57","modified_gmt":"2023-08-04T19:32:57","slug":"concurso-publico-de-carandai-mg-edital-001-2023","status":"publish","type":"post","link":"https:\/\/www.agrobase.com.br\/concursos\/2023\/concurso-publico-de-carandai-mg-edital-001-2023\/","title":{"rendered":"Concurso P\u00fablico de Caranda\u00ed &#8211; MG | Edital 001\/2023 [Prorrogado]"},"content":{"rendered":"<p>Postado edital de abertura do Concurso P\u00fablico de <a href=\"https:\/\/www.carandai.mg.gov.br\/\" title=\"Prefeitura de Caranda\u00ed\" target=\"_blank\" rel=\"noopener\">Caranda\u00ed &#8211; MG<\/a>, que deve selecionar pessoal para preenchimento de 236 vagas efetivas.<\/p>\n<h2>Cargos e Remunera\u00e7\u00e3o<\/h2>\n<p>De acordo com o edital, o Concurso da Prefeitura de Caranda\u00ed, em Minas Gerais, a previs\u00e3o \u00e9 de que sejam preenchidas <strong>236 vagas<\/strong> em cargos de n\u00edvel fundamental, m\u00e9dio, t\u00e9cnico e superior, nas seguintes fun\u00e7\u00f5es:<\/p>\n<p><strong>N\u00edvel alfabetizado:<\/strong> Auxiliar de Servi\u00e7os Gerais (20); Calceteiro (10); Carpinteiro (2); Conservador de Estradas e Logradouros (14); Oper\u00e1rio; Pintor (1);<\/p>\n<p><strong>N\u00edvel fundamental:<\/strong> Auxiliar Cuidador da Casa Lar (4); Borracheiro (1); Cozinheiro (5); Mec\u00e2nico (2); Motorista (19); Porteiro;<\/p>\n<p><strong>N\u00edvel m\u00e9dio\/t\u00e9cnico:<\/strong> Agente Administrativo (10); Agente de Almoxarifado da Creche Pr\u00f3-Inf\u00e2ncia (1); Agente Educador (10); Assistente Escolar Especializado &#8211; AEE (14); Auxiliar de Distribui\u00e7\u00e3o de Alimenta\u00e7\u00e3o Escolar (2); Cuidador da Casa Lar (4); Fiscal <a href=\"https:\/\/www.agrobase.com.br\/concursos\/vagas\/engenharia-ambiental\/\" rel=\"noopener\" target=\"_blank\">Ambiental <\/a>(1); Fiscal de Obras; Fiscal de Posturas (1); Fiscal Sanit\u00e1rio (1); Monitor de Creche (5); Operador de Motoniveladora (2); Operador de Retroescavadeira (2); Professor I (26); Recepcionista (5); Secret\u00e1rio Escolar (4); Secret\u00e1rio Escolar da Creche Pr\u00f3-Inf\u00e2ncia (1); T\u00e9cnico em Inform\u00e1tica (4); T\u00e9cnico em Meio Ambiente; T\u00e9cnico em Nutri\u00e7\u00e3o e Diet\u00e9tica (1); T\u00e9cnico em Seguran\u00e7a do Trabalho;<\/p>\n<p><strong>N\u00edvel superior:<\/strong> Administrador de Redes (1); Advogado (2); Arquivista (1); Assistente Social (2); Auxiliar de Coordena\u00e7\u00e3o Pedag\u00f3gica da Creche Pr\u00f3-Inf\u00e2ncia (1); Bibliotec\u00e1rio; <a href=\"https:\/\/www.agrobase.com.br\/concursos\/vagas\/biologia\/\" rel=\"noopener\" target=\"_blank\">Bi\u00f3logo<\/a>; Contador; Controlador Geral (1); Coordenador Pedag\u00f3gico da Creche Pr\u00f3- Inf\u00e2ncia (1); Engenheiro Civil (1); <a href=\"https:\/\/www.agrobase.com.br\/concursos\/vagas\/engenharia-florestal\/\" rel=\"noopener\" target=\"_blank\">Engenheiro Florestal<\/a> (1); Especialista em Educa\u00e7\u00e3o (3); Farmac\u00eautico (1); Fiscal Tribut\u00e1rio; Fisioterapeuta (1); Fonoaudi\u00f3logo (2); M\u00e9dico &#8211; Especialista em Sa\u00fade Menta (1); M\u00e9dico do Trabalho (1); <a href=\"https:\/\/www.agrobase.com.br\/concursos\/vagas\/veterinaria\/\" rel=\"noopener\" target=\"_blank\">M\u00e9dico Veterin\u00e1rio<\/a> &#8211; 30 horas; <a href=\"https:\/\/www.agrobase.com.br\/concursos\/vagas\/nutricao\/\" rel=\"noopener\" target=\"_blank\">Nutricionista<\/a> (2); Professor de Creche Pr\u00f3-Inf\u00e2ncia (4); Professor de M\u00fasica; Professor II &#8211; Artes; Professor II &#8211; Ci\u00eancias (3); Professor II &#8211; Educa\u00e7\u00e3o F\u00edsica (7); Professor II &#8211; Ensino Religioso; Professor II &#8211; Geografia (3); Professor II &#8211; Hist\u00f3ria (3); Professor II &#8211; Ingl\u00eas (2); Professor II &#8211; Matem\u00e1tica (3); Professor II &#8211; Portugu\u00eas (1); Psic\u00f3logo (4).<\/p>\n<p>Tamb\u00e9m h\u00e1 vagas dispon\u00edveis na Administra\u00e7\u00e3o Indireta do Munic\u00edpio, entre elas:<\/p>\n<p><strong>Instituto de Previd\u00eancia:<\/strong> Auxiliar de Servi\u00e7os Gerais; Agente Administrativo; Contador (1);<br \/>\n<strong>Autarquia Hospital Municipal Sant&#8217;ana de Caranda\u00ed:<\/strong> Auxiliar de Servi\u00e7os Gerais (4); T\u00e9cnico em Enfermagem (6); Fisioterapeuta Respirat\u00f3rio (1).<\/p>\n<p>Os sal\u00e1rios variam de acordo com o cargo, indo de <strong>R$ 1.341,35<\/strong> a <strong>R$ 7.076,02<\/strong>, ou de <strong>R$ 32,91<\/strong> por horas-aula para os Professores, referente a jornada de trabalho de <strong>20h<\/strong> a <strong>40 horas semanais<\/strong>.<\/p>\n<p><strong>Clique abaixo para exibir o quadro de vagas do Concurso P\u00fablico de Caranda\u00ed &#8211; MG (Edital 001\/2023)<\/strong><br \/>\n<a target=\"_blank\" href=\"https:\/\/www.agrobase.com.br\/concursos\/wp-content\/uploads\/sites\/4\/2023\/07\/quadro-de-vagas-edital-001-2023-carandai-mg.pdf\" rel=\"noopener\"><img loading=\"lazy\" decoding=\"async\" src=\"https:\/\/www.agrobase.com.br\/concursos\/wp-content\/uploads\/sites\/4\/2023\/07\/quadro-de-vagas-carandai.png\" alt=\"Vagas Concurso P\u00fablico Prefeitura Caranda\u00ed (PDF)\" width=\"570\" height=\"160\" class=\"aligncenter size-full\" \/><\/a><\/p>\n<h2>Inscri\u00e7\u00f5es<\/h2>\n<p>As inscri\u00e7\u00f5es poder\u00e3o ser feitas de forma online no endere\u00e7o eletr\u00f4nico do Instituto Avalia, no per\u00edodo das <del datetime=\"2023-08-04T18:18:22+00:00\">10h do dia 28 de agosto de 2023 at\u00e9 10 de outubro de 2023<\/del> 10h do dia <strong>14 de setembro de 2023<\/strong> a<strong> 19 de outubro de 2023<\/strong>.<\/p>\n<p><strong>R$ 70,00 (setenta reais):<\/strong> Cargos de N\u00edvel Fundamental;<br \/>\n<strong>R$ 80,00 (oitenta reais):<\/strong> Cargos de N\u00edvel M\u00e9dio;<br \/>\n<strong>R$ 90,00 (noventa reais):<\/strong> Cargos de N\u00edvel T\u00e9cnico;<br \/>\n<strong>R$ 100,00 (cem reais):<\/strong> Cargos de N\u00edvel Superior.<\/p>\n<h2>Provas<\/h2>\n<ol>\n<li><strong>Prova Objetiva:<\/strong> prevista para ser aplicada no dia <strong>19 de novembro de 2023<\/strong>.<\/li>\n<li><strong>Teste de Aptid\u00e3o F\u00edsica.<\/strong> Apenas para Auxiliar de Distribui\u00e7\u00e3o de Alimenta\u00e7\u00e3o Escolar, Calceteiro, Conservador de Estradas e Logradouros e Oper\u00e1rio.<\/li>\n<\/ol>\n<h2>Resultado<\/h2>\n<p>O resultado final do Concurso P\u00fablico, ap\u00f3s decididos todos os recursos interpostos, ser\u00e1 homologado pelo Prefeitura Municipal de Caranda\u00ed e publicado em Di\u00e1rio Oficial Eletr\u00f4nico de Caranda\u00ed e no endere\u00e7o eletr\u00f4nico www.avalia.org.br.<\/p>\n","protected":false},"excerpt":{"rendered":"<p>Postado edital de abertura do Concurso P\u00fablico de Caranda\u00ed &#8211; MG, que deve selecionar pessoal para preenchimento de 236 vagas efetivas.<\/p>\n","protected":false},"author":7,"featured_media":225109,"comment_status":"open","ping_status":"open","sticky":false,"template":"","format":"standard","meta":{"_acf_changed":false,"_breakdance_hide_in_design_set":false,"_breakdance_tags":"","footnotes":""},"categories":[144,94,6,9,10,141,11,13,14,15,17,18,19,111,100,20,116,21,22,119,23,25,26,101,31,108,130,157],"tags":[50],"_amplo":[],"destaque":[],"instituicoes":[671],"class_list":["post-225108","post","type-post","status-publish","format-standard","has-post-thumbnail","hentry","category-arquivologia","category-biblioteconomia","category-biologia","category-ciencias-contabeis","category-direito","category-educacao-artistica","category-educacao-fisica","category-engenharia-ambiental","category-engenharia","category-engenharia-florestal","category-farmacia","category-fisioterapia","category-fonoaudiologia","category-geografia","category-historia","category-letras","category-matematica","category-medicina","category-veterinaria","category-musica","category-nutricao","category-pedagogia","category-psicologia","category-servico-social","category-tecnico-ambiental","category-tecnico-enfermagem","category-tecnico-informatica","category-tecnico-seguranca-trabalho","tag-minas-gerais","instituicoes-prefeitura-municipal-de-carandai-mg"],"acf":{"_tipo_vagas":"vagas","_numero_vagas":236,"_quadro_vagas":"","_cargos":"diversos","_cargos_especificos":"","_salario_max":"R$","_abertura":"20230914","_encerramento":"20231019","_inscricoes":"","_executora_concurso":196983,"_instituicao_concurso":[671],"_link_adicional":null,"_anexos":[{"_arquivo_anexo":225110,"_titulo_anexo":"Edital 001\/2023"},{"_arquivo_anexo":225113,"_titulo_anexo":"Conte\u00fado Program\u00e1tico"},{"_arquivo_anexo":225114,"_titulo_anexo":"Cronograma"},{"_arquivo_anexo":225115,"_titulo_anexo":"Requisitos"},{"_arquivo_anexo":227271,"_titulo_anexo":"Retifica\u00e7\u00f5es"}],"_produtos":null,"_vagas":"","_salario_min":"","_instituicao":"","_edital":"","_anexos_edital":"","_fund_incompleto":"","_fund_completo":"","_medio":"","_superior":""},"_links":{"self":[{"href":"https:\/\/www.agrobase.com.br\/concursos\/wp-json\/wp\/v2\/posts\/225108","targetHints":{"allow":["GET"]}}],"collection":[{"href":"https:\/\/www.agrobase.com.br\/concursos\/wp-json\/wp\/v2\/posts"}],"about":[{"href":"https:\/\/www.agrobase.com.br\/concursos\/wp-json\/wp\/v2\/types\/post"}],"author":[{"embeddable":true,"href":"https:\/\/www.agrobase.com.br\/concursos\/wp-json\/wp\/v2\/users\/7"}],"replies":[{"embeddable":true,"href":"https:\/\/www.agrobase.com.br\/concursos\/wp-json\/wp\/v2\/comments?post=225108"}],"version-history":[{"count":0,"href":"https:\/\/www.agrobase.com.br\/concursos\/wp-json\/wp\/v2\/posts\/225108\/revisions"}],"acf:term":[{"embeddable":true,"taxonomy":"instituicoes","href":"https:\/\/www.agrobase.com.br\/concursos\/wp-json\/wp\/v2\/instituicoes\/671"}],"acf:post":[{"embeddable":true,"href":"https:\/\/www.agrobase.com.br\/concursos\/wp-json\/wp\/v2\/executora\/196983"}],"wp:featuredmedia":[{"embeddable":true,"href":"https:\/\/www.agrobase.com.br\/concursos\/wp-json\/wp\/v2\/media\/225109"}],"wp:attachment":[{"href":"https:\/\/www.agrobase.com.br\/concursos\/wp-json\/wp\/v2\/media?parent=225108"}],"wp:term":[{"taxonomy":"category","embeddable":true,"href":"https:\/\/www.agrobase.com.br\/concursos\/wp-json\/wp\/v2\/categories?post=225108"},{"taxonomy":"post_tag","embeddable":true,"href":"https:\/\/www.agrobase.com.br\/concursos\/wp-json\/wp\/v2\/tags?post=225108"},{"taxonomy":"_amplo","embeddable":true,"href":"https:\/\/www.agrobase.com.br\/concursos\/wp-json\/wp\/v2\/_amplo?post=225108"},{"taxonomy":"destaque","embeddable":true,"href":"https:\/\/www.agrobase.com.br\/concursos\/wp-json\/wp\/v2\/destaque?post=225108"},{"taxonomy":"instituicoes","embeddable":true,"href":"https:\/\/www.agrobase.com.br\/concursos\/wp-json\/wp\/v2\/instituicoes?post=225108"}],"curies":[{"name":"wp","href":"https:\/\/api.w.org\/{rel}","templated":true}]}}