{"id":208474,"date":"2023-06-21T09:00:36","date_gmt":"2023-06-21T12:00:36","guid":{"rendered":"https:\/\/www.agrobase.com.br\/concursos\/?p=208474"},"modified":"2023-06-20T11:38:16","modified_gmt":"2023-06-20T14:38:16","slug":"processo-seletivo-da-ufsc-edital-033-2023","status":"publish","type":"post","link":"https:\/\/www.agrobase.com.br\/concursos\/2023\/processo-seletivo-da-ufsc-edital-033-2023\/","title":{"rendered":"Processo Seletivo da UFSC | Edital 033\/2023"},"content":{"rendered":"<p>Abertas as inscri\u00e7\u00f5es ao Processo Seletivo da <a target=\"_blank\" href=\"http:\/\/ufsc.br\/\" rel=\"noopener\">UFSC<\/a>, destinado \u00e0 contrata\u00e7\u00e3o de Professores Substitutos para os Campi de Ararangu\u00e1, Blumenau e Florian\u00f3polis\/Sede.<\/p>\n<h2>Cargos e Remunera\u00e7\u00e3o<\/h2>\n<p>O edital 033\/2023 do Processo Seletivo da Universidade Federal de Santa Catarina (UFSC), disp\u00f5e de <strong>18 vagas<\/strong> na fun\u00e7\u00e3o de Professor Substituto para atender os Campi e \u00e1reas a seguir:<\/p>\n<p><strong>Campus Ararangu\u00e1:<\/strong> Centro de Ci\u00eancias, Tecnologias e Sa\u00fade &#8211; CTS, no Departamento de Energia e Sustentabilidade &#8211; EES, nos Campos de conhecimento de Engenharias\/ Engenharia de Energia\/ Engenharia El\u00e9trica (1);<\/p>\n<p><strong>Campus Blumenau:<\/strong> Centro Tecnol\u00f3gico de Ci\u00eancias Exatas e Educa\u00e7\u00e3o &#8211; CTE, no Departamento de Engenharia de Controle, Automa\u00e7\u00e3o e Computa\u00e7\u00e3o &#8211; CAC no Campo de conhecimento de Engenharia El\u00e9trica (1);<\/p>\n<p><strong>Campus de Florian\u00f3polis (Campus-Sede):<\/strong> Centro de Ci\u00eancias Agr\u00e1rias &#8211; CCA, no Departamento de Zootecnia e Desenvolvimento Rural &#8211; ZDR, no Campo de conhecimento de Zootecnia (1); Centro de Ci\u00eancias Biol\u00f3gicas &#8211; CCB, no Departamento de Biologia Celular, Embriologia e Gen\u00e9tica &#8211; BEG, no Campo de conhecimento de Citogen\u00e9tica (1); Centro de Ci\u00eancias da Educa\u00e7\u00e3o &#8211; CED, no Col\u00e9gio de Aplica\u00e7\u00e3o &#8211; CA, no Campo de conhecimento de Educa\u00e7\u00e3o Geral &#8211; Anos Iniciais (1); Centro de Ci\u00eancias da Educa\u00e7\u00e3o &#8211; CED, no Departamento de Estudos Especializados em Educa\u00e7\u00e3o &#8211; EED, nos Campos de conhecimento de Educa\u00e7\u00e3o\/Filosofia da Educa\u00e7\u00e3o\/Teorias da Educa\u00e7\u00e3o (1); Centro de Ci\u00eancias da Sa\u00fade &#8211; CCS, no Departamento de Enfermagem &#8211; NFR, no Campo de conhecimento de Enfermagem de Sa\u00fade P\u00fablica (2); Centro de Ci\u00eancias F\u00edsicas e Matem\u00e1ticas &#8211; CFM, na Coordenadoria Especial de Oceanografia &#8211; OCN, no Campo de conhecimento de Gest\u00e3o Costeira Integrada (1); Centro de Ci\u00eancias Jur\u00eddicas &#8211; CCJ, no Departamento de Direito &#8211; DIR, no Campo de conhecimento de Direito Penal\/ Direito Processual Penal (1); Centro de Comunica\u00e7\u00e3o e Express\u00e3o &#8211; CCE, no Departamento de Design e Express\u00e3o Gr\u00e1fica &#8211; EGR, no Campo de conhecimento de Desenho Industrial (1); Centro de Comunica\u00e7\u00e3o e Express\u00e3o &#8211; CCE, Departamento de Jornalismo &#8211; JOR, no Campo de conhecimento de Jornalismo Aplicado ao Webdesign (1); Centro de Comunica\u00e7\u00e3o e Express\u00e3o &#8211; CCE, no Departamento de Libras &#8211; LSB, nos Campos de conhecimento de Lingu\u00edstica Aplicada\/Estudos da Tradu\u00e7\u00e3o e Interpreta\u00e7\u00e3o em Libras (1); Centro de Comunica\u00e7\u00e3o e Express\u00e3o &#8211; CCE, no Departamento de Libras &#8211; LSB, nos Campos de conhecimento de Lingu\u00edstica Aplicada\/Ensino-Aprendizagem de Libras (1); Centro de Filosofia e Ci\u00eancias Humanas &#8211; CFH, no Departamento de Antropologia &#8211; ANT, no Campo de conhecimento de Teoria Antropol\u00f3gica (1); Centro Socioecon\u00f4mico &#8211; CSE, no Departamento de Economia e Rela\u00e7\u00f5es Internacionais &#8211; CNM, no Campo de conhecimento de Rela\u00e7\u00f5es Internacionais (1); e Centro Tecnol\u00f3gico &#8211; CTC, no Departamento de Engenharia Qu\u00edmica e Engenharia de Alimentos &#8211; EQA, nos Campos de conhecimento de Engenharia Qu\u00edmica\/ Tecnologia Qu\u00edmica (1).<\/p>\n<p>Os docentes atuar]ao para cumprimento de jornadas de trabalho de <strong>20h<\/strong> ou <strong>40 horas semanais<\/strong>, os vencimentos variam de <strong>R$ 2.437,49<\/strong> a <strong>R$ 6.356,02<\/strong>, de acordo com a titula\u00e7\u00e3o e a carga hor\u00e1ria.<\/p>\n<p><strong>Clique abaixo para exibir o quadro de vagas do Processo Seletivo da UFSC (Edital 033\/2023)<\/strong><br \/>\n<a target=\"_blank\" href=\"https:\/\/www.agrobase.com.br\/concursos\/wp-content\/uploads\/sites\/4\/2023\/06\/quadro-de-vagas-edital-033-2023-ufsc.pdf\" rel=\"noopener\"><img loading=\"lazy\" decoding=\"async\" src=\"https:\/\/www.agrobase.com.br\/concursos\/wp-content\/uploads\/sites\/4\/2017\/06\/quadro-de-vagas-do-processo-seletivo-da-ufsc.png\" alt=\"Vagas Concurso P\u00fablico UFSC (PDF)\" width=\"570\" height=\"160\" class=\"aligncenter size-full\" \/><\/a><\/p>\n<h2>Inscri\u00e7\u00e3o<\/h2>\n<ul>\n<li><strong>Internet:<\/strong> o per\u00edodo para inscri\u00e7\u00f5es ao processo de sele\u00e7\u00e3o para professores da UFSC segue das 08h de <strong>19 de junho de 2023<\/strong> at\u00e9 \u00e0s 17h do dia <strong>23 de junho de 2023<\/strong>, por meio do envio da documenta\u00e7\u00e3o pedido no edital ao correspondente e-mail do respectivo campus onde a vaga \u00e9 oferecida.<\/li>\n<\/ul>\n<p><\/p>\n<p>A taxa de inscri\u00e7\u00e3o ser\u00e1 de <strong>R$ 52,13<\/strong>.<\/p>\n<h2>Provas<\/h2>\n<p>A sele\u00e7\u00e3o da UFSC utilizar\u00e1 como avalia\u00e7\u00e3o as provas, a saber:<\/p>\n<ol>\n<li><strong>Prova Did\u00e1tica.<\/strong><\/li>\n<li><strong>Provas de T\u00edtulos.<\/strong><\/li>\n<\/ol>\n<h2>Resultado<\/h2>\n<p>O resultado final do PSS da UFSC ser\u00e1 divulgado no site da Universidade e no Di\u00e1rio Oficial da Uni\u00e3o.<\/p>\n","protected":false},"excerpt":{"rendered":"<p>Abertas as inscri\u00e7\u00f5es ao Processo Seletivo da UFSC, destinado \u00e0 contrata\u00e7\u00e3o de Professores Substitutos para os Campi de Ararangu\u00e1, Blumenau e Florian\u00f3polis\/Sede.<\/p>\n","protected":false},"author":7,"featured_media":208478,"comment_status":"open","ping_status":"open","sticky":false,"template":"","format":"standard","meta":{"_acf_changed":false,"_breakdance_hide_in_design_set":false,"_breakdance_tags":"","footnotes":""},"categories":[6,113,10,12,79,103,102,112,111,100,99,20,22,98,25,26,149,101,118,28],"tags":[61],"_amplo":[],"destaque":[],"instituicoes":[286],"class_list":["post-208474","post","type-post","status-publish","format-standard","has-post-thumbnail","hentry","category-biologia","category-desenho-industrial","category-direito","category-enfermagem","category-engenharia-alimentos","category-engenharia-eletrica","category-engenharia-quimica","category-filosofia","category-geografia","category-historia","category-jornalismo","category-letras","category-veterinaria","category-oceanografia","category-pedagogia","category-psicologia","category-relacoes-internacionais","category-servico-social","category-sociologia","category-zootecnia","tag-santa-catarina","instituicoes-universidade-federal-de-santa-catarina-ufsc"],"acf":{"_tipo_vagas":"vagas","_numero_vagas":18,"_quadro_vagas":null,"_cargos":"professores","_cargos_especificos":"","_salario_max":"R$","_abertura":"20230619","_encerramento":"20230623","_inscricoes":"","_executora_concurso":"","_instituicao_concurso":[286],"_link_adicional":null,"_anexos":[{"_arquivo_anexo":208475,"_titulo_anexo":"Edital 033\/2023"}],"_produtos":null,"_vagas":"","_salario_min":"","_instituicao":"","_edital":"","_anexos_edital":"","_fund_incompleto":"","_fund_completo":"","_medio":"","_superior":""},"_links":{"self":[{"href":"https:\/\/www.agrobase.com.br\/concursos\/wp-json\/wp\/v2\/posts\/208474","targetHints":{"allow":["GET"]}}],"collection":[{"href":"https:\/\/www.agrobase.com.br\/concursos\/wp-json\/wp\/v2\/posts"}],"about":[{"href":"https:\/\/www.agrobase.com.br\/concursos\/wp-json\/wp\/v2\/types\/post"}],"author":[{"embeddable":true,"href":"https:\/\/www.agrobase.com.br\/concursos\/wp-json\/wp\/v2\/users\/7"}],"replies":[{"embeddable":true,"href":"https:\/\/www.agrobase.com.br\/concursos\/wp-json\/wp\/v2\/comments?post=208474"}],"version-history":[{"count":0,"href":"https:\/\/www.agrobase.com.br\/concursos\/wp-json\/wp\/v2\/posts\/208474\/revisions"}],"acf:term":[{"embeddable":true,"taxonomy":"instituicoes","href":"https:\/\/www.agrobase.com.br\/concursos\/wp-json\/wp\/v2\/instituicoes\/286"}],"wp:featuredmedia":[{"embeddable":true,"href":"https:\/\/www.agrobase.com.br\/concursos\/wp-json\/wp\/v2\/media\/208478"}],"wp:attachment":[{"href":"https:\/\/www.agrobase.com.br\/concursos\/wp-json\/wp\/v2\/media?parent=208474"}],"wp:term":[{"taxonomy":"category","embeddable":true,"href":"https:\/\/www.agrobase.com.br\/concursos\/wp-json\/wp\/v2\/categories?post=208474"},{"taxonomy":"post_tag","embeddable":true,"href":"https:\/\/www.agrobase.com.br\/concursos\/wp-json\/wp\/v2\/tags?post=208474"},{"taxonomy":"_amplo","embeddable":true,"href":"https:\/\/www.agrobase.com.br\/concursos\/wp-json\/wp\/v2\/_amplo?post=208474"},{"taxonomy":"destaque","embeddable":true,"href":"https:\/\/www.agrobase.com.br\/concursos\/wp-json\/wp\/v2\/destaque?post=208474"},{"taxonomy":"instituicoes","embeddable":true,"href":"https:\/\/www.agrobase.com.br\/concursos\/wp-json\/wp\/v2\/instituicoes?post=208474"}],"curies":[{"name":"wp","href":"https:\/\/api.w.org\/{rel}","templated":true}]}}