{"id":208407,"date":"2023-06-19T08:50:56","date_gmt":"2023-06-19T11:50:56","guid":{"rendered":"https:\/\/www.agrobase.com.br\/concursos\/?p=208407"},"modified":"2023-11-14T10:39:53","modified_gmt":"2023-11-14T13:39:53","slug":"processo-seletivo-da-uel-pr-edital-081-2023","status":"publish","type":"post","link":"https:\/\/www.agrobase.com.br\/concursos\/2023\/processo-seletivo-da-uel-pr-edital-081-2023\/","title":{"rendered":"Processo Seletivo da UEL &#8211; PR | Edital 081\/2023"},"content":{"rendered":"<p>A Universidade Estadual de Londrina (UEL &#8211; PR) abre o Processo Seletivo, que pretendendo realizar cadastro reserva de professores tempor\u00e1rios.<\/p>\n<h2>Cargos e Remunera\u00e7\u00e3o<\/h2>\n<p>O edital 081\/2023 selecionar\u00e1 professores para a UEL, onde formar\u00e1 cadastro reserva em diversas \u00e1reas de atua\u00e7\u00e3o como:<\/p>\n<p><strong>Centro de Letras e Ci\u00eancias Humanas &#8211; Departamento de Letras Estrangeiras Modernas:<\/strong> L\u00edngua Inglesa e Pr\u00e1tica de Ensino de L\u00edngua Inglesa e L\u00edngua Espanhola\/L\u00edngua Espanhola, Literatura e Metodologia do Ensino de Espanhol.<br \/>\n<strong>Centro de Ci\u00eancias Biol\u00f3gicas &#8211; Departamento de Biologia Geral:<\/strong> Metodologia e Pr\u00e1tica de Ensino de Ci\u00eancias e Biologia; Embriologia\/Morfologia e Gen\u00e9tica.<br \/>\n<strong>Centro de Ci\u00eancias Biol\u00f3gicas &#8211; Departamento de Anatomia:<\/strong> Morfologia\/Anatomia Humana.<br \/>\n<strong>Centro de Ci\u00eancias Biol\u00f3gicas &#8211; Departamento de Ci\u00eancias Patol\u00f3gicas:<\/strong> Patologia Geral.<br \/>\n<strong>Centro de Ci\u00eancias Biol\u00f3gicas &#8211; Departamento de Psicologia E Psican\u00e1lise:<\/strong> Psicologia\/Psican\u00e1lise.<br \/>\n<strong>Centro de Ci\u00eancias Biol\u00f3gicas &#8211; Departamento de Microbiologia:<\/strong> Microbiologia\/Virologia.<br \/>\n<strong>Centro de Ci\u00eancias Exatas &#8211; Departamento de Qu\u00edmica:<\/strong> Qu\u00edmica\/Ensino de Qu\u00edmica; Qu\u00edmica\/F\u00edsico-Qu\u00edmica; Qu\u00edmica\/Qu\u00edmica Inorg\u00e2nica; Qu\u00edmica\/Qu\u00edmica Anal\u00edtica e Qu\u00edmica\/Qu\u00edmica Org\u00e2nica.<br \/>\n<strong>Centro de Ci\u00eancias Exatas &#8211; Departamento de Geoci\u00eancias:<\/strong> Geografia\/Geografia F\u00edsica; Geografia\/Geografia Humana; Geografia\/Geografia Humana\/Geografia Agr\u00e1ria; Geografia\/Cartografia e Geotecnologia\/Cartografia e Geografia\/Cartografia e Geotecnologia\/Geotecnologias.<br \/>\n<strong>Centro de Ci\u00eancias Exatas &#8211; Departamento de Estat\u00edstica:<\/strong> Estat\u00edstica\/Estat\u00edstica Experimental.<br \/>\n<strong>Centro de Ci\u00eancias Exatas &#8211; Departamento de Bioqu\u00edmica e Biotecnologia:<\/strong> Biotecnologia\/Biologia Molecular e Biotecnologia\/Biorreatores.<br \/>\n<strong>Centro de Estudos Sociais Aplicados &#8211; Departamento de Direito P\u00fablico:<\/strong> Direito P\u00fablico\/Direito Processual Civil.<br \/>\n<strong>Centro de Ci\u00eancias da Sa\u00fade &#8211; Departamento de Cl\u00ednica M\u00e9dica:<\/strong> Medicina\/Psiquiatria; Medicina\/Hematologia; Medicina\/Gastroenterologia e Medicina\/Medicina Intensiva.<br \/>\n<strong>Centro de Ci\u00eancias da Sa\u00fade &#8211; Departamento de Cl\u00ednica Cir\u00fargica:<\/strong> Medicina\/Anestesiologia e Medicina\/Cirurgia do Quadril.<br \/>\n<strong>Centro de Ci\u00eancias da Sa\u00fade &#8211; Departamento de Enfermagem:<\/strong> Enfermagem\/Enfermagem em Sa\u00fade da Mulher e G\u00eanero; Enfermagem\/Enfermagem em Infectologia; Enfermagem\/Enfermagem em Sa\u00fade da Crian\u00e7a, Neonato e Adolescente e Enfermagem\/Enfermagem Perioperat\u00f3ria e Centro de Materiais e Esteriliza\u00e7\u00e3o.<br \/>\n<strong>Centro de Ci\u00eancias da Sa\u00fade &#8211; Centro de Ci\u00eancias da Sa\u00fade &#8211; Departamento de Enfermagem:<\/strong> Nutri\u00e7\u00e3o\/Nutri\u00e7\u00e3o em Sa\u00fade P\u00fablica e Nutri\u00e7\u00e3o Materno-Infantil e Microbiologia Cl\u00ednica\/Micologia.<br \/>\n<strong>Centro de Ci\u00eancias da Sa\u00fade &#8211; Centro de Ci\u00eancias da Sa\u00fade &#8211; Departamento de Odontologia Restauradora:<\/strong> Odontologia\/Endodontia; Odontologia\/Cl\u00ednica Integrada e Odontologia\/Pr\u00f3tese Dent\u00e1ria.<br \/>\n<strong>Centro de Ci\u00eancias da Sa\u00fade &#8211; Centro de Ci\u00eancias da Sa\u00fade &#8211; Departamento de Medicina Oral e Odontologia Infantil:<\/strong> Odontologia\/Sa\u00fade Coletiva.<br \/>\n<strong>Centro de Ci\u00eancias da Sa\u00fade &#8211; Centro de Ci\u00eancias da Sa\u00fade &#8211; Departamento de Fisioterapia:<\/strong> Fisioterapia\/Fisioterapia em Sa\u00fade Coletiva; Fisioterapia em Traumato-Ortopedia Funcional e Fisioterapia\/Fisioterapia em Uro-Ginecologia, Obstetr\u00edcia e Oncologia Mam\u00e1ria.<br \/>\n<strong>Centro de Ci\u00eancias da Sa\u00fade &#8211; Centro de Ci\u00eancias da Sa\u00fade &#8211; Departamento de Pediatria e Cirurgia Pedi\u00e1trica:<\/strong> Pediatria\/Reumatologia Pedi\u00e1trica; Pediatria\/Neonatologia; Pediatria\/Gastroenterologia; Pediatria\/Cirurgia Pedi\u00e1trica e Pediatria\/Hebeatria.<br \/>\n<strong>Centro de Ci\u00eancias da Sa\u00fade &#8211; Centro de Ci\u00eancias da Sa\u00fade &#8211; Departamento de Ginecologia e Obstetr\u00edcia:<\/strong> Ginecologia\/Obstetr\u00edcia-Ginecologia.<br \/>\n<strong>Centro de Ci\u00eancias da Sa\u00fade &#8211; Centro de Ci\u00eancias da Sa\u00fade &#8211; Departamento de Sa\u00fade Coletiva:<\/strong> Sa\u00fade Coletiva\/Enfermagem; Sa\u00fade Coletiva\/Medicina e Sa\u00fade Coletiva\/Medicina.<br \/>\n<strong>Centro de Ci\u00eancias da Sa\u00fade &#8211; Centro de Ci\u00eancias da Sa\u00fade &#8211; Departamento de Ci\u00eancias Farmac\u00eauticas:<\/strong> Farm\u00e1cia\/Procedimentos e Habilidades Cl\u00ednicas Farmac\u00eauticas; Supervis\u00e3o de Est\u00e1gio em Cuidado Farmac\u00eautico.<br \/>\n<strong>Centro de Educa\u00e7\u00e3o, Comunica\u00e7\u00e3o e Artes &#8211; Departamento de Educa\u00e7\u00e3o:<\/strong> Psicologia da Educa\u00e7\u00e3o\/Educa\u00e7\u00e3o Inclusiva; Gest\u00e3o da Educa\u00e7\u00e3o e Pol\u00edticas Educacionais, Estado e Sociedade.<br \/>\n<strong>Centro de Educa\u00e7\u00e3o, Comunica\u00e7\u00e3o e Artes &#8211; Departamento de Comunica\u00e7\u00e3o:<\/strong> Jornalismo\/Fotojornalismo; Jornalismo\/Diagrama\u00e7\u00e3o; Rela\u00e7\u00f5es P\u00fablicas\/Comunica\u00e7\u00e3o Organizacional; Jornalismo\/Telejornalismo\/Radiojornalismo\/T\u00e9cnicas de Edi\u00e7\u00e3o e Teoria da Comunica\u00e7\u00e3o\/Comunica\u00e7\u00e3o Popular e Comunit\u00e1ria.<br \/>\n<strong>Centro de Educa\u00e7\u00e3o, Comunica\u00e7\u00e3o e Artes &#8211; Departamento de Arte Visual:<\/strong> Arte Visual\/Ensino de Arte\/Hist\u00f3ria da Arte.<br \/>\n<strong>Centro de Educa\u00e7\u00e3o, Comunica\u00e7\u00e3o e Artes &#8211; Departamento de M\u00fasica e Teatro:<\/strong> M\u00fasica\/Educa\u00e7\u00e3o Musical.<br \/>\n<strong>Centro de Ci\u00eancias Agr\u00e1rias &#8211; Departamento de Ci\u00eancia e Tecnologia de Alimentos:<\/strong> Ci\u00eancia e Tecnologia de Alimentos\/Tecnologia de Alimentos e Ci\u00eancia e Tecnologia de Alimentos\/Engenharia de Alimentos.<br \/>\n<strong>Centro de Ci\u00eancias Agr\u00e1rias &#8211; Departamento de Agronomia:<\/strong> Fitotecnia\/Melhoramento Vegetal; Fitotecnia\/Controle de Plantas Daninhas; Fitotecnia\/Produ\u00e7\u00e3o e Tecnologia de Sementes; Solos\/Nutri\u00e7\u00e3o Mineral de Plantas; Solos\/Fertilidade de Solos; Solos\/Uso e Conserva\u00e7\u00e3o do Solo; Fitopatologia e Engenharia Rural\/Mecaniza\u00e7\u00e3o e M\u00e1quinas Agr\u00edcolas.<br \/>\n<strong>Centro de Ci\u00eancias Agr\u00e1rias &#8211; Departamento de Zootecnia:<\/strong> Zootecnia\/Produ\u00e7\u00e3o e Nutri\u00e7\u00e3o de Monog\u00e1strico.<br \/>\n<strong>Centro de Tecnologia e Urbanismo &#8211; Departamento de Engenharia El\u00e9trica:<\/strong> Engenharia El\u00e9trica\/Controle e Automa\u00e7\u00e3o; Engenharia El\u00e9trica\/Eletrot\u00e9cnica; Engenharia El\u00e9trica\/Eletr\u00f4nica e Engenharia El\u00e9trica\/Telecomunica\u00e7\u00f5es e Processamento de Sinais.<br \/>\n<strong>Centro de Educa\u00e7\u00e3o F\u00edsica e Esportes &#8211; Departamento de Estudos do Movimento Humano:<\/strong> Educa\u00e7\u00e3o F\u00edsica\/Forma\u00e7\u00e3o de Professores\/Gin\u00e1stica\/Supervis\u00e3o de Est\u00e1gio.<\/p>\n<p>O regime de trabalho ser\u00e1 de <strong>20h<\/strong> ou <strong>40 horas semanais<\/strong>, os sal\u00e1rios variam de <strong>R$ 1.705,07<\/strong> a <strong>R$ 8.870,35<\/strong>, conforme mostra o quadro de vagas a seguir:<\/p>\n<p><strong>Clique abaixo para exibir o quadro de vagas do Processo Seletivo da UEL &#8211; PR (Edital 081\/2023)<\/strong><br \/>\n<a target=\"_blank\" href=\"https:\/\/www.agrobase.com.br\/concursos\/wp-content\/uploads\/sites\/4\/2023\/06\/quadro-de-vagas-edital-081-2023-uel.pdf\" rel=\"noopener\"><img loading=\"lazy\" decoding=\"async\" src=\"https:\/\/www.agrobase.com.br\/concursos\/wp-content\/uploads\/sites\/4\/2019\/09\/quadro-de-vagas-do-processo-seletivo-da-uel-pr.png\" alt=\"Vagas Concurso Universidade Estadual de Londrina (PDF)\" width=\"570\" height=\"160\" class=\"aligncenter size-full\" \/><\/a><\/p>\n<h2>Inscri\u00e7\u00e3o<\/h2>\n<ul>\n<li><strong>Internet:<\/strong> As inscri\u00e7\u00f5es ser\u00e3o recebidas no per\u00edodo compreendido entre o dia <strong>26 de junho de 2023<\/strong> e o dia <strong>14 de julho de 2023<\/strong>, apenas on-line, pelos seguintes endere\u00e7os eletr\u00f4nico: <a href=\"http:\/\/www.uel.br\/prorh\/index.php?content=selecao\/pss\/2023\/081\/index.php\" rel=\"noopener\" target=\"_blank\">www.uel.br<\/a>.<\/li>\n<\/ul>\n<p><\/p>\n<p>Haver\u00e1 cobran\u00e7a de taxa de inscri\u00e7\u00e3o nos valores de: <strong>R$ 85,25<\/strong> at\u00e9 <strong>R$ 246,40<\/strong>.<\/p>\n<h2>Provas<\/h2>\n<p>As etapas a seguir regem o certame da UEL:<\/p>\n<ol>\n<li><strong>Prova Did\u00e1tica.<\/strong><\/li>\n<li><strong>Prova Pr\u00e1tica.<\/strong><\/li>\n<li><strong>Prova de T\u00edtulos.<\/strong><\/li>\n<\/ol>\n<p><\/p>\n<h2>Resultado<\/h2>\n<p>A divulga\u00e7\u00e3o do resultado final do Processo Seletivo Simplificado est\u00e1 prevista para o dia <strong>06 de outubro de 2023<\/strong>, ap\u00f3s as 17 horas, no site: http:\/\/www.uel.br\/prorh\/pssdoc\/ (Edital no 081\/2023).<\/p>\n","protected":false},"excerpt":{"rendered":"<p>A Universidade Estadual de Londrina (UEL &#8211; PR) abre o Processo Seletivo, que pretendendo realizar cadastro reserva de professores tempor\u00e1rios.<\/p>\n","protected":false},"author":7,"featured_media":203357,"comment_status":"open","ping_status":"open","sticky":false,"template":"","format":"standard","meta":{"_acf_changed":false,"_breakdance_hide_in_design_set":false,"_breakdance_tags":"","footnotes":""},"categories":[3,4,6,7,106,8,120,10,11,12,95,13,79,103,15,102,136,17,18,111,99,20,21,22,119,23,24,25,26,27,110,28],"tags":[52],"_amplo":[],"destaque":[],"instituicoes":[213],"class_list":["post-208407","post","type-post","status-publish","format-standard","has-post-thumbnail","hentry","category-administracao","category-agronomia","category-biologia","category-biomedicina","category-bioquimica","category-biotecnologia","category-comunicacao-social","category-direito","category-educacao-fisica","category-enfermagem","category-engenharia-agricola","category-engenharia-ambiental","category-engenharia-alimentos","category-engenharia-eletrica","category-engenharia-florestal","category-engenharia-quimica","category-estatistica","category-farmacia","category-fisioterapia","category-geografia","category-jornalismo","category-letras","category-medicina","category-veterinaria","category-musica","category-nutricao","category-odontologia","category-pedagogia","category-psicologia","category-quimica","category-relacoes-publicas","category-zootecnia","tag-parana","instituicoes-universidade-estadual-de-londrina-uel"],"acf":{"_tipo_vagas":"cadastro de reserva","_numero_vagas":"","_quadro_vagas":null,"_cargos":"professores","_cargos_especificos":"","_salario_max":"R$","_abertura":"20230626","_encerramento":"20230714","_inscricoes":"","_executora_concurso":"","_instituicao_concurso":[213],"_link_adicional":null,"_anexos":[{"_arquivo_anexo":208408,"_titulo_anexo":"Edital 081\/2023"}],"_produtos":null,"_vagas":"","_salario_min":"","_instituicao":"","_edital":"","_anexos_edital":"","_fund_incompleto":"","_fund_completo":"","_medio":"","_superior":""},"_links":{"self":[{"href":"https:\/\/www.agrobase.com.br\/concursos\/wp-json\/wp\/v2\/posts\/208407","targetHints":{"allow":["GET"]}}],"collection":[{"href":"https:\/\/www.agrobase.com.br\/concursos\/wp-json\/wp\/v2\/posts"}],"about":[{"href":"https:\/\/www.agrobase.com.br\/concursos\/wp-json\/wp\/v2\/types\/post"}],"author":[{"embeddable":true,"href":"https:\/\/www.agrobase.com.br\/concursos\/wp-json\/wp\/v2\/users\/7"}],"replies":[{"embeddable":true,"href":"https:\/\/www.agrobase.com.br\/concursos\/wp-json\/wp\/v2\/comments?post=208407"}],"version-history":[{"count":0,"href":"https:\/\/www.agrobase.com.br\/concursos\/wp-json\/wp\/v2\/posts\/208407\/revisions"}],"acf:term":[{"embeddable":true,"taxonomy":"instituicoes","href":"https:\/\/www.agrobase.com.br\/concursos\/wp-json\/wp\/v2\/instituicoes\/213"}],"wp:featuredmedia":[{"embeddable":true,"href":"https:\/\/www.agrobase.com.br\/concursos\/wp-json\/wp\/v2\/media\/203357"}],"wp:attachment":[{"href":"https:\/\/www.agrobase.com.br\/concursos\/wp-json\/wp\/v2\/media?parent=208407"}],"wp:term":[{"taxonomy":"category","embeddable":true,"href":"https:\/\/www.agrobase.com.br\/concursos\/wp-json\/wp\/v2\/categories?post=208407"},{"taxonomy":"post_tag","embeddable":true,"href":"https:\/\/www.agrobase.com.br\/concursos\/wp-json\/wp\/v2\/tags?post=208407"},{"taxonomy":"_amplo","embeddable":true,"href":"https:\/\/www.agrobase.com.br\/concursos\/wp-json\/wp\/v2\/_amplo?post=208407"},{"taxonomy":"destaque","embeddable":true,"href":"https:\/\/www.agrobase.com.br\/concursos\/wp-json\/wp\/v2\/destaque?post=208407"},{"taxonomy":"instituicoes","embeddable":true,"href":"https:\/\/www.agrobase.com.br\/concursos\/wp-json\/wp\/v2\/instituicoes?post=208407"}],"curies":[{"name":"wp","href":"https:\/\/api.w.org\/{rel}","templated":true}]}}